{"id":8749,"date":"2015-01-15T21:32:36","date_gmt":"2015-01-15T19:32:36","guid":{"rendered":"http:\/\/semndecarte.metarsis.ro\/?p=8749"},"modified":"2015-01-15T21:32:36","modified_gmt":"2015-01-15T19:32:36","slug":"ziua-culturii-nationale-2","status":"publish","type":"post","link":"https:\/\/semndecarte.metarsis.ro\/?p=8749","title":{"rendered":"Ziua Culturii Na\u0163ionale"},"content":{"rendered":"<p style=\"text-align: justify;\"><strong><a href=\"http:\/\/semndecarte.metarsis.ro\/wp-content\/uploads\/2015\/01\/1a.jpg\" rel=\"lightbox[8749]\"><img loading=\"lazy\" class=\"alignleft size-full wp-image-8762\" src=\"http:\/\/semndecarte.metarsis.ro\/wp-content\/uploads\/2015\/01\/1a.jpg\" alt=\"1a\" width=\"520\" height=\"269\" srcset=\"https:\/\/semndecarte.metarsis.ro\/wp-content\/uploads\/2015\/01\/1a.jpg 520w, https:\/\/semndecarte.metarsis.ro\/wp-content\/uploads\/2015\/01\/1a-160x82.jpg 160w, https:\/\/semndecarte.metarsis.ro\/wp-content\/uploads\/2015\/01\/1a-163x84.jpg 163w\" sizes=\"(max-width: 520px) 100vw, 520px\" \/><\/a>&#8222;Dor de Eminescu\u201d<\/strong><\/p>\n<p style=\"text-align: justify;\">\u00cen fiecare zi de 15 ianuarie, mai mult ca oric\u00e2nd, ne cuprinde un dor de Eminescu pe care sim\u021bim nevoia s\u0103-l \u00eemp\u0103rt\u0103\u0219im cu ceilal\u021bi ca omagiu adus\u00a0<em>Poetului nepereche<\/em>, Din 2011, c\u00e2nd,\u00a0 pentru prima dat\u0103, ziua na\u015fterii poetuluii s-a s\u0103rb\u0103torit ca <em>Ziua Culturii Na\u0163ionale<\/em>, libr\u0103ria Semn de Carte este \u201easaltat\u0103\u201c de\u00a0copii purtatori de cocarde cu chipul poetului nostru na\u021bional. Anul acesta dou\u0103 clase de la \u0218coala Gimnazial\u0103 nr. 2 din Re\u0219i\u021ba: a II-a A, coordonator prof. Mariana Brebenariu \u0219i a II-a B, coordonator prof. Maria Ciontu, dup\u0103 ce au urm\u0103rit proiec\u0163ia unui film documentar au adus \u201cDor de Eminescu\u201d \u00een poezii, \u00een c\u00e2ntece \u0219i \u00een dou\u0103 montaje literare sus\u021binute, toate,\u00a0cu v\u0103dit\u0103 emo\u0163ie. <!--more-->De la \u201cC\u00e2nd spui Eminescu, spui limba rom\u00e2n\u0103 \/ C\u00e2nd spui Eminescu, spui iubire\u201d\u00a0la ultimele versuri recitate de copii\u00a0\u201c\u0218i nu l\u0103sa s\u0103 piar\u0103\/ Nici r\u00e2ul \u0219i nici ramul\/ Nici codrul \u0219i nici teiul- C\u0103ci astea ne sunt NEAMUL\u201d \u00eentregul eveniment s-a constituit \u00eentr-o remarcabil\u0103 lec\u021bie\u00a0de identitate na\u021bionala prin cultur\u0103.\u00a0\u201cPentru noi, Eminescu nu e numai cel mai mare poet al nostru \u015fi cel mai str\u0103lucit geniu pe care l-a z\u0103mislit p\u0103m\u00e2ntul, apele \u015fi cerul rom\u00e2nesc. El este, \u00eentr-un anumit fel, \u00eentruparea \u00eens\u0103\u015fi a acestui cer \u015fi a acestui p\u0103m\u00e2nt, cu toate frumuse\u0163ile, durerile \u015fi n\u0103dejdile crescute din ele. Noi cei de aici, rup\u0163i de p\u0103m\u00e2nt \u015fi de neam, reg\u0103sim \u00een tot ce-am l\u0103sat \u00een urm\u0103, de la v\u0103zduhul mun\u0163ilor no\u015ftri \u015fi de la melancolia m\u0103rii noastre, p\u00e2n\u0103 la cerul nop\u0163ii rom\u00e2ne\u015fti \u015fi teiul \u00eenflorit al copil\u0103riei noastre. Recitindu-l pe Eminescu, ne re\u00eentoarcem ca \u00eentr-un dulce somn, la noi acas\u0103. \u00centreg Universul nostru \u00eel avem \u00een aceste c\u00e2teva zeci de pagini pe care o m\u00e2n\u0103 harnic\u0103 le-a tip\u0103rit \u015fi le \u00eemparte ast\u0103zi \u00een cele patru col\u0163uri ale lumii, peste tot unde ne-a \u00eempr\u0103\u015ftiat pribegia. P\u0103stra\u0163i-le bine; este tot ce ne-a mai r\u0103mas ne\u00eentinat din apele, din cerul \u015fi din p\u0103m\u00e2ntul nostru rom\u00e2nesc. (Mircea Eliade \u2013 Paris, septembrie 1949, \u00a0Comentarii oprite)<\/p>\n<p style=\"text-align: justify;\"><a href=\"http:\/\/semndecarte.metarsis.ro\/wp-content\/uploads\/2015\/01\/10.jpg\" rel=\"lightbox[8749]\"><img loading=\"lazy\" class=\"alignleft size-thumbnail wp-image-8760\" src=\"http:\/\/semndecarte.metarsis.ro\/wp-content\/uploads\/2015\/01\/10-95x95.jpg\" alt=\"10\" width=\"95\" height=\"95\" \/><\/a><a href=\"http:\/\/semndecarte.metarsis.ro\/wp-content\/uploads\/2015\/01\/9.jpg\" rel=\"lightbox[8749]\"><img loading=\"lazy\" class=\"alignleft size-thumbnail wp-image-8759\" src=\"http:\/\/semndecarte.metarsis.ro\/wp-content\/uploads\/2015\/01\/9-95x95.jpg\" alt=\"9\" width=\"95\" height=\"95\" \/><\/a><a href=\"http:\/\/semndecarte.metarsis.ro\/wp-content\/uploads\/2015\/01\/8.jpg\" rel=\"lightbox[8749]\"><img loading=\"lazy\" class=\"alignleft size-thumbnail wp-image-8758\" src=\"http:\/\/semndecarte.metarsis.ro\/wp-content\/uploads\/2015\/01\/8-95x95.jpg\" alt=\"8\" width=\"95\" height=\"95\" \/><\/a><a href=\"http:\/\/semndecarte.metarsis.ro\/wp-content\/uploads\/2015\/01\/7.jpg\" rel=\"lightbox[8749]\"><img loading=\"lazy\" class=\"alignleft size-thumbnail wp-image-8757\" src=\"http:\/\/semndecarte.metarsis.ro\/wp-content\/uploads\/2015\/01\/7-95x95.jpg\" alt=\"7\" width=\"95\" height=\"95\" \/><\/a><a href=\"http:\/\/semndecarte.metarsis.ro\/wp-content\/uploads\/2015\/01\/6.jpg\" rel=\"lightbox[8749]\"><img loading=\"lazy\" class=\"alignleft size-thumbnail wp-image-8756\" src=\"http:\/\/semndecarte.metarsis.ro\/wp-content\/uploads\/2015\/01\/6-95x95.jpg\" alt=\"6\" width=\"95\" height=\"95\" \/><\/a><a href=\"http:\/\/semndecarte.metarsis.ro\/wp-content\/uploads\/2015\/01\/5.jpg\" rel=\"lightbox[8749]\"><img loading=\"lazy\" class=\"alignleft size-thumbnail wp-image-8755\" src=\"http:\/\/semndecarte.metarsis.ro\/wp-content\/uploads\/2015\/01\/5-95x95.jpg\" alt=\"5\" width=\"95\" height=\"95\" \/><\/a><a href=\"http:\/\/semndecarte.metarsis.ro\/wp-content\/uploads\/2015\/01\/3.jpg\" rel=\"lightbox[8749]\"><img loading=\"lazy\" class=\"alignleft size-thumbnail wp-image-8754\" src=\"http:\/\/semndecarte.metarsis.ro\/wp-content\/uploads\/2015\/01\/3-95x95.jpg\" alt=\"3\" width=\"95\" height=\"95\" \/><\/a><a href=\"http:\/\/semndecarte.metarsis.ro\/wp-content\/uploads\/2015\/01\/2.jpg\" rel=\"lightbox[8749]\"><img loading=\"lazy\" class=\"alignleft size-thumbnail wp-image-8753\" src=\"http:\/\/semndecarte.metarsis.ro\/wp-content\/uploads\/2015\/01\/2-95x95.jpg\" alt=\"2\" width=\"95\" height=\"95\" \/><\/a><a href=\"http:\/\/semndecarte.metarsis.ro\/wp-content\/uploads\/2015\/01\/1.jpg\" rel=\"lightbox[8749]\"><img loading=\"lazy\" class=\"alignleft size-thumbnail wp-image-8752\" src=\"http:\/\/semndecarte.metarsis.ro\/wp-content\/uploads\/2015\/01\/1-95x95.jpg\" alt=\"1\" width=\"95\" height=\"95\" \/><\/a><a href=\"http:\/\/semndecarte.metarsis.ro\/wp-content\/uploads\/2015\/01\/1.jpg\" rel=\"lightbox[8749]\"><img loading=\"lazy\" class=\"alignleft size-thumbnail wp-image-8752\" src=\"http:\/\/semndecarte.metarsis.ro\/wp-content\/uploads\/2015\/01\/1-95x95.jpg\" alt=\"1\" width=\"95\" height=\"95\" \/><\/a><\/p>\n<p style=\"text-align: justify;\">\n","protected":false},"excerpt":{"rendered":"<p>\u00cen fiecare zi de 15 ianuarie, mai mult ca oric\u00e2nd, ne cuprinde un dor de Eminescu pe care sim\u021bim nevoia s\u0103-l \u00eemp\u0103rt\u0103\u0219im cu ceilal\u021bi ca omagiu adus Poetului nepereche, Din 2011, c\u00e2nd,  pentru prima dat\u0103, ziua na\u015fterii poetuluii s-a s\u0103rb\u0103torit ca Ziua Culturii Na\u0163ionale, libr\u0103ria Semn de Carte este \u201easaltat\u0103\u201c de copii purtatori de cocarde cu chipul poetului nostru na\u021bional. Anul acesta dou\u0103 clase de la \u0218coala Gimnazial\u0103 nr. 2 din Re\u0219i\u021ba: a II-a A, coordonator prof. Mariana Brebenariu \u0219i a II-a B, coordonator prof. Maria Ciontu, dup\u0103 ce au urm\u0103rit proiec\u0163ia unui film documentar au adus \u201cDor de Eminescu\u201d \u00een poezii, \u00een c\u00e2ntece \u0219i \u00een dou\u0103 montaje literare sus\u021binute, toate, cu v\u0103dit\u0103 emo\u0163ie.<\/p>\n","protected":false},"author":1,"featured_media":0,"comment_status":"open","ping_status":"open","sticky":false,"template":"","format":"standard","meta":[],"categories":[7],"tags":[412,372],"_links":{"self":[{"href":"https:\/\/semndecarte.metarsis.ro\/index.php?rest_route=\/wp\/v2\/posts\/8749"}],"collection":[{"href":"https:\/\/semndecarte.metarsis.ro\/index.php?rest_route=\/wp\/v2\/posts"}],"about":[{"href":"https:\/\/semndecarte.metarsis.ro\/index.php?rest_route=\/wp\/v2\/types\/post"}],"author":[{"embeddable":true,"href":"https:\/\/semndecarte.metarsis.ro\/index.php?rest_route=\/wp\/v2\/users\/1"}],"replies":[{"embeddable":true,"href":"https:\/\/semndecarte.metarsis.ro\/index.php?rest_route=%2Fwp%2Fv2%2Fcomments&post=8749"}],"version-history":[{"count":0,"href":"https:\/\/semndecarte.metarsis.ro\/index.php?rest_route=\/wp\/v2\/posts\/8749\/revisions"}],"wp:attachment":[{"href":"https:\/\/semndecarte.metarsis.ro\/index.php?rest_route=%2Fwp%2Fv2%2Fmedia&parent=8749"}],"wp:term":[{"taxonomy":"category","embeddable":true,"href":"https:\/\/semndecarte.metarsis.ro\/index.php?rest_route=%2Fwp%2Fv2%2Fcategories&post=8749"},{"taxonomy":"post_tag","embeddable":true,"href":"https:\/\/semndecarte.metarsis.ro\/index.php?rest_route=%2Fwp%2Fv2%2Ftags&post=8749"}],"curies":[{"name":"wp","href":"https:\/\/api.w.org\/{rel}","templated":true}]}}