{"id":8744,"date":"2014-12-19T17:30:46","date_gmt":"2014-12-19T15:30:46","guid":{"rendered":"http:\/\/semndecarte.metarsis.ro\/?p=8744"},"modified":"2014-12-19T17:30:46","modified_gmt":"2014-12-19T15:30:46","slug":"dar-din-dar-se-face-rai","status":"publish","type":"post","link":"https:\/\/semndecarte.metarsis.ro\/?p=8744","title":{"rendered":"Dar din dar se face Rai"},"content":{"rendered":"<p style=\"text-align: justify;\"><a href=\"http:\/\/semndecarte.metarsis.ro\/wp-content\/uploads\/2014\/12\/cop22.jpg\" rel=\"lightbox[8744]\"><img loading=\"lazy\" class=\"alignleft size-full wp-image-8746\" src=\"http:\/\/semndecarte.metarsis.ro\/wp-content\/uploads\/2014\/12\/cop22.jpg\" alt=\"cop2\" width=\"519\" height=\"232\" srcset=\"https:\/\/semndecarte.metarsis.ro\/wp-content\/uploads\/2014\/12\/cop22.jpg 519w, https:\/\/semndecarte.metarsis.ro\/wp-content\/uploads\/2014\/12\/cop22-160x71.jpg 160w, https:\/\/semndecarte.metarsis.ro\/wp-content\/uploads\/2014\/12\/cop22-163x72.jpg 163w\" sizes=\"(max-width: 519px) 100vw, 519px\" \/><\/a>Duminic\u0103, 21 decembrie 2014, de la orele 19:00, sala LIRA a Liceului de Arte SABIN P\u0102UTZA din Re\u0219i\u021ba va g\u0103zdui Concertul Caritabil DAR DIN DAR SE FACE RAI.<\/p>\n<p style=\"text-align: justify;\">Cea mai important\u0103 s\u0103rb\u0103toare cre\u0219tin\u0103, a\u0219teptat\u0103 cu bucurie este, \u00een primul r\u00e2nd, o s\u0103rb\u0103toare emo\u021bional\u0103 care reune\u0219te, \u00een jurul bradului, \u00eentreaga familie. CR\u0102CIUNUL ne \u00eenvit\u0103 s\u0103 redescoperim, an de an, lumina din noi, s\u0103 o \u00eemp\u0103rta\u0219im cu familia \u0219i prietenii no\u0219tri.<\/p>\n<p style=\"text-align: justify;\">To\u021bi trecem, mai devreme sau mai t\u00e2rziu, prin perioade\u00a0dificile. Fie c\u0103 pierdem o fiin\u021b\u0103 drag\u0103, fie c\u0103 suntem greu \u00eencerca\u021bi,\u00a0ne \u00eensingur\u0103m, devenim tri\u0219ti. Atunci, un z\u00e2mbet \u015fi o m\u00e2n\u0103 \u00eentins\u0103, pot s\u0103 aduc\u0103 lumin\u0103 \u00een sufletul nostru.<\/p>\n<p style=\"text-align: justify;\">Veni\u021bi la Concertul Caritabil cu un cadou pentru un seam\u0103n aflat \u00een dificultate.<!--more--><\/p>\n<p style=\"text-align: justify;\">Spune\u021bi-ne, dac\u0103 sti\u021bi, persoane \u00eensingurate de Cr\u0103ciun.\u00a0Sau bolnave, sau triste. Vom \u00eencerca s\u0103 le alungam din triste\u021be, fiindu-le al\u0103turi, pentru c\u0103 nimeni nu ar trebui s\u0103 fie singur de Cr\u0103ciun.\u00a0Dar din dar, cu ajutorul D-vs, se va face Rai.<\/p>\n<p style=\"text-align: justify;\">Vor colinda: Corul MENESRTELUL al Palatului Copiilor, dirijor prof. Adriana Ponoran, Grupul \u0219i Corul ALLEGRETTO ale Liceului de Arte, locul I pe \u021bar\u0103 \u00een 2014, dirijor prof. Ema Moldovan, prof. Adelina Bilan, Orchestra simfonic\u0103 a Liceului de Arte, dirijor prof. Ani\u021ba Str\u00e2mbu, directorul institu\u021biei\u00a0\u015fi Corul PROTOPOPIATULUI Re\u0219i\u021ba, dirijor preot Ionu\u021b Irinel Dinu.<\/p>\n<p style=\"text-align: justify;\">Invita\u021bi speciali: \u00a0prof.dr. Sabin P\u0103u\u021ba \u015fi P.O. p\u0103rinte protopop Petru Berbentia<\/p>\n<p style=\"text-align: justify;\">Eveniment organizat de METARSIS- activit\u0103\u021bi \u0219i servicii de cultur\u0103 urban\u0103 \u0219i art\u0103 contemporan\u0103 cu sprijinul Primariei Re\u0219i\u021ba, al Liceului de Arte SABIN P\u0102UTZA, ROTARY CLUB RE\u015eI\u0162A 1, LIONS CLUB ONIX RESITA, PIPERIU PUBLICA\u021aII.<\/p>\n","protected":false},"excerpt":{"rendered":"<p>Duminic\u0103, 21 decembrie 2014, de la orele 19:00, sala LIRA a Liceului de Arte SABIN P\u0102UTZA din Re\u0219i\u021ba va g\u0103zdui Concertul Caritabil DAR DIN DAR SE FACE RAI.<\/p>\n<p>Cea mai important\u0103 s\u0103rb\u0103toare cre\u0219tin\u0103, a\u0219teptat\u0103 cu bucurie este, \u00een primul r\u00e2nd, o s\u0103rb\u0103toare emo\u021bional\u0103 care reune\u0219te, \u00een jurul bradului, \u00eentreaga familie. CR\u0102CIUNUL ne \u00eenvit\u0103 s\u0103 redescoperim, an de an, lumina din noi, s\u0103 o \u00eemp\u0103rta\u0219im cu familia \u0219i prietenii no\u0219tri.<\/p>\n","protected":false},"author":1,"featured_media":0,"comment_status":"open","ping_status":"open","sticky":false,"template":"","format":"standard","meta":[],"categories":[3],"tags":[257],"_links":{"self":[{"href":"https:\/\/semndecarte.metarsis.ro\/index.php?rest_route=\/wp\/v2\/posts\/8744"}],"collection":[{"href":"https:\/\/semndecarte.metarsis.ro\/index.php?rest_route=\/wp\/v2\/posts"}],"about":[{"href":"https:\/\/semndecarte.metarsis.ro\/index.php?rest_route=\/wp\/v2\/types\/post"}],"author":[{"embeddable":true,"href":"https:\/\/semndecarte.metarsis.ro\/index.php?rest_route=\/wp\/v2\/users\/1"}],"replies":[{"embeddable":true,"href":"https:\/\/semndecarte.metarsis.ro\/index.php?rest_route=%2Fwp%2Fv2%2Fcomments&post=8744"}],"version-history":[{"count":0,"href":"https:\/\/semndecarte.metarsis.ro\/index.php?rest_route=\/wp\/v2\/posts\/8744\/revisions"}],"wp:attachment":[{"href":"https:\/\/semndecarte.metarsis.ro\/index.php?rest_route=%2Fwp%2Fv2%2Fmedia&parent=8744"}],"wp:term":[{"taxonomy":"category","embeddable":true,"href":"https:\/\/semndecarte.metarsis.ro\/index.php?rest_route=%2Fwp%2Fv2%2Fcategories&post=8744"},{"taxonomy":"post_tag","embeddable":true,"href":"https:\/\/semndecarte.metarsis.ro\/index.php?rest_route=%2Fwp%2Fv2%2Ftags&post=8744"}],"curies":[{"name":"wp","href":"https:\/\/api.w.org\/{rel}","templated":true}]}}