{"id":8712,"date":"2014-11-30T19:35:57","date_gmt":"2014-11-30T17:35:57","guid":{"rendered":"http:\/\/semndecarte.metarsis.ro\/?p=8712"},"modified":"2014-11-30T19:35:57","modified_gmt":"2014-11-30T17:35:57","slug":"zbor-in-3","status":"publish","type":"post","link":"https:\/\/semndecarte.metarsis.ro\/?p=8712","title":{"rendered":"Zbor \u00een 3"},"content":{"rendered":"<p style=\"text-align: justify;\"><a href=\"http:\/\/semndecarte.metarsis.ro\/wp-content\/uploads\/2014\/11\/21.jpg\" rel=\"lightbox[8712]\"><img loading=\"lazy\" class=\"alignleft size-full wp-image-8727\" src=\"http:\/\/semndecarte.metarsis.ro\/wp-content\/uploads\/2014\/11\/21.jpg\" alt=\"Lansare de carte\" width=\"520\" height=\"200\" srcset=\"https:\/\/semndecarte.metarsis.ro\/wp-content\/uploads\/2014\/11\/21.jpg 520w, https:\/\/semndecarte.metarsis.ro\/wp-content\/uploads\/2014\/11\/21-160x61.jpg 160w, https:\/\/semndecarte.metarsis.ro\/wp-content\/uploads\/2014\/11\/21-163x62.jpg 163w\" sizes=\"(max-width: 520px) 100vw, 520px\" \/><\/a>\u00cent\u00e2lnirea de joi,13 noiembrie 2014, de la Semn de Carte a fost un dialog poezie-muzic\u0103. \u00cen ceain\u0103ria libr\u0103riei s-a lansat ultimul volum colectiv de versuri semnat Emil Sergiu Varga, Lorin Cimponeriu \u0219i Nana Ileana Filip.<!--more--><\/p>\n<p style=\"text-align: justify;\">Poetul\u00a0Nicolae S\u00e2rbu, cel care le-a mai prezentat la Timi\u0219oara anul acesta volumul \u201cCuvinte pe cor\u0103bii\u201d, la Re\u0219i\u021ba \u00een iulie, \u201cTrilogia iubirii\u201d iar \u00een august 2014 volumul semnat Cimponeriu-Filip \u201cTestamentul iubirii\u201d, \u00a0a afirmat despre cei trei \u00a0autori c\u0103 sunt \u201ctineri, \u00eendr\u0103gosti\u021bi, dezinvol\u021bi, prolifici\u201d, \u00a0\u00eentreb\u00e2ndu-se retoric \u00a0\u201cdac\u0103 e bine sau nu s\u0103 scriem at\u00e2ta, s\u0103 public\u0103m tot ce scriem men\u021bion\u00e2nd locul \u0219i ora- uneori secundele- mereu, unele poezii fiind scrise \u00een tandem prin SMS <a href=\"http:\/\/semndecarte.metarsis.ro\/wp-content\/uploads\/2014\/11\/31.jpg\" rel=\"lightbox[8712]\"><img loading=\"lazy\" class=\"alignleft size-full wp-image-8728\" src=\"http:\/\/semndecarte.metarsis.ro\/wp-content\/uploads\/2014\/11\/31.jpg\" alt=\"Nicolae Sarbu, Gheorghe Jurma si autorii\" width=\"520\" height=\"201\" srcset=\"https:\/\/semndecarte.metarsis.ro\/wp-content\/uploads\/2014\/11\/31.jpg 520w, https:\/\/semndecarte.metarsis.ro\/wp-content\/uploads\/2014\/11\/31-160x61.jpg 160w, https:\/\/semndecarte.metarsis.ro\/wp-content\/uploads\/2014\/11\/31-163x63.jpg 163w\" sizes=\"(max-width: 520px) 100vw, 520px\" \/><\/a>sau prin telefon\u201d. Pe preotul din acest inedit trio, Emil Sergiu Varga, Nicolae S\u00e2rbu l-a caracterizat \u201dmeditativ pe motive biblice sau universale gen\u00a0<em>Carpe Diem<\/em>&#8230;<em>\u00a0<\/em>cu un vers clasic \u00een mare parte bine realizat, poet bun dar \u00eengropat, \u0219i el, \u00een propria maculatur\u0103\u201d. Despre Nana Ileana Filip, femeia \u00een uniform\u0103 MAI din acest trio poetic, absolvent\u0103 de drept \u0219i filologie, poetul Nicolae S\u00e2rbu a spus\u201d scrie o poezie simpl\u0103, direct\u0103, matern\u0103 dar \u0219i de amant\u0103\u2026 Lumea \u00eei vrea r\u0103ul, ea \u00ee\u0219i iube\u0219te \u00eengera\u0219ul \u0219i amantul\u2026 Rela\u021bia mam\u0103-femeie fiind reluat\u0103 de Lorin: \u00a0<em>Sper\u0103m s\u0103 d\u0103m opere de valoare<\/em>\u00a0\u0219i\u00a0<em>Nu ne mai critica\u021bi, ci numai ne accepta\u021bi<\/em>.\u201c \u00a0Nicolae S\u00e2rbu despre Lorin Cimponeriu- istoricul specializat \u00een muzeografie- \u201ceste o experien\u021b\u0103 liric\u0103, un iure\u0219 al inspira\u021biei, acum \u00eencerc\u00e2nd s\u0103 se acordeze la poeta-iubit\u0103. Din mul\u021bimea textelor, aleg c\u00e2teva sclipitoare \u0219i profunde metafore &lt;p\u0103stori \u00eemi urc\u0103 cenu\u0219a la deal&gt;, &lt;e\u0219ti ca o binecuvantare \u00een trup pustiu\u201d, &lt;nu \u00een\u021belegeam marea din ochii t\u0103i&gt;,&lt;frunzele se scutur\u0103 ca o nunt\u0103&gt;, &lt;trupul merge \u00een urma mea ca un front&gt;, &lt;z\u00e2mbetul love\u0219te s\u0103geata&gt; dar \u0219i sc\u0103deri nea\u0219teptate. \u0218i la Lorin \u0219i la Nana reg\u0103sim rug\u0103ciuni simple dar \u0219i versuri comune, gen &lt;\u00een fiecare piatr\u0103 este iubire&gt;.\u00a0 Volumul\u00a0<em>Zbor spre nemurire<\/em>\u00a0\u00a0merit\u0103 sus\u021binere cu toate ca eu cred \u00een altfel de poezie\u201d.<\/p>\n<p style=\"text-align: justify;\"><a href=\"http:\/\/semndecarte.metarsis.ro\/wp-content\/uploads\/2014\/11\/5.jpg\" rel=\"lightbox[8712]\"><img loading=\"lazy\" class=\"alignleft size-full wp-image-8724\" src=\"http:\/\/semndecarte.metarsis.ro\/wp-content\/uploads\/2014\/11\/5.jpg\" alt=\"Gheorghe Jurma, Lorin Cimponeriu, Emil Sergiu Varga \" width=\"520\" height=\"200\" srcset=\"https:\/\/semndecarte.metarsis.ro\/wp-content\/uploads\/2014\/11\/5.jpg 520w, https:\/\/semndecarte.metarsis.ro\/wp-content\/uploads\/2014\/11\/5-160x61.jpg 160w, https:\/\/semndecarte.metarsis.ro\/wp-content\/uploads\/2014\/11\/5-163x62.jpg 163w\" sizes=\"(max-width: 520px) 100vw, 520px\" \/><\/a>Prezent la \u00eent\u00e2lnire criticul, editorul \u0219i eminescologul Gheorghe Jurma a spus, printre altele \u201d\u00cemi \u00eeng\u0103dui c\u00e2teva generalit\u0103\u021bi: de\u0219i am fost invitat aici de multe\u00a0ori \u0219i tot de multe ori am declarat public c\u0103 nu \u0219tiu ce este poezia, organizatorii continu\u0103 s\u0103 m\u0103 invite; dup\u0103 at\u00e2ta experien\u021b\u0103 (Gheorghe Jurma fiind conducatorul Cenaclului SEMENICUL de ani buni) pot jura c\u0103 nu \u0219tiu ce este poezia\u2026 teoretic lucrurile sunt foarte complicate iar practic \u0219i mai \u0219i\u2026 Poezia este definit\u0103 \u00een manualele \u0219colare dar eu tot \u00eencerc s\u0103 definsc poezia \u0219i nu reu\u0219esc. Ce pot constata, \u00eens\u0103, este c\u0103 exist\u0103 ni\u0219te grade ale poeziei, ni\u0219te posibilit\u0103\u021bi de verificare ale poeticit\u0103\u021bii, care ne pot l\u0103muri dac\u0103 un text este poezie\u2026 Primul nivel este cel al epitetelor pentru c\u0103 orice cuv\u00e2nt \u00ee\u0219i poate ad\u0103uga un epitet: &lt;iarba verde&gt;- nu conteaz\u0103 de unde- este, \u00een principiu, verde, prin urmare, epitetul nu este poetic; dac\u0103 ai spune &lt;iarba albastr\u0103&gt; deja s-ar apropia de poezie fiind altceva dec\u00e2t asocierile comune\u2026 Exist\u0103 o raportare a limbajului normal\u00a0la limbajul poetic-sau invers. \u00centotdeuna se face o delimitare. Exist\u0103 trepte. Prima ar fi epitetul, a doua treapt\u0103 nivelul compara\u021biilor. Lorin Cimponeriu se afla la nivelul compara\u021biilor. A treia treapt\u0103 sau nivel \u00a0este metafora- pe care nu le-am prea descoperit \u00een sensul teoriei literare sau \u00een sensul personaliz\u0103rii, \u00een sensul individualiz\u0103rii autorilor respectivi, metafore care s\u0103 defineasc\u0103 limba poetic\u0103. Nivelul cel mai \u00eenalt, mai profund, este cel al mitului dar acolo nu ajung dec\u00e2t cei ce-\u0219i contureaz\u0103 individualitatea\u00a0nu doar \u00een sensul stilisticii ci care, prin viziune, prin idei, prin raportare la marea cultur\u0103 a omenirii se aseaz\u0103 \u00eentr-un punct \u00een care nu exist\u0103 altcineva&#8230; \u00cen \u201cZbor spre nemurire\u201d sunt \u0219i \u0219ase poezii scrise \u00een aceea\u0219i zi de Lorin Cimponeriu, a\u0219a cum remarca Nicolae S\u00e2rbu\u2026 \u00a0A\u0219 cita \u201cMi-e dor de tine\u201d construit\u0103, din punct de vedere stilistic pe repeti\u021bie \u0219i compara\u0163ie (Mi-e dor de tine\/ cum p\u0103s\u0103rilor de zbor\/ cum lacului de nuferi\u2026) denot\u0103 simplitate\u2026 Dar cum la orice lansare de carte nu se fac analize stilistice sofisticate, discu\u021bii de cenaclu \u0219i teorii, salut\u0103m o carte \u0219i pe autori\u2026\u201d<\/p>\n<p>Au mai vorbit realizatorul de emisiuni TV Valentin Homescu, profesorul universitar Ion Vela \u0219i Gheorghe Oniga (Lugoj).<\/p>\n<p style=\"text-align: justify;\"><a href=\"http:\/\/semndecarte.metarsis.ro\/wp-content\/uploads\/2014\/11\/4.jpg\" rel=\"lightbox[8712]\"><img loading=\"lazy\" class=\"alignleft size-full wp-image-8729\" src=\"http:\/\/semndecarte.metarsis.ro\/wp-content\/uploads\/2014\/11\/4.jpg\" alt=\"Vasile Gondoci\" width=\"519\" height=\"200\" srcset=\"https:\/\/semndecarte.metarsis.ro\/wp-content\/uploads\/2014\/11\/4.jpg 519w, https:\/\/semndecarte.metarsis.ro\/wp-content\/uploads\/2014\/11\/4-160x61.jpg 160w, https:\/\/semndecarte.metarsis.ro\/wp-content\/uploads\/2014\/11\/4-163x62.jpg 163w\" sizes=\"(max-width: 519px) 100vw, 519px\" \/><\/a>Doi dintre cei trei autori, preotul Emil Sergiu Varga \u0219i istoricul Lorin Cimponeriu- partea feminina din trio, angajat\u0103 fiind a MAI a fost\u00a0<em>de servici<\/em>\u00a0-au citit versuri \u00eentr-un dialog deschis cu invitatul serii cantautorul\u00a0Vasile Gondoci\u00a0(Lugoj) \u0219i chitara sa. Am ascultat, printre altele,\u00a0<em>Imnul Lugojului<\/em>,\u00a0<em>Inserare<\/em>\u00a0pe versurile Zoric\u0103i Lascu Teodosia,\u00a0<em>\u00cen via\u0163\u0103<\/em>,\u00a0<em>o<\/em>\u00a0<em>singur\u0103 dat\u0103<\/em>\u00a0pe versurile poetului Dumitru Dumitric\u0103.<\/p>\n<p style=\"text-align: justify;\">Seara de muzic\u0103 \u0219i poezie s-a \u00eencheiat cu un minirecital a doi tineri re\u0219iteni Marius Chivu \u0219i Bogdan Lolescu, doi liceeni frumo\u0219i de la\u00a0<em>Colegiul Na\u021bional Traian Lalescu<\/em>\u00a0\u00a0care au c\u00e2ntat la pian \u0219i voce, \u00eempreun\u0103 cu preotul Emil Sergiu Varga imnuri \u00eenv\u0103\u021bate \u00een tab\u0103ra ecumenic\u0103 din Italia-2014, ziua de 13 noiembrie fiind, \u00een calendarul interna\u021bional, declarat\u0103 Ziua Bibliei.<\/p>\n<p style=\"text-align: justify;\"><a href=\"http:\/\/semndecarte.metarsis.ro\/wp-content\/uploads\/2014\/11\/11.jpg\" rel=\"lightbox[8712]\"><img loading=\"lazy\" class=\"alignleft size-full wp-image-8726\" src=\"http:\/\/semndecarte.metarsis.ro\/wp-content\/uploads\/2014\/11\/11.jpg\" alt=\"Lansare de carte\" width=\"520\" height=\"200\" srcset=\"https:\/\/semndecarte.metarsis.ro\/wp-content\/uploads\/2014\/11\/11.jpg 520w, https:\/\/semndecarte.metarsis.ro\/wp-content\/uploads\/2014\/11\/11-160x61.jpg 160w, https:\/\/semndecarte.metarsis.ro\/wp-content\/uploads\/2014\/11\/11-163x62.jpg 163w\" sizes=\"(max-width: 520px) 100vw, 520px\" \/><\/a>O sear\u0103 de toamn\u0103 rece- afar\u0103 dar cald\u0103 \u00een sufletele celor prezen\u021bi, b\u0103taie de aripi \u00eentr-un \u201cZbor spre nemurire\u201d, sub semnul celui mai profund \u0219i nobil sentiment- iubirea. \u201cC\u00e2nd iube\u0219ti, descoperi \u00een tine o neb\u0103nuit\u0103 bog\u0103\u021bie de tandre\u021be \u0219i duio\u0219ie \u0219i nici nu-\u021bi vine s\u0103 crezi c\u0103 e\u0219ti \u00een stare de o astfel de dragoste\u201d (A.P.Cehov).<\/p>\n<p style=\"text-align: justify;\">Eveniment organizat de METARSIS- activit\u0103\u021bi \u0219i servicii de cultur\u0103 urban\u0103 \u0219i art\u0103 prin libr\u0103ria Semn de Carte.<\/p>\n","protected":false},"excerpt":{"rendered":"<p>\u00cent\u00e2lnirea de joi,13 noiembrie 2014, de la Semn de Carte a fost un dialog poezie-muzic\u0103. \u00cen ceain\u0103ria libr\u0103riei s-a lansat ultimul volum colectiv de versuri semnat Emil Sergiu Varga, Lorin Cimponeriu \u0219i Nana Ileana Filip.<\/p>\n","protected":false},"author":1,"featured_media":0,"comment_status":"open","ping_status":"open","sticky":false,"template":"","format":"standard","meta":[],"categories":[7],"tags":[346],"_links":{"self":[{"href":"https:\/\/semndecarte.metarsis.ro\/index.php?rest_route=\/wp\/v2\/posts\/8712"}],"collection":[{"href":"https:\/\/semndecarte.metarsis.ro\/index.php?rest_route=\/wp\/v2\/posts"}],"about":[{"href":"https:\/\/semndecarte.metarsis.ro\/index.php?rest_route=\/wp\/v2\/types\/post"}],"author":[{"embeddable":true,"href":"https:\/\/semndecarte.metarsis.ro\/index.php?rest_route=\/wp\/v2\/users\/1"}],"replies":[{"embeddable":true,"href":"https:\/\/semndecarte.metarsis.ro\/index.php?rest_route=%2Fwp%2Fv2%2Fcomments&post=8712"}],"version-history":[{"count":0,"href":"https:\/\/semndecarte.metarsis.ro\/index.php?rest_route=\/wp\/v2\/posts\/8712\/revisions"}],"wp:attachment":[{"href":"https:\/\/semndecarte.metarsis.ro\/index.php?rest_route=%2Fwp%2Fv2%2Fmedia&parent=8712"}],"wp:term":[{"taxonomy":"category","embeddable":true,"href":"https:\/\/semndecarte.metarsis.ro\/index.php?rest_route=%2Fwp%2Fv2%2Fcategories&post=8712"},{"taxonomy":"post_tag","embeddable":true,"href":"https:\/\/semndecarte.metarsis.ro\/index.php?rest_route=%2Fwp%2Fv2%2Ftags&post=8712"}],"curies":[{"name":"wp","href":"https:\/\/api.w.org\/{rel}","templated":true}]}}