{"id":8701,"date":"2014-11-04T22:09:16","date_gmt":"2014-11-04T20:09:16","guid":{"rendered":"http:\/\/semndecarte.metarsis.ro\/?p=8701"},"modified":"2014-11-30T13:01:41","modified_gmt":"2014-11-30T11:01:41","slug":"nihil-sine-deo-2","status":"publish","type":"post","link":"https:\/\/semndecarte.metarsis.ro\/?p=8701","title":{"rendered":"NIHIL SINE DEO"},"content":{"rendered":"<p style=\"text-align: justify;\"><strong><a href=\"http:\/\/semndecarte.metarsis.ro\/wp-content\/uploads\/2014\/08\/Semn-de-Carte.jpg\" rel=\"lightbox[8701]\"><img loading=\"lazy\" class=\"alignleft size-full wp-image-8629\" title=\"Semn de Carte\" src=\"http:\/\/semndecarte.metarsis.ro\/wp-content\/uploads\/2014\/08\/Semn-de-Carte.jpg\" alt=\"\" width=\"520\" height=\"200\" srcset=\"https:\/\/semndecarte.metarsis.ro\/wp-content\/uploads\/2014\/08\/Semn-de-Carte.jpg 520w, https:\/\/semndecarte.metarsis.ro\/wp-content\/uploads\/2014\/08\/Semn-de-Carte-160x61.jpg 160w, https:\/\/semndecarte.metarsis.ro\/wp-content\/uploads\/2014\/08\/Semn-de-Carte-163x62.jpg 163w\" sizes=\"(max-width: 520px) 100vw, 520px\" \/><\/a><\/strong><a style=\"font-size: 13px; line-height: 16.8999996185303px;\" href=\"http:\/\/semndecarte.metarsis.ro\/wp-content\/uploads\/2014\/11\/Agapologia-Ilorian-Paunoiu.jpg\" rel=\"lightbox[8701]\"><img loading=\"lazy\" class=\"size-large wp-image-8703 alignright\" style=\"font-size: 13px;\" title=\"Agapologia Ilorian Paunoiu\" src=\"http:\/\/semndecarte.metarsis.ro\/wp-content\/uploads\/2014\/11\/Agapologia-Ilorian-Paunoiu-101x163.jpg\" alt=\"\" width=\"101\" height=\"163\" srcset=\"https:\/\/semndecarte.metarsis.ro\/wp-content\/uploads\/2014\/11\/Agapologia-Ilorian-Paunoiu-101x163.jpg 101w, https:\/\/semndecarte.metarsis.ro\/wp-content\/uploads\/2014\/11\/Agapologia-Ilorian-Paunoiu-99x160.jpg 99w, https:\/\/semndecarte.metarsis.ro\/wp-content\/uploads\/2014\/11\/Agapologia-Ilorian-Paunoiu.jpg 374w\" sizes=\"(max-width: 101px) 100vw, 101px\" \/><\/a><strong>Agapologia. Logodna iubirii cu libertatea.\u00a0<span style=\"font-size: 13px; line-height: 1.3;\">Ilorian P\u0103unoiu<\/span><\/strong><\/p>\n<p style=\"text-align: justify;\"><span style=\"font-size: 13px; line-height: 1.3;\">Joi, 6 noiembrie 2014, orele 17:30, libr\u0103ria Semn de Carte din Re\u0219i\u021ba, str.Libert\u0103\u021bii 13,\u00a0va g\u0103zdui lansarea volumului de eseuri\u00a0<\/span><em style=\"font-size: 13px; line-height: 1.3;\">Agapologia. Logodna iubirii cu libertatea,<\/em><span style=\"font-size: 13px; line-height: 1.3;\">\u00a0volum ap\u0103rut cu binecuv\u00e2ntarea Inaltpreasfin\u021bitului P\u0103rinte IRINEU, Arhiepiscop al Alba Iuliei.\u00a0Lansarea va facilita \u00eent\u00e2lnirea re\u0219i\u021benilor cu v\u00e2lceanul Ilorian P\u0103unoiu, scriitor, publicist \u0219i realizator de emisiuni TV. care, prin curaj \u0219i perseveren\u021b\u0103, \u00eenvinge, asemeni re\u0219i\u021beanului Vasile Popovici, o boal\u0103a sever\u0103- distrofie muscular\u0103 progresiv\u0103 de tip Duchenne. <!--more-->G\u0103sind \u201cbucuriile suferin\u021bei\u201d \u00een credin\u0163\u0103, Ilorian P\u0103unoiu logode\u0219te iubirea cu libertatea \u00eencerc\u00e2nd s\u0103 conving\u0103 \u201coamenii care vin \u00een preajma noastr\u0103 c\u0103 sunt f\u0103pturi prin esen\u021b\u0103 iubitoare \u0219i tot ceea ce d\u0103 sensul vie\u021bii sunt existen\u021ba noastr\u0103 iubitoare \u0219i faptele minunate care decurg din acestea\u2026 Pentru c\u0103 toat\u0103 acea mare durere fizic\u0103 sau emo\u021bional\u0103 pe care am tr\u0103it-o eu la un momentat dat s-a transformat, miraculos, \u00eentr-o mare bucurie de a exista\u201d.<br \/>\n<\/span><\/p>\n<p style=\"text-align: justify;\">Invita\u021bi speciali: preaonoratul p\u0103rinte protopop pr. Petru Berbentea, dr. fil. Liubi\u021ba Raichici, manager general Direc\u021bia pentru Cultur\u0103 \u015fi Patrimoniu Cara\u0219-Severin<\/p>\n<p style=\"text-align: justify;\">Cu participarea extraordinar\u0103 a \u00a0grupului \u201cStrana str\u0103mo\u0219easc\u0103\u201d.<\/p>\n<p style=\"text-align: justify;\">Eveniment organizat de Lions Club Onix Re\u0219i\u021ba \u00een parteneriat cu \u00a0Metarsis-activit\u0103\u021bi \u0219i servicii de cultur\u0103 urban\u0103 \u0219i art\u0103 contemporan\u0103 prin libr\u0103ria Semn de Carte.<\/p>\n","protected":false},"excerpt":{"rendered":"<p>Joi, 6 noiembrie 2014, orele 17:30, libr\u0103ria Semn de Carte din Re\u0219i\u021ba, str.Libert\u0103\u021bii 13, va g\u0103zdui lansarea volumului de eseuri Agapologia. Logodna iubirii cu libertatea, volum ap\u0103rut cu binecuv\u00e2ntarea Inaltpreasfin\u021bitului P\u0103rinte IRINEU, Arhiepiscop al Alba Iuliei. Lansarea va facilita \u00eent\u00e2lnirea re\u0219i\u021benilor cu v\u00e2lceanul Ilorian P\u0103unoiu, scriitor, publicist \u0219i realizator de emisiuni TV. care, prin curaj \u0219i perseveren\u021b\u0103, \u00eenvinge, asemeni re\u0219i\u021beanului Vasile Popovici, o boal\u0103a sever\u0103- distrofie muscular\u0103 progresiv\u0103 de tip Duchenne.<\/p>\n","protected":false},"author":1,"featured_media":0,"comment_status":"open","ping_status":"open","sticky":false,"template":"","format":"standard","meta":[],"categories":[3],"tags":[69],"_links":{"self":[{"href":"https:\/\/semndecarte.metarsis.ro\/index.php?rest_route=\/wp\/v2\/posts\/8701"}],"collection":[{"href":"https:\/\/semndecarte.metarsis.ro\/index.php?rest_route=\/wp\/v2\/posts"}],"about":[{"href":"https:\/\/semndecarte.metarsis.ro\/index.php?rest_route=\/wp\/v2\/types\/post"}],"author":[{"embeddable":true,"href":"https:\/\/semndecarte.metarsis.ro\/index.php?rest_route=\/wp\/v2\/users\/1"}],"replies":[{"embeddable":true,"href":"https:\/\/semndecarte.metarsis.ro\/index.php?rest_route=%2Fwp%2Fv2%2Fcomments&post=8701"}],"version-history":[{"count":0,"href":"https:\/\/semndecarte.metarsis.ro\/index.php?rest_route=\/wp\/v2\/posts\/8701\/revisions"}],"wp:attachment":[{"href":"https:\/\/semndecarte.metarsis.ro\/index.php?rest_route=%2Fwp%2Fv2%2Fmedia&parent=8701"}],"wp:term":[{"taxonomy":"category","embeddable":true,"href":"https:\/\/semndecarte.metarsis.ro\/index.php?rest_route=%2Fwp%2Fv2%2Fcategories&post=8701"},{"taxonomy":"post_tag","embeddable":true,"href":"https:\/\/semndecarte.metarsis.ro\/index.php?rest_route=%2Fwp%2Fv2%2Ftags&post=8701"}],"curies":[{"name":"wp","href":"https:\/\/api.w.org\/{rel}","templated":true}]}}