{"id":8688,"date":"2014-10-24T20:03:56","date_gmt":"2014-10-24T18:03:56","guid":{"rendered":"http:\/\/semndecarte.metarsis.ro\/?p=8688"},"modified":"2014-10-24T21:23:24","modified_gmt":"2014-10-24T19:23:24","slug":"atat-de-aproape-this-close","status":"publish","type":"post","link":"https:\/\/semndecarte.metarsis.ro\/?p=8688","title":{"rendered":"At\u00e2t de Aproape\/ This Close"},"content":{"rendered":"<p><a style=\"font-size: 13px; line-height: 16.8999996185303px; text-align: justify;\" href=\"http:\/\/semndecarte.metarsis.ro\/wp-content\/uploads\/2014\/10\/cropped-end-polio-now-horizontal.jpg\" rel=\"lightbox[8688]\"><img loading=\"lazy\" class=\"alignleft size-full wp-image-8685\" style=\"font-size: 13px;\" title=\"End polio now\" src=\"http:\/\/semndecarte.metarsis.ro\/wp-content\/uploads\/2014\/10\/cropped-end-polio-now-horizontal.jpg\" alt=\"\" width=\"520\" height=\"200\" srcset=\"https:\/\/semndecarte.metarsis.ro\/wp-content\/uploads\/2014\/10\/cropped-end-polio-now-horizontal.jpg 520w, https:\/\/semndecarte.metarsis.ro\/wp-content\/uploads\/2014\/10\/cropped-end-polio-now-horizontal-160x61.jpg 160w, https:\/\/semndecarte.metarsis.ro\/wp-content\/uploads\/2014\/10\/cropped-end-polio-now-horizontal-163x62.jpg 163w\" sizes=\"(max-width: 520px) 100vw, 520px\" \/><\/a><\/p>\n<p style=\"text-align: justify;\"><strong><span style=\"font-size: 13px; line-height: 1.3;\">End of Polio<\/span><\/strong><\/p>\n<p style=\"text-align: justify;\">Ziua Mondial\u0103 a luptei \u00eempotriva poliomielitei- 24 octombrie- a fost \u00a0marcat\u0103 \u00a0de Rotary Club Re\u0219i\u021ba \u00eentr-un cadru select la libr\u0103ria Semn de Carte printr-un eveniment de excep\u021bie: expozi\u021bie de icoane \u0219i art\u0103 naiv\u0103 apar\u021bin\u00e2nd pictorului re\u0219i\u021bean Vasile Popovici.<\/p>\n<p style=\"text-align: justify;\">Subiect de reportaj realizat \u015fi difuzat de Televiziunea Rom\u00e2na, unul dintre cele 30 de documentare din campania \u201cPremiile TVR Cultural\u201d\u00a0dedicat\u0103 oamenilor cu impact \u00een comunitatea din care fac parte, re\u015fi\u0163eanul Vasile Popovici este un \u00eenving\u0103tor. Imobilizat total \u00eentr-un scaun cu ro\u0163ile este\u00a0semnatar a peste\u00a0200 de tablouri \u015fi 50 de icoane, prezent, prin arta sa excep\u0163ional\u0103 \u00een aproximativ 50 de expozi\u021bii din care 9 interna\u0163ionale\u00a0(Fran\u0163a, Italia, Germania, Spania).<!--more--><\/p>\n<p style=\"text-align: justify;\">Evenimentul a debutat prin cuv\u00e2ntul pre\u0219edintelui \u00een exerci\u021biu al Rotary Club Re\u0219i\u021ba -Constantin Dinculeasa care, printre altele, a spus: \u201cRotary Interna\u0163ional este angajat\u0103 \u00a0al\u0103turi de OMS (Organiza\u021bia Mondial\u0103 a S\u0103n\u0103t\u0103\u021bii) \u0219i UNICEF (United Nations International Children\u2019s Emergency Fund\/ Fondul Interna\u021bional pentru Urgen\u021be ale Copiilor al Na\u021biunilor Unite) \u00een campania de eradicare a acestei boli invalidante, \u00een \u021b\u0103ri precum: Pakistan, Nigeria, Somalia, Irak, s.a., acolo unde, din cauza conflictelor armate, nu s-a reu\u0219it o vaccinare eficient\u0103. \u00cenCampania\u201cEnd Polio Now\u201d \u00eenceput\u0103 \u00een anul 2007, Rotary Interna\u021bional a reu\u0219it s\u0103 str\u00e2ng\u0103 2\/3 din suma propus\u0103 de 200 milioane $, \u00een contrapartida dona\u021biei de 350 milioane $ venit\u0103 de la Funda\u021bia Bill \u0219i Melinda Gates.<\/p>\n<p style=\"text-align: justify;\">\u00cen Rom\u00e2nia, dup\u0103 ultimele date publicate \u00een 2010 de Ministerul S\u0103n\u0103t\u0103\u021bii \u0219i care se refer\u0103 exclusiv la popula\u021bia de etnie rrom\u0103, rezult\u0103 c\u0103 45% dintre copiii acestora nu sunt vaccina\u021bi cu toate c\u0103 administrarea vaccinului este obligatorie \u0219i gratuit\u0103. Cei mai expu\u0219i sunt copiii cu v\u00e2rste sub 5 ani \u0219i, mai ales, cei proveni\u021bi din mediul rural sau ghetouri izolate\u201d. Dup\u0103 care a lansat provocarea celorlalte cluburi Rotary din \u00eentreaga lume de a licita tablourile re\u0219i\u021beanului Vasile Popovici anun\u021b\u00e2nd c\u0103, deja, au plecat 2 lucr\u0103ri, \u00eenso\u021bite de \u201cAlbumul de pictur\u0103 Vasile Popovici\u201d reeditat special pentru acest eveniment, spre cluburi Rotary din America \u0219i Fran\u021ba. Sumele rezultate vor fi v\u0103rsate \u00een contul Campaniei END POLIO NOW pentru eradicarea virusului poliomielitic.<\/p>\n<p style=\"text-align: justify;\">\u00cen seara zilei de 23 octombrie, la Semn de Carte, Constantin Dinculeasa a \u00eenm\u00e2nat \u00eensemnul \u0219i cerificatul de membu de onoare al Rotary Club Re\u0219i\u021ba, pentru merite deosebite, acesui minunat om, Vasile Popovici.<\/p>\n<p style=\"text-align: justify;\">Doctorul chirurg Romeo Dumitrescu a vorbit despre pericolul, r\u0103spandirea \u0219i devastatoarele consecin\u021be invalidante, de multe ori mortale, ale poliomielitei.<\/p>\n<p style=\"text-align: justify;\">Doctorul Mihai Vintil\u0103, pre\u0219edinte al Funda\u0163iei Arti\u0219tilor Plastici Naivi &#8222;VINTIL\u0102 ARPLANA&#8221;,\u00a0mentorul lui Vasile Popovici a povestit\u00a0celor prezen\u021bi cum l-a descoperit \u0219i \u00eendrumat spre performan\u021b\u0103 \u00eenalt\u0103 pe talentatul pictor.<\/p>\n<p style=\"text-align: justify;\">\u00cen cuv\u00e2ntul sau, Doru-Dinu Gl\u0103van, pre\u0219edinte al Uniunii Ziari\u0219tilor Profesioni\u0219ti din Rom\u00e2nia, a l\u0103udat performan\u021bele lui Vasile Popovici,\u00a0accentu\u00e2nd importan\u0163a legaturilor interumane \u0219i a lucrului bine f\u0103cut, a recunoa\u0219terii valorilor reale \u00a0\u0219i a locului pe care Banatul Montan, prin oamenii de valoare, prin multiculturalitatea lui, \u00eel ocup\u0103 \u00een Rom\u00e2nia.<\/p>\n<p style=\"text-align: justify;\">Seara s-a \u00eencheiat cu un recital sus\u021binut de dr. Romeo Dumitrescu- vioar\u0103 \u0219i prof. Cristian Ro\u015foaga- pian. Dintre piesele interpretate, Romeo Dumitrescu i-a dedicat compozi\u021bia \u00a0proprie\u00a0<em>INGER<\/em>\u00a0lui Vasile Popovici.<\/p>\n<p style=\"text-align: justify;\">Suntem\u00a0\u201cAt\u00e2t de Aproape\u201d\/ \u00a0\u201cThis close\u201d p\u00e2n\u0103 la\u00a0finalizarea\u00a0proiectului\u00a0<wbr>anti-poliomielit\u0103, iar Clubul Rotary Re\u0219i\u021ba sus\u021bine eforturile comunit\u0103\u021bii interna\u021bionale de eradicare a acestei maladii invalidante.<\/wbr><\/p>\n<p style=\"text-align: justify;\">O sear\u0103 plin\u0103 la Semn de Carte, \u00een care oamenii au fost at\u00e2t de aproape\u00a0unii de al\u021bii, o \u00eent\u00e2lnire perfect \u00eencadrat\u0103 \u00een conceptul slow vs. fast- \u00a0\u00a0promovat de METARSIS- activit\u0103\u021bi \u0219i servicii de cultur\u0103 urban\u0103 \u0219i art\u0103 contemporan\u0103, de con\u0219tientizare \u0219i re\u00eentoarcere la adev\u0103ratele valori umane \u015fi materiale.\u00a0Uni\u0163i, de data aceasta, de Vasile Popovici, \u00eenving\u0103tor prin art\u0103. Admirabil\u0103 lec\u021bie de via\u021b\u0103, de \u00eemp\u0103care cu sine, de perseveren\u021b\u0103 \u0219i neabandonare, de curaj \u0219i \u00eencredere, de perseveren\u021b\u0103.\u00a0Pentru c\u0103 \u201cUnii oameni apar \u00een via\u021ba noastr\u0103 ca o binecuv\u00e2ntare, al\u021bii- ca o lec\u021bie\u201d.\u00a0\u0218i tot Maica Tereza spunea c\u0103 \u201c Nu putem face lucruri mari, doar lucruri mici cu foarte mult\u0103 iubire.\u201d<\/p>\n<p style=\"text-align: justify;\"><a href=\"http:\/\/semndecarte.metarsis.ro\/wp-content\/uploads\/2014\/10\/1.jpg\" rel=\"lightbox[8688]\"><img loading=\"lazy\" class=\"alignleft size-thumbnail wp-image-8691\" title=\"1\" src=\"http:\/\/semndecarte.metarsis.ro\/wp-content\/uploads\/2014\/10\/1-95x95.jpg\" alt=\"\" width=\"95\" height=\"95\" \/><\/a><a href=\"http:\/\/semndecarte.metarsis.ro\/wp-content\/uploads\/2014\/10\/3.jpg\" rel=\"lightbox[8688]\"><img loading=\"lazy\" class=\"alignleft size-thumbnail wp-image-8693\" title=\"3\" src=\"http:\/\/semndecarte.metarsis.ro\/wp-content\/uploads\/2014\/10\/3-95x95.jpg\" alt=\"\" width=\"95\" height=\"95\" \/><\/a><a href=\"http:\/\/semndecarte.metarsis.ro\/wp-content\/uploads\/2014\/10\/4.jpg\" rel=\"lightbox[8688]\"><img loading=\"lazy\" class=\"alignleft size-thumbnail wp-image-8694\" title=\"4\" src=\"http:\/\/semndecarte.metarsis.ro\/wp-content\/uploads\/2014\/10\/4-95x95.jpg\" alt=\"\" width=\"95\" height=\"95\" \/><\/a><a href=\"http:\/\/semndecarte.metarsis.ro\/wp-content\/uploads\/2014\/10\/5.jpg\" rel=\"lightbox[8688]\"><img loading=\"lazy\" class=\"alignleft size-thumbnail wp-image-8695\" title=\"5\" src=\"http:\/\/semndecarte.metarsis.ro\/wp-content\/uploads\/2014\/10\/5-95x95.jpg\" alt=\"\" width=\"95\" height=\"95\" \/><\/a><a href=\"http:\/\/semndecarte.metarsis.ro\/wp-content\/uploads\/2014\/10\/6.jpg\" rel=\"lightbox[8688]\"><img loading=\"lazy\" class=\"alignleft size-thumbnail wp-image-8696\" title=\"6\" src=\"http:\/\/semndecarte.metarsis.ro\/wp-content\/uploads\/2014\/10\/6-95x95.jpg\" alt=\"\" width=\"95\" height=\"95\" \/><\/a><a href=\"http:\/\/semndecarte.metarsis.ro\/wp-content\/uploads\/2014\/10\/7.jpg\" rel=\"lightbox[8688]\"><img loading=\"lazy\" class=\"alignleft size-thumbnail wp-image-8697\" title=\"7\" src=\"http:\/\/semndecarte.metarsis.ro\/wp-content\/uploads\/2014\/10\/7-95x95.jpg\" alt=\"\" width=\"95\" height=\"95\" \/><\/a><a href=\"http:\/\/semndecarte.metarsis.ro\/wp-content\/uploads\/2014\/10\/8.jpg\" rel=\"lightbox[8688]\"><img loading=\"lazy\" class=\"alignleft size-thumbnail wp-image-8698\" title=\"8\" src=\"http:\/\/semndecarte.metarsis.ro\/wp-content\/uploads\/2014\/10\/8-95x95.jpg\" alt=\"\" width=\"95\" height=\"95\" \/><\/a><a href=\"http:\/\/semndecarte.metarsis.ro\/wp-content\/uploads\/2014\/10\/10.jpg\" rel=\"lightbox[8688]\"><img loading=\"lazy\" class=\"alignleft size-thumbnail wp-image-8690\" title=\"10\" src=\"http:\/\/semndecarte.metarsis.ro\/wp-content\/uploads\/2014\/10\/10-95x95.jpg\" alt=\"\" width=\"95\" height=\"95\" \/><\/a><a href=\"http:\/\/semndecarte.metarsis.ro\/wp-content\/uploads\/2014\/10\/9.jpg\" rel=\"lightbox[8688]\"><img loading=\"lazy\" class=\"alignleft size-thumbnail wp-image-8699\" title=\"9\" src=\"http:\/\/semndecarte.metarsis.ro\/wp-content\/uploads\/2014\/10\/9-95x95.jpg\" alt=\"\" width=\"95\" height=\"95\" \/><\/a><a href=\"http:\/\/semndecarte.metarsis.ro\/wp-content\/uploads\/2014\/10\/2.jpg\" rel=\"lightbox[8688]\"><img loading=\"lazy\" class=\"alignleft size-thumbnail wp-image-8692\" title=\"2\" src=\"http:\/\/semndecarte.metarsis.ro\/wp-content\/uploads\/2014\/10\/2-95x95.jpg\" alt=\"\" width=\"95\" height=\"95\" \/><\/a><\/p>\n","protected":false},"excerpt":{"rendered":"<p>Ziua Mondial\u0103 a luptei \u00eempotriva poliomielitei- 24 octombrie- a fost  marcat\u0103  de Rotary Club Re\u0219i\u021ba \u00eentr-un cadru select la libr\u0103ria Semn de Carte printr-un eveniment de excep\u021bie: expozi\u021bie de icoane \u0219i art\u0103 naiv\u0103 apar\u021bin\u00e2nd pictorului re\u0219i\u021bean Vasile Popovici.<\/p>\n","protected":false},"author":1,"featured_media":0,"comment_status":"open","ping_status":"open","sticky":false,"template":"","format":"standard","meta":[],"categories":[7],"tags":[411],"_links":{"self":[{"href":"https:\/\/semndecarte.metarsis.ro\/index.php?rest_route=\/wp\/v2\/posts\/8688"}],"collection":[{"href":"https:\/\/semndecarte.metarsis.ro\/index.php?rest_route=\/wp\/v2\/posts"}],"about":[{"href":"https:\/\/semndecarte.metarsis.ro\/index.php?rest_route=\/wp\/v2\/types\/post"}],"author":[{"embeddable":true,"href":"https:\/\/semndecarte.metarsis.ro\/index.php?rest_route=\/wp\/v2\/users\/1"}],"replies":[{"embeddable":true,"href":"https:\/\/semndecarte.metarsis.ro\/index.php?rest_route=%2Fwp%2Fv2%2Fcomments&post=8688"}],"version-history":[{"count":0,"href":"https:\/\/semndecarte.metarsis.ro\/index.php?rest_route=\/wp\/v2\/posts\/8688\/revisions"}],"wp:attachment":[{"href":"https:\/\/semndecarte.metarsis.ro\/index.php?rest_route=%2Fwp%2Fv2%2Fmedia&parent=8688"}],"wp:term":[{"taxonomy":"category","embeddable":true,"href":"https:\/\/semndecarte.metarsis.ro\/index.php?rest_route=%2Fwp%2Fv2%2Fcategories&post=8688"},{"taxonomy":"post_tag","embeddable":true,"href":"https:\/\/semndecarte.metarsis.ro\/index.php?rest_route=%2Fwp%2Fv2%2Ftags&post=8688"}],"curies":[{"name":"wp","href":"https:\/\/api.w.org\/{rel}","templated":true}]}}