{"id":8681,"date":"2014-10-06T19:46:17","date_gmt":"2014-10-06T17:46:17","guid":{"rendered":"http:\/\/semndecarte.metarsis.ro\/?p=8681"},"modified":"2014-10-06T19:46:17","modified_gmt":"2014-10-06T17:46:17","slug":"adrian-georgescu","status":"publish","type":"post","link":"https:\/\/semndecarte.metarsis.ro\/?p=8681","title":{"rendered":"ADRIAN GEORGESCU"},"content":{"rendered":"<p style=\"text-align: justify;\"><strong><span style=\"font-size: 13px; line-height: 1.3;\">Dulcea s\u0103rutare<\/span><\/strong><\/p>\n<p style=\"text-align: justify;\"><span style=\"font-size: 13px; line-height: 1.3;\"><a href=\"http:\/\/semndecarte.metarsis.ro\/wp-content\/uploads\/2014\/10\/Adrian-Georgescu-Dulcea-sarutare-coperta.jpg\" rel=\"lightbox[8681]\"><img loading=\"lazy\" class=\"alignleft size-large wp-image-8682\" title=\"Adrian Georgescu Dulcea sarutare-coperta\" src=\"http:\/\/semndecarte.metarsis.ro\/wp-content\/uploads\/2014\/10\/Adrian-Georgescu-Dulcea-sarutare-coperta-112x163.jpg\" alt=\"\" width=\"112\" height=\"163\" srcset=\"https:\/\/semndecarte.metarsis.ro\/wp-content\/uploads\/2014\/10\/Adrian-Georgescu-Dulcea-sarutare-coperta-112x163.jpg 112w, https:\/\/semndecarte.metarsis.ro\/wp-content\/uploads\/2014\/10\/Adrian-Georgescu-Dulcea-sarutare-coperta-110x160.jpg 110w, https:\/\/semndecarte.metarsis.ro\/wp-content\/uploads\/2014\/10\/Adrian-Georgescu-Dulcea-sarutare-coperta.jpg 415w\" sizes=\"(max-width: 112px) 100vw, 112px\" \/><\/a>NIHIL SINE DEO. Miercuri, 8 octombrie 2014, orele 18:00, libr\u0103ria Semn de Carte din Re\u0219i\u021ba, str. Libert\u0103\u021bii 13, va g\u0103zdui lansarea volumului\u00a0<\/span><em style=\"font-size: 13px; line-height: 1.3;\">Dulcea s\u0103rutare\u00a0<\/em><span style=\"font-size: 13px; line-height: 1.3;\">semnat Adrian Georgescu.<\/span><\/p>\n<p style=\"text-align: justify;\">Scris\u0103 \u00een perioada 3 martie- 4 decembrie 2013 \u00een trei l\u0103ca\u0219uri luminoase \u0219i \u00een\u0103l\u021b\u0103toare: Sf\u00e2nta M\u0103n\u0103stire Fr\u0103sinei, Sf\u00e2ntul Munte Athos \u0219i Sf\u00e2nta M\u0103n\u0103stire Polovragi. \u201cCartea, care vi se deschide s\u0103 o lua\u021bi \u00een inimi, este \u00eenchinat\u0103 str\u0103lucirii de nemurire a P\u0103rintelui nostru harismatic, Cuviosul Sofronie de la Essex, a c\u0103rui iluminare adumbre\u0219te \u0219i pe scriitorul acestor pagini ce se succed urm\u00e2nd ginga\u0219ele b\u0103t\u0103i de clopot ale iubirii Maicii Domnului \u00eentru dragostea lui Iisus Hristos\u201d -Adrian Georgescu.<\/p>\n<p style=\"text-align: justify;\">Invita\u021bi speciali: pr. prof. dr. Ioan Petric\u0103 \u0219i dr. med. Octavian Apahideanu.<\/p>\n","protected":false},"excerpt":{"rendered":"<p>NIHIL SINE DEO. Miercuri, 8 octombrie 2014, orele 18:00, libr\u0103ria Semn de Carte din Re\u0219i\u021ba, str. Libert\u0103\u021bii 13, va g\u0103zdui lansarea volumului Dulcea s\u0103rutare semnat Adrian Georgescu.<\/p>\n","protected":false},"author":1,"featured_media":0,"comment_status":"open","ping_status":"open","sticky":false,"template":"","format":"standard","meta":[],"categories":[3],"tags":[69],"_links":{"self":[{"href":"https:\/\/semndecarte.metarsis.ro\/index.php?rest_route=\/wp\/v2\/posts\/8681"}],"collection":[{"href":"https:\/\/semndecarte.metarsis.ro\/index.php?rest_route=\/wp\/v2\/posts"}],"about":[{"href":"https:\/\/semndecarte.metarsis.ro\/index.php?rest_route=\/wp\/v2\/types\/post"}],"author":[{"embeddable":true,"href":"https:\/\/semndecarte.metarsis.ro\/index.php?rest_route=\/wp\/v2\/users\/1"}],"replies":[{"embeddable":true,"href":"https:\/\/semndecarte.metarsis.ro\/index.php?rest_route=%2Fwp%2Fv2%2Fcomments&post=8681"}],"version-history":[{"count":0,"href":"https:\/\/semndecarte.metarsis.ro\/index.php?rest_route=\/wp\/v2\/posts\/8681\/revisions"}],"wp:attachment":[{"href":"https:\/\/semndecarte.metarsis.ro\/index.php?rest_route=%2Fwp%2Fv2%2Fmedia&parent=8681"}],"wp:term":[{"taxonomy":"category","embeddable":true,"href":"https:\/\/semndecarte.metarsis.ro\/index.php?rest_route=%2Fwp%2Fv2%2Fcategories&post=8681"},{"taxonomy":"post_tag","embeddable":true,"href":"https:\/\/semndecarte.metarsis.ro\/index.php?rest_route=%2Fwp%2Fv2%2Ftags&post=8681"}],"curies":[{"name":"wp","href":"https:\/\/api.w.org\/{rel}","templated":true}]}}