{"id":8674,"date":"2014-09-30T13:15:06","date_gmt":"2014-09-30T11:15:06","guid":{"rendered":"http:\/\/semndecarte.metarsis.ro\/?p=8674"},"modified":"2014-09-30T13:15:06","modified_gmt":"2014-09-30T11:15:06","slug":"bata-marianov","status":"publish","type":"post","link":"https:\/\/semndecarte.metarsis.ro\/?p=8674","title":{"rendered":"Bata Marianov"},"content":{"rendered":"<p style=\"text-align: justify;\"><strong style=\"font-size: 13px; line-height: 1.3;\">Serenad\u0103 pentru surzi<\/strong><span style=\"font-size: 13px; line-height: 1.3;\">\u00a0<\/span><\/p>\n<p style=\"text-align: justify;\"><a href=\"http:\/\/semndecarte.metarsis.ro\/wp-content\/uploads\/2014\/09\/Afis-Bata.jpg\" rel=\"lightbox[8674]\"><img loading=\"lazy\" class=\"alignleft size-large wp-image-8675\" title=\"Afis Bata\" src=\"http:\/\/semndecarte.metarsis.ro\/wp-content\/uploads\/2014\/09\/Afis-Bata-114x163.jpg\" alt=\"\" width=\"114\" height=\"163\" srcset=\"https:\/\/semndecarte.metarsis.ro\/wp-content\/uploads\/2014\/09\/Afis-Bata-114x163.jpg 114w, https:\/\/semndecarte.metarsis.ro\/wp-content\/uploads\/2014\/09\/Afis-Bata-111x160.jpg 111w, https:\/\/semndecarte.metarsis.ro\/wp-content\/uploads\/2014\/09\/Afis-Bata.jpg 559w\" sizes=\"(max-width: 114px) 100vw, 114px\" \/><\/a>Miercuri, 1 octombrie 2014, de la orele 18:00, la libr\u0103ria Semn de Carte din Re\u015fi\u0163a, str. Libert\u0103\u0163ii 13, va avea loc lansarea\u00a0unui nou volum din seria celor 7- \u201cSnopul nelegat\u201d. BATA MARIANOV va oferi publicului re\u015fi\u0163ean iubitor de cultur\u0103 \u201cSERENAD\u0102 PENTRU SURZI &#8211; poeme din exil \u015fi desene de pretutindeni\u201d, o carte-obiect, elegant\u0103,\u00a0\u00een care poemul\u00a0\u00eembra\u0163i\u015fat\u00a0de desen,\u00a0c\u0103l\u0103tore\u015fte din Timi\u015foara la Frankfurt pe Main pentru a se \u00eentorce, \u00eentru odihn\u0103 binemeritat\u0103, \u00een Banatul Montan, la G\u0103r\u00e2na-Wolfsberg.<\/p>\n<p style=\"text-align: justify;\">V\u0103 invit\u0103m la o \u00eent\u00e2lnire \u00eentre prieteni, lipsit\u0103 de inhibi\u0163ii, cu s\u00e2rbul-rom\u00e2n stabilit \u00een Germania de ani buni, sculptor, pictor, scriitor \u015fi poet, exponent de seam\u0103 al Banatului multietnic \u015fi multicultural, cel despre care criticul Cornel Ungureanu afirma: \u201cIube\u015fte \u015fi ur\u0103\u015fte, magnifiaz\u0103 \u015fi huiduie\u015fte, uneori pleonastic\u201d, un Don Quijote al artei: BATA MARIANOV.<\/p>\n","protected":false},"excerpt":{"rendered":"<p>Miercuri, 1 octombrie 2014, de la orele 18:00, la libr\u0103ria Semn de Carte din Re\u015fi\u0163a, str. Libert\u0103\u0163ii 13, va avea loc lansarea unui nou volum din seria celor 7- \u201cSnopul nelegat\u201d. BATA MARIANOV va oferi publicului re\u015fi\u0163ean iubitor de cultur\u0103 \u201cSERENAD\u0102 PENTRU SURZI &#8211; poeme din exil \u015fi desene de pretutindeni\u201d, o carte-obiect, elegant\u0103, \u00een care poemul \u00eembra\u0163i\u015fat de desen, c\u0103l\u0103tore\u015fte din Timi\u015foara la Frankfurt pe Main pentru a se \u00eentorce, \u00eentru odihn\u0103 binemeritat\u0103, \u00een Banatul Montan, la G\u0103r\u00e2na-Wolfsberg.<\/p>\n","protected":false},"author":1,"featured_media":0,"comment_status":"open","ping_status":"open","sticky":false,"template":"","format":"standard","meta":[],"categories":[3],"tags":[408],"_links":{"self":[{"href":"https:\/\/semndecarte.metarsis.ro\/index.php?rest_route=\/wp\/v2\/posts\/8674"}],"collection":[{"href":"https:\/\/semndecarte.metarsis.ro\/index.php?rest_route=\/wp\/v2\/posts"}],"about":[{"href":"https:\/\/semndecarte.metarsis.ro\/index.php?rest_route=\/wp\/v2\/types\/post"}],"author":[{"embeddable":true,"href":"https:\/\/semndecarte.metarsis.ro\/index.php?rest_route=\/wp\/v2\/users\/1"}],"replies":[{"embeddable":true,"href":"https:\/\/semndecarte.metarsis.ro\/index.php?rest_route=%2Fwp%2Fv2%2Fcomments&post=8674"}],"version-history":[{"count":0,"href":"https:\/\/semndecarte.metarsis.ro\/index.php?rest_route=\/wp\/v2\/posts\/8674\/revisions"}],"wp:attachment":[{"href":"https:\/\/semndecarte.metarsis.ro\/index.php?rest_route=%2Fwp%2Fv2%2Fmedia&parent=8674"}],"wp:term":[{"taxonomy":"category","embeddable":true,"href":"https:\/\/semndecarte.metarsis.ro\/index.php?rest_route=%2Fwp%2Fv2%2Fcategories&post=8674"},{"taxonomy":"post_tag","embeddable":true,"href":"https:\/\/semndecarte.metarsis.ro\/index.php?rest_route=%2Fwp%2Fv2%2Ftags&post=8674"}],"curies":[{"name":"wp","href":"https:\/\/api.w.org\/{rel}","templated":true}]}}