{"id":8662,"date":"2014-09-22T20:05:36","date_gmt":"2014-09-22T18:05:36","guid":{"rendered":"http:\/\/semndecarte.metarsis.ro\/?p=8662"},"modified":"2014-09-22T20:05:36","modified_gmt":"2014-09-22T18:05:36","slug":"om-bun-sub-zodia-mariei","status":"publish","type":"post","link":"https:\/\/semndecarte.metarsis.ro\/?p=8662","title":{"rendered":"OM BUN sub zodia Mariei"},"content":{"rendered":"<p><strong><a href=\"http:\/\/semndecarte.metarsis.ro\/wp-content\/uploads\/2014\/09\/fotografii-maria-gheorghiu.jpg\" rel=\"lightbox[8662]\"><img loading=\"lazy\" class=\"alignleft size-full wp-image-8664\" title=\"fotografii-maria-gheorghiu\" src=\"http:\/\/semndecarte.metarsis.ro\/wp-content\/uploads\/2014\/09\/fotografii-maria-gheorghiu.jpg\" alt=\"\" width=\"520\" height=\"200\" srcset=\"https:\/\/semndecarte.metarsis.ro\/wp-content\/uploads\/2014\/09\/fotografii-maria-gheorghiu.jpg 520w, https:\/\/semndecarte.metarsis.ro\/wp-content\/uploads\/2014\/09\/fotografii-maria-gheorghiu-160x61.jpg 160w, https:\/\/semndecarte.metarsis.ro\/wp-content\/uploads\/2014\/09\/fotografii-maria-gheorghiu-163x62.jpg 163w\" sizes=\"(max-width: 520px) 100vw, 520px\" \/><\/a>MARIA GHEORGHIU \u0219i ZENO BALINT<\/strong><\/p>\n<p><span style=\"font-size: 13px; line-height: 1.3;\"><a href=\"http:\/\/semndecarte.metarsis.ro\/wp-content\/uploads\/2014\/09\/afis-Maria.jpg\" rel=\"lightbox[8662]\"><img loading=\"lazy\" class=\"alignleft size-large wp-image-8663\" title=\"afis Maria\" src=\"http:\/\/semndecarte.metarsis.ro\/wp-content\/uploads\/2014\/09\/afis-Maria-115x163.jpg\" alt=\"\" width=\"115\" height=\"163\" srcset=\"https:\/\/semndecarte.metarsis.ro\/wp-content\/uploads\/2014\/09\/afis-Maria-115x163.jpg 115w, https:\/\/semndecarte.metarsis.ro\/wp-content\/uploads\/2014\/09\/afis-Maria-113x160.jpg 113w, https:\/\/semndecarte.metarsis.ro\/wp-content\/uploads\/2014\/09\/afis-Maria.jpg 424w\" sizes=\"(max-width: 115px) 100vw, 115px\" \/><\/a>\u201cSUNT MARIA GHEORGHIU \u015eI V\u0102 ROG S\u0102-MI \u00ceNG\u0102DUI\u0162I S\u0102 V\u0102 OFER O PARTICIC\u0102 DIN LUMINA MEA! Dac\u0103 via\u0163a e f\u0103cut\u0103 din alb \u015fi negru, din lumini \u015fi umbre, atunci eu am s\u0103 v\u0103 spun doar at\u00e2t: &lt;E LUMIN\u0102-N SUFLET \u015eI CUM MERG SPRE EA \/ M\u0102-NSO\u0162E\u015eTE-O UMBR\u0102 \u015eI NU-I UMBRA MEA!&gt;.\u201d<\/span><span style=\"font-size: 13px; line-height: 1.3;\">\u00a0<\/span><\/p>\n<p>Joi, 25 septembrie 2014, orele 18:30,\u00a0sala LIRA a Liceului de Arte SABIN P\u0102UTZA din Re\u0219i\u021ba va g\u0103zdui lansarea albumului\u00a0 \u0219i concetul de muzica folk \u201cDe 20 de ani OM BUN\u201d al Mariei Gheroghiu.<\/p>\n<p>N\u0103scut\u0103 la Re\u0219i\u021ba, stabilit\u0103 la Bucure\u0219ti din anul 2000, Maria Gheorghiu este c\u00e2\u0219tig\u0103toarea Premiului I la Festivalul Na\u021bional de Muzic\u0103 Folk \u201eOmbun\u201d edi\u021bia 1993. De\u021bin\u0103toare a numeroase trofee la concursuri de gen, a concertat al\u0103turi de arti\u0219ti consacra\u021bi ai scenei romane\u0219ti:\u00a0Valeria Seciu,\u00a0Ion Caramitru,\u00a0Ovidiu Iuliu Moldovan,\u00a0Leopoldina B\u0103l\u0103nu\u021b\u0103,\u00a0Nicu Alifantis,\u00a0Vasile \u0218eicaru,\u00a0Mircea Vintil\u0103,\u00a0\u0218tefan Hru\u0219c\u0103,\u00a0Victor Socaciu\u00a0\u0219i al\u021bii, at\u00e2t \u00een \u021bar\u0103 c\u00e2t \u0219i \u00een str\u0103in\u0103tate.<!--more--><\/p>\n<p>\u00cen prezent este realizator de emisiuni la Radio Bucure\u0219ti.<\/p>\n<p>Joi seara, acas\u0103 la Re\u0219i\u021ba, Maria aduce cel de-al optulea album al s\u0103u. Vom asculta melodii pe versuri proprii dar \u0219i pe ale poe\u021bilor re\u0219i\u021beni Olga Neagu \u201cU\u0219a ce-o \u00eencui\u201d, Dinu Ol\u0103ra\u0219u \u201cLeg\u0103tura de chei\u201d, Ion Chichere \u201cFloare de v\u00e2rtej\u201d.<\/p>\n<p>Invitatul special al serii este actorul re\u0219i\u021bean ZENO BALINT.<span style=\"font-size: 13px; line-height: 1.3;\">\u00a0<\/span><\/p>\n<p>V\u0103 invit\u0103m acum, \u00een prag de toamn\u0103, la o sear\u0103 de muzic\u0103 \u0219i poezie.<span style=\"font-size: 13px; line-height: 1.3;\">\u00a0<\/span><\/p>\n<p><em>Eveniment organizat de METARSIS- activit\u0103\u021bi \u0219i servicii de cultur\u0103 urban\u0103 \u0219i art\u0103 contemporan\u0103 cu sprijinul Prim\u0103riei Re\u0219i\u021ba,\u00a0 al Liceului de Arte \u201cSabin Pautza\u201d \u0219i al libr\u0103riei Semn de Carte.<\/em><\/p>\n","protected":false},"excerpt":{"rendered":"<p>Joi, 25 septembrie 2014, orele 18:30, sala LIRA a Liceului de Arte SABIN P\u0102UTZA din Re\u0219i\u021ba va g\u0103zdui lansarea albumului  \u0219i concetul de muzica folk \u201cDe 20 de ani OM BUN\u201d al Mariei Gheroghiu.<\/p>\n","protected":false},"author":1,"featured_media":0,"comment_status":"open","ping_status":"open","sticky":false,"template":"","format":"standard","meta":[],"categories":[3],"tags":[83,99],"_links":{"self":[{"href":"https:\/\/semndecarte.metarsis.ro\/index.php?rest_route=\/wp\/v2\/posts\/8662"}],"collection":[{"href":"https:\/\/semndecarte.metarsis.ro\/index.php?rest_route=\/wp\/v2\/posts"}],"about":[{"href":"https:\/\/semndecarte.metarsis.ro\/index.php?rest_route=\/wp\/v2\/types\/post"}],"author":[{"embeddable":true,"href":"https:\/\/semndecarte.metarsis.ro\/index.php?rest_route=\/wp\/v2\/users\/1"}],"replies":[{"embeddable":true,"href":"https:\/\/semndecarte.metarsis.ro\/index.php?rest_route=%2Fwp%2Fv2%2Fcomments&post=8662"}],"version-history":[{"count":0,"href":"https:\/\/semndecarte.metarsis.ro\/index.php?rest_route=\/wp\/v2\/posts\/8662\/revisions"}],"wp:attachment":[{"href":"https:\/\/semndecarte.metarsis.ro\/index.php?rest_route=%2Fwp%2Fv2%2Fmedia&parent=8662"}],"wp:term":[{"taxonomy":"category","embeddable":true,"href":"https:\/\/semndecarte.metarsis.ro\/index.php?rest_route=%2Fwp%2Fv2%2Fcategories&post=8662"},{"taxonomy":"post_tag","embeddable":true,"href":"https:\/\/semndecarte.metarsis.ro\/index.php?rest_route=%2Fwp%2Fv2%2Ftags&post=8662"}],"curies":[{"name":"wp","href":"https:\/\/api.w.org\/{rel}","templated":true}]}}