{"id":8655,"date":"2014-08-26T08:47:52","date_gmt":"2014-08-26T06:47:52","guid":{"rendered":"http:\/\/semndecarte.metarsis.ro\/?p=8655"},"modified":"2014-08-26T09:17:21","modified_gmt":"2014-08-26T07:17:21","slug":"iulian-vitalis-cojocariu-2","status":"publish","type":"post","link":"https:\/\/semndecarte.metarsis.ro\/?p=8655","title":{"rendered":"Iulian Vitalis COJOCARIU"},"content":{"rendered":"<p><strong><span style=\"font-size: 13px; line-height: 1.3;\"><a href=\"http:\/\/semndecarte.metarsis.ro\/wp-content\/uploads\/2014\/08\/bebe2.jpg\" rel=\"lightbox[8655]\"><img loading=\"lazy\" class=\"alignleft size-full wp-image-8656\" title=\"bebe2\" src=\"http:\/\/semndecarte.metarsis.ro\/wp-content\/uploads\/2014\/08\/bebe2.jpg\" alt=\"\" width=\"520\" height=\"200\" srcset=\"https:\/\/semndecarte.metarsis.ro\/wp-content\/uploads\/2014\/08\/bebe2.jpg 520w, https:\/\/semndecarte.metarsis.ro\/wp-content\/uploads\/2014\/08\/bebe2-160x61.jpg 160w, https:\/\/semndecarte.metarsis.ro\/wp-content\/uploads\/2014\/08\/bebe2-163x62.jpg 163w\" sizes=\"(max-width: 520px) 100vw, 520px\" \/><\/a>Expozi\u021bie &#8211; In memoriam<\/span><\/strong><\/p>\n<p style=\"text-align: justify;\"><span style=\"font-size: 13px; line-height: 1.3;\">Joi, 28 august 2014 de la orele 17:00 la libr\u0103ria Semn de Carte din Re\u0219i\u021ba, str. Libert\u0103\u021bii 13, \u00eel vom readuce \u00een memoria colectiv\u0103 pe IULIAN VITALIS COJOCARIU (10.01.1039- 30.08.2013). Devenit \u00een urm\u0103 cu un an \u201cPaznicul cerului\u201d, Bebe Cojocariu- artist vizual, pictor, \u201czugrav\u201d cum se autodefinea cu fin\u0103 ironie, va fi comemorat \u00een prezen\u021ba celei care i-a fost \u00eenger p\u0103zitor, Geta Cojocariu, printr-o expozi\u021bie cu lucr\u0103ri ale MAESTRULUI, \u00eentr-o \u00eent\u00e2lnire non formal\u0103, la care sunte\u021bi invita\u021bi. <!--more-->S\u0103 evoc\u0103m \u00a0unul dintre reperele culturale autentice ale Banatului Montan, cu o oper\u0103 remarcabil\u0103, fost pre\u0219edinte al Uniunii Arti\u015ftilor Plastici Filiala Re\u015fi\u0163a \u00een anii \u201990, despre care criticul \u00a0Pavel \u0218u\u0219ar\u0103 (b\u0103n\u0103\u021bean \u0219i el) afirma \u201cNu \u00eent\u00e2mpl\u0103tor chiar \u0219i personajele\u2026 sunt f\u0103pturi care oscileaz\u0103 \u00eentre cer \u0219i p\u0103m\u00e2nt. Unul dintre personajele lui, un spirit ambulatoriu, el poate s\u0103 ne spun\u0103 cum \u00eel cheam\u0103, zice c\u0103 e paznic la cer pentru c\u0103 a pierdut p\u0103m\u00e2ntul. Bebe Cojocariu nu a pierdut p\u0103m\u00e2ntul \u0219i aspira\u021bia lui este s\u0103 ajung\u0103 la cer, s\u0103 ajung\u0103 la dematerializarea substan\u021bei pentru a accede la spiritul pur, la lumina aceea b\u00e2nuit\u0103 dar mereu \u00eendep\u0103rtat\u0103\u201d. Joi dup\u0103 amiaz\u0103 lumina lui Bebe Cojocariu va arde la Semn de Carte.<\/span><\/p>\n<p style=\"text-align: justify;\">Invita\u021bi speciali: \u00a0Ada D. Cruceanu, Octavian Doclin, Vasile Bogdan, Nicolae D. Vl\u0103dulescu, Doru Dinu Gl\u0103van, Doru Vasiu\u021bi, Ioan Prodan, preot Nicolae Ha\u021biegan, prieteni ai Maestrului.<\/p>\n<p style=\"text-align: justify;\">Eveniment organizat de Societatea pentru Cultur\u0103 METARSIS- activit\u0103\u021bi \u0219i servicii de cultur\u0103 urban\u0103 \u0219i art\u0103 contemporan\u0103 prin libr\u0103ria Semn de Carte \u0219i Geta Cojocariu, so\u021bia Maestrului.<\/p>\n","protected":false},"excerpt":{"rendered":"<p>Joi, 28 august 2014 de la orele 17:00 la libr\u0103ria Semn de Carte din Re\u0219i\u021ba, str. Libert\u0103\u021bii 13, \u00eel vom readuce \u00een memoria colectiv\u0103 pe IULIAN VITALIS COJOCARIU (10.01.1039- 30.08.2013). Devenit \u00een urm\u0103 cu un an \u201cPaznicul cerului\u201d, Bebe Cojocariu- artist vizual, pictor, \u201czugrav\u201d cum se autodefinea cu fin\u0103 ironie, va fi comemorat \u00een prezen\u021ba celei care i-a fost \u00eenger p\u0103zitor, Geta Cojocariu, printr-o expozi\u021bie cu lucr\u0103ri ale MAESTRULUI, \u00eentr-o \u00eent\u00e2lnire non formal\u0103, la care sunte\u021bi invita\u021bi.<\/p>\n","protected":false},"author":1,"featured_media":0,"comment_status":"open","ping_status":"open","sticky":false,"template":"","format":"standard","meta":[],"categories":[3],"tags":[303],"_links":{"self":[{"href":"https:\/\/semndecarte.metarsis.ro\/index.php?rest_route=\/wp\/v2\/posts\/8655"}],"collection":[{"href":"https:\/\/semndecarte.metarsis.ro\/index.php?rest_route=\/wp\/v2\/posts"}],"about":[{"href":"https:\/\/semndecarte.metarsis.ro\/index.php?rest_route=\/wp\/v2\/types\/post"}],"author":[{"embeddable":true,"href":"https:\/\/semndecarte.metarsis.ro\/index.php?rest_route=\/wp\/v2\/users\/1"}],"replies":[{"embeddable":true,"href":"https:\/\/semndecarte.metarsis.ro\/index.php?rest_route=%2Fwp%2Fv2%2Fcomments&post=8655"}],"version-history":[{"count":0,"href":"https:\/\/semndecarte.metarsis.ro\/index.php?rest_route=\/wp\/v2\/posts\/8655\/revisions"}],"wp:attachment":[{"href":"https:\/\/semndecarte.metarsis.ro\/index.php?rest_route=%2Fwp%2Fv2%2Fmedia&parent=8655"}],"wp:term":[{"taxonomy":"category","embeddable":true,"href":"https:\/\/semndecarte.metarsis.ro\/index.php?rest_route=%2Fwp%2Fv2%2Fcategories&post=8655"},{"taxonomy":"post_tag","embeddable":true,"href":"https:\/\/semndecarte.metarsis.ro\/index.php?rest_route=%2Fwp%2Fv2%2Ftags&post=8655"}],"curies":[{"name":"wp","href":"https:\/\/api.w.org\/{rel}","templated":true}]}}