{"id":8631,"date":"2014-08-06T13:03:05","date_gmt":"2014-08-06T11:03:05","guid":{"rendered":"http:\/\/semndecarte.metarsis.ro\/?p=8631"},"modified":"2014-08-06T16:15:10","modified_gmt":"2014-08-06T14:15:10","slug":"minunata-i-prietenia","status":"publish","type":"post","link":"https:\/\/semndecarte.metarsis.ro\/?p=8631","title":{"rendered":"Minunat\u0103-i prietenia"},"content":{"rendered":"<p><strong><span style=\"font-size: 13px; line-height: 1.3;\"><a href=\"http:\/\/semndecarte.metarsis.ro\/wp-content\/uploads\/2014\/08\/cop.jpg\" rel=\"lightbox[8631]\"><img loading=\"lazy\" class=\"alignleft size-full wp-image-8632\" title=\"cop\" src=\"http:\/\/semndecarte.metarsis.ro\/wp-content\/uploads\/2014\/08\/cop.jpg\" alt=\"\" width=\"520\" height=\"200\" srcset=\"https:\/\/semndecarte.metarsis.ro\/wp-content\/uploads\/2014\/08\/cop.jpg 520w, https:\/\/semndecarte.metarsis.ro\/wp-content\/uploads\/2014\/08\/cop-160x61.jpg 160w, https:\/\/semndecarte.metarsis.ro\/wp-content\/uploads\/2014\/08\/cop-163x62.jpg 163w\" sizes=\"(max-width: 520px) 100vw, 520px\" \/><\/a>Al V-lea foc.<\/span><\/strong><\/p>\n<p style=\"text-align: justify;\">A cincea edi\u021bie a \u00eent\u00e2lnirilor de suflet a\u0219ezate sub genericul \u201cMINUNAT\u0102-I PRIETENIA\u201d s-a desf\u0103\u0219urat s\u00e2mb\u0103t\u0103, 2 august 2014, la G\u0103r\u00e2na (Wolfsberg), localitate a\u0219ezat\u0103 la poalele mun\u021bilor Semenic, la fel ca \u0219i edi\u021biile precedente. \u00cent\u00e2lnirea anual\u0103 a devenit un veritabil \u00a0Festival \u00a0Interna\u021bional al Prieteniei pentru c\u0103 adun\u0103 \u00een jurul focului de tab\u0103r\u0103-\u00a0foc \u00een care ne propunem, s\u0103 ardem\u00a0\u00a0toate necazurile, r\u0103ut\u0103\u0163ile, am\u0103r\u0103ciunile, g\u00e2ndurile rele, nelini\u015ftile, stresul adunate \u00eentr-un an- rom\u00e2ni, germani, maghiari, s\u00e2rbi \u0219i alte na\u021bionalit\u0103\u021bi, \u00a0prieteni vechi \u0219i mai noi, \u00eentr-o celebrare al unuia dintre cele mai importante sentimente umane: PRIETENIA.<!--more--><\/p>\n<p style=\"text-align: justify;\">Evenimentul, moderat de Doru Dinu Glavan- vocea inconfundabil\u0103 a radioului rom\u00e2nesc \u015fi pre\u015fedinte al Uniunii Ziari\u015ftilor Profesioni\u015fti din Rom\u00e2nia, s-a desf\u0103\u0219urat \u00een gr\u0103dina prietenilor Vali \u0219i Sever Cotuna, loc consacrat deja \u00eent\u00e2lnirilor de suflet. Camelia, Lucian, Laura, Gipsy, Cristina, Dan, Adina, Costel, Ioana, Paul, Nadia, Sorina, Adi, Ramona, Adriana, \u0218tefan, Ancu\u021ba, George, Sebastian, Edmund, Bata, Snejana, Jancsy, Lili, Diana, Andrei, Cici, Paulina, Oana, Horst, Edith, Jani, Tim, Nu\u021bi, Sepp, Toni, Mara, Karina, Chef \u00a0George (responsabil cu ceaunul), Monika, Andreas, Cristian, Alexandra, Gabriel, \u0219.a.m.d. &#8211; cam 70-80 de \u00a0amici, mari \u0219i mici, \u00een jurul unui foc mai mic anul acesta \u0219i al unui ceaun cu fasole garnisit\u0103 cu c\u00e2rna\u021bi AGIL-I \u0219i m\u0103lai b\u0103n\u0103\u021benesccopt \u00een tav\u0103, bere german\u0103, \u021buic\u0103 de G\u0103r\u00e2na \u0219i vin oltenesc.<\/p>\n<p style=\"text-align: justify;\">\u201cMinunat\u0103-i prietenia\u201d \u2013 imnul, consacrat deja, al \u00eent\u00e2lnirilor dintre prieteni, a fost urmat de \u201cValsul Semenicului\u201d \u00a0\u0219i reprize alternative de dans \u0219i c\u00e2nt\u0103ri la chitare iar, \u00eenspre diminea\u021b\u0103, versuri eminesciene declamate de prietenul Sever.<\/p>\n<p style=\"text-align: justify;\">Din 2014 organizatorii au hot\u0103r\u00e2t acordarea a 2 cupe (transmisibile) ca \u00eensemn de \u201cprieten al anului\u201d. Una pentru rom\u00e2ni \u0219i una pentru prieteni de alt\u0103 na\u021bionalitate. \u00cen 2014, pentru c\u0103 a l\u0103sat America \u0219i s-a \u00eentors acas\u0103 \u00een Rom\u00e2nia, pentru c\u0103, de\u0219i e o somitate \u00een muzica clasic\u0103, av\u00e2nd o carier\u0103 str\u0103lucit\u0103 de 50 de ani aici \u0219i peste ocean, compozitorul, dirijorul \u0219i pianistul ESTE un prieten adev\u0103rat, modest \u0219i vesel, cupa a revenit maestrului SABIN PAUTZA. Prima cup\u0103 destinat\u0103 unui prieten de na\u021bionalitate conlocuitoare, \u00een 2014, pentru leg\u0103tura lui indisolubila cu Wolfsbergul natal, pentru \u00eenc\u0103p\u0103\u021b\u00e2narea de a duce la bun sfa\u00e2r\u0219it un lucru \u00eenceput, pentru c\u0103 vine \u201cacas\u0103\u201d \u00een Romania de 5 ori pe an, pentru c\u0103 \u0219i-a educat copiii \u00een respect pentru adev\u0103ratele valori, pentru implicarea \u00een realizarea, la G\u0103r\u00e2na a VIA CRUCIS, \u0219i, mai ales, pentru c\u0103 ne este prieten adev\u0103rat de peste 30 de ani, cupa i-a fost acordat\u0103 lui JOSEF WINTERBERGER (Germania).<\/p>\n<p style=\"text-align: justify;\">S\u0103rb\u0103toritul serii, cu tort, lum\u00e2nari, pr\u0103jituri \u0219i ur\u0103rile aferente a fost LUCIAN DUCA.<\/p>\n<p style=\"text-align: justify;\">\u0218i chiar dac\u0103 actuala editie s-a desf\u0103\u0219urat \u00eentr-un cadru restr\u00e2ns\u00a0 impus de evenimentul religios important de a doua zi- inaugurarea VIA CRUCIS la G\u0103r\u00e2na (Wolfsberg), a fost o sear\u0103 minunat\u0103 \u00eentre prieteni. (Foto: Ioan Mato)<\/p>\n<p style=\"text-align: justify;\"><a href=\"http:\/\/semndecarte.metarsis.ro\/wp-content\/uploads\/2014\/08\/Prietenie5_-2014_0006.jpg\" rel=\"lightbox[8631]\"><img loading=\"lazy\" class=\"alignleft size-thumbnail wp-image-8639\" title=\"Prietenie5_ 2014_0006\" src=\"http:\/\/semndecarte.metarsis.ro\/wp-content\/uploads\/2014\/08\/Prietenie5_-2014_0006-95x95.jpg\" alt=\"\" width=\"95\" height=\"95\" \/><\/a><a href=\"http:\/\/semndecarte.metarsis.ro\/wp-content\/uploads\/2014\/08\/Prietenie5_-2014_0007.jpg\" rel=\"lightbox[8631]\"><img loading=\"lazy\" class=\"alignleft size-thumbnail wp-image-8640\" title=\"Prietenie5_ 2014_0007\" src=\"http:\/\/semndecarte.metarsis.ro\/wp-content\/uploads\/2014\/08\/Prietenie5_-2014_0007-95x95.jpg\" alt=\"\" width=\"95\" height=\"95\" \/><\/a><a style=\"font-size: 13px;\" href=\"http:\/\/semndecarte.metarsis.ro\/wp-content\/uploads\/2014\/08\/Prietenie5_-2014_0008.jpg\" rel=\"lightbox[8631]\"><img loading=\"lazy\" class=\"alignleft size-thumbnail wp-image-8641\" style=\"font-size: 13px;\" title=\"Prietenie5_ 2014_0008\" src=\"http:\/\/semndecarte.metarsis.ro\/wp-content\/uploads\/2014\/08\/Prietenie5_-2014_0008-95x95.jpg\" alt=\"\" width=\"95\" height=\"95\" \/><\/a><a style=\"font-size: 13px;\" href=\"http:\/\/semndecarte.metarsis.ro\/wp-content\/uploads\/2014\/08\/Prietenie5_-2014_0009.jpg\" rel=\"lightbox[8631]\"><img loading=\"lazy\" class=\"alignleft size-thumbnail wp-image-8642\" style=\"font-size: 13px;\" title=\"Prietenie5_ 2014_0009\" src=\"http:\/\/semndecarte.metarsis.ro\/wp-content\/uploads\/2014\/08\/Prietenie5_-2014_0009-95x95.jpg\" alt=\"\" width=\"95\" height=\"95\" \/><\/a><\/p>\n<div>\n<div style=\"text-align: justify;\"><a style=\"font-size: 13px; text-align: start;\" href=\"http:\/\/semndecarte.metarsis.ro\/wp-content\/uploads\/2014\/08\/Prietenie5_-2014_0001.jpg\" rel=\"lightbox[8631]\"><img loading=\"lazy\" class=\"alignleft size-thumbnail wp-image-8634\" style=\"font-size: 13px;\" title=\"Prietenie5_ 2014_0001\" src=\"http:\/\/semndecarte.metarsis.ro\/wp-content\/uploads\/2014\/08\/Prietenie5_-2014_0001-95x95.jpg\" alt=\"\" width=\"95\" height=\"95\" \/><\/a><a style=\"font-size: 13px; text-align: start;\" href=\"http:\/\/semndecarte.metarsis.ro\/wp-content\/uploads\/2014\/08\/Prietenie5_-2014_0002.jpg\" rel=\"lightbox[8631]\"><img loading=\"lazy\" class=\"alignleft size-thumbnail wp-image-8635\" style=\"font-size: 13px;\" title=\"Prietenie5_ 2014_0002\" src=\"http:\/\/semndecarte.metarsis.ro\/wp-content\/uploads\/2014\/08\/Prietenie5_-2014_0002-95x95.jpg\" alt=\"\" width=\"95\" height=\"95\" \/><\/a><\/div>\n<div><a style=\"font-size: 13px;\" href=\"http:\/\/semndecarte.metarsis.ro\/wp-content\/uploads\/2014\/08\/Prietenie5_-2014_0003.jpg\" rel=\"lightbox[8631]\"><img loading=\"lazy\" class=\"alignleft size-thumbnail wp-image-8636\" style=\"font-size: 13px;\" title=\"Prietenie5_ 2014_0003\" src=\"http:\/\/semndecarte.metarsis.ro\/wp-content\/uploads\/2014\/08\/Prietenie5_-2014_0003-95x95.jpg\" alt=\"\" width=\"95\" height=\"95\" \/><\/a><\/div>\n<div>\n<div style=\"font-size: 13px;\"><a style=\"font-size: 13px;\" href=\"http:\/\/semndecarte.metarsis.ro\/wp-content\/uploads\/2014\/08\/Prietenie5_-2014_0004.jpg\" rel=\"lightbox[8631]\"><img loading=\"lazy\" class=\"alignleft size-thumbnail wp-image-8637\" style=\"font-size: 13px;\" title=\"Prietenie5_ 2014_0004\" src=\"http:\/\/semndecarte.metarsis.ro\/wp-content\/uploads\/2014\/08\/Prietenie5_-2014_0004-95x95.jpg\" alt=\"\" width=\"95\" height=\"95\" \/><\/a><\/div>\n<\/div>\n<div><a href=\"http:\/\/semndecarte.metarsis.ro\/wp-content\/uploads\/2014\/08\/Prietenie5_-2014_0005.jpg\" rel=\"lightbox[8631]\"><img loading=\"lazy\" class=\"alignleft size-thumbnail wp-image-8638\" title=\"Prietenie5_ 2014_0005\" src=\"http:\/\/semndecarte.metarsis.ro\/wp-content\/uploads\/2014\/08\/Prietenie5_-2014_0005-95x95.jpg\" alt=\"\" width=\"95\" height=\"95\" \/><\/a><\/div>\n<p><a href=\"http:\/\/semndecarte.metarsis.ro\/wp-content\/uploads\/2014\/08\/Prietenie5_-2014_0010.jpg\" rel=\"lightbox[8631]\"><img loading=\"lazy\" class=\"alignleft size-thumbnail wp-image-8643\" title=\"Prietenie5_ 2014_0010\" src=\"http:\/\/semndecarte.metarsis.ro\/wp-content\/uploads\/2014\/08\/Prietenie5_-2014_0010-95x95.jpg\" alt=\"\" width=\"95\" height=\"95\" \/><\/a><a href=\"http:\/\/semndecarte.metarsis.ro\/wp-content\/uploads\/2014\/08\/Prietenie5_-2014_0011.jpg\" rel=\"lightbox[8631]\"><img loading=\"lazy\" class=\"alignleft size-thumbnail wp-image-8644\" title=\"Prietenie5_ 2014_0011\" src=\"http:\/\/semndecarte.metarsis.ro\/wp-content\/uploads\/2014\/08\/Prietenie5_-2014_0011-95x95.jpg\" alt=\"\" width=\"95\" height=\"95\" \/><\/a><a href=\"http:\/\/semndecarte.metarsis.ro\/wp-content\/uploads\/2014\/08\/Prietenie5_-2014_0012.jpg\" rel=\"lightbox[8631]\"><img loading=\"lazy\" class=\"alignleft size-thumbnail wp-image-8645\" title=\"Prietenie5_ 2014_0012\" src=\"http:\/\/semndecarte.metarsis.ro\/wp-content\/uploads\/2014\/08\/Prietenie5_-2014_0012-95x95.jpg\" alt=\"\" width=\"95\" height=\"95\" \/><\/a><a href=\"http:\/\/semndecarte.metarsis.ro\/wp-content\/uploads\/2014\/08\/Prietenie5_-2014_0019.jpg\" rel=\"lightbox[8631]\"><img loading=\"lazy\" class=\"alignleft size-thumbnail wp-image-8652\" title=\"Prietenie5_ 2014_0019\" src=\"http:\/\/semndecarte.metarsis.ro\/wp-content\/uploads\/2014\/08\/Prietenie5_-2014_0019-95x95.jpg\" alt=\"\" width=\"95\" height=\"95\" \/><\/a><a href=\"http:\/\/semndecarte.metarsis.ro\/wp-content\/uploads\/2014\/08\/Prietenie5_-2014_0013.jpg\" rel=\"lightbox[8631]\"><img loading=\"lazy\" class=\"alignleft size-thumbnail wp-image-8646\" title=\"Prietenie5_ 2014_0013\" src=\"http:\/\/semndecarte.metarsis.ro\/wp-content\/uploads\/2014\/08\/Prietenie5_-2014_0013-95x95.jpg\" alt=\"\" width=\"95\" height=\"95\" \/><\/a><a href=\"http:\/\/semndecarte.metarsis.ro\/wp-content\/uploads\/2014\/08\/Prietenie5_-2014_0014.jpg\" rel=\"lightbox[8631]\"><img loading=\"lazy\" class=\"alignleft size-thumbnail wp-image-8647\" title=\"Prietenie5_ 2014_0014\" src=\"http:\/\/semndecarte.metarsis.ro\/wp-content\/uploads\/2014\/08\/Prietenie5_-2014_0014-95x95.jpg\" alt=\"\" width=\"95\" height=\"95\" \/><\/a><a href=\"http:\/\/semndecarte.metarsis.ro\/wp-content\/uploads\/2014\/08\/Prietenie5_-2014_0015.jpg\" rel=\"lightbox[8631]\"><img loading=\"lazy\" class=\"alignleft size-thumbnail wp-image-8648\" title=\"Prietenie5_ 2014_0015\" src=\"http:\/\/semndecarte.metarsis.ro\/wp-content\/uploads\/2014\/08\/Prietenie5_-2014_0015-95x95.jpg\" alt=\"\" width=\"95\" height=\"95\" \/><\/a><a href=\"http:\/\/semndecarte.metarsis.ro\/wp-content\/uploads\/2014\/08\/Prietenie5_-2014_0016.jpg\" rel=\"lightbox[8631]\"><img loading=\"lazy\" class=\"alignleft size-thumbnail wp-image-8649\" title=\"Prietenie5_ 2014_0016\" src=\"http:\/\/semndecarte.metarsis.ro\/wp-content\/uploads\/2014\/08\/Prietenie5_-2014_0016-95x95.jpg\" alt=\"\" width=\"95\" height=\"95\" \/><\/a><a href=\"http:\/\/semndecarte.metarsis.ro\/wp-content\/uploads\/2014\/08\/Prietenie5_-2014_0017.jpg\" rel=\"lightbox[8631]\"><img loading=\"lazy\" class=\"alignleft size-thumbnail wp-image-8650\" title=\"Prietenie5_ 2014_0017\" src=\"http:\/\/semndecarte.metarsis.ro\/wp-content\/uploads\/2014\/08\/Prietenie5_-2014_0017-95x95.jpg\" alt=\"\" width=\"95\" height=\"95\" \/><\/a><a style=\"font-size: 13px;\" href=\"http:\/\/semndecarte.metarsis.ro\/wp-content\/uploads\/2014\/08\/Prietenie5_-2014_0020.jpg\" rel=\"lightbox[8631]\"><img loading=\"lazy\" class=\"alignleft size-thumbnail wp-image-8653\" style=\"font-size: 13px;\" title=\"Prietenie5_ 2014_0020\" src=\"http:\/\/semndecarte.metarsis.ro\/wp-content\/uploads\/2014\/08\/Prietenie5_-2014_0020-95x95.jpg\" alt=\"\" width=\"95\" height=\"95\" \/><\/a><a href=\"http:\/\/semndecarte.metarsis.ro\/wp-content\/uploads\/2014\/08\/Prietenie5_-2014_0018.jpg\" rel=\"lightbox[8631]\"><img loading=\"lazy\" class=\"alignleft size-thumbnail wp-image-8651\" title=\"Prietenie5_ 2014_0018\" src=\"http:\/\/semndecarte.metarsis.ro\/wp-content\/uploads\/2014\/08\/Prietenie5_-2014_0018-95x95.jpg\" alt=\"\" width=\"95\" height=\"95\" \/><\/a><\/p>\n<\/div>\n","protected":false},"excerpt":{"rendered":"<p>A cincea edi\u021bie a \u00eent\u00e2lnirilor de suflet a\u0219ezate sub genericul \u201cMINUNAT\u0102-I PRIETENIA\u201d s-a desf\u0103\u0219urat s\u00e2mb\u0103t\u0103, 2 august 2014, la G\u0103r\u00e2na (Wolfsberg), localitate a\u0219ezat\u0103 la poalele mun\u021bilor Semenic, la fel ca \u0219i edi\u021biile precedente. \u00cent\u00e2lnirea anual\u0103 a devenit un veritabil  Festival  Interna\u021bional al Prieteniei pentru c\u0103 adun\u0103 \u00een jurul focului de tab\u0103r\u0103- foc \u00een care ne propunem, s\u0103 ardem  toate necazurile, r\u0103ut\u0103\u0163ile, am\u0103r\u0103ciunile, g\u00e2ndurile rele, nelini\u015ftile, stresul adunate \u00eentr-un an- rom\u00e2ni, germani, maghiari, s\u00e2rbi \u0219i alte na\u021bionalit\u0103\u021bi,  prieteni vechi \u0219i mai noi, \u00eentr-o celebrare al unuia dintre cele mai importante sentimente umane: PRIETENIA.<\/p>\n","protected":false},"author":1,"featured_media":0,"comment_status":"open","ping_status":"open","sticky":false,"template":"","format":"standard","meta":[],"categories":[7],"tags":[247],"_links":{"self":[{"href":"https:\/\/semndecarte.metarsis.ro\/index.php?rest_route=\/wp\/v2\/posts\/8631"}],"collection":[{"href":"https:\/\/semndecarte.metarsis.ro\/index.php?rest_route=\/wp\/v2\/posts"}],"about":[{"href":"https:\/\/semndecarte.metarsis.ro\/index.php?rest_route=\/wp\/v2\/types\/post"}],"author":[{"embeddable":true,"href":"https:\/\/semndecarte.metarsis.ro\/index.php?rest_route=\/wp\/v2\/users\/1"}],"replies":[{"embeddable":true,"href":"https:\/\/semndecarte.metarsis.ro\/index.php?rest_route=%2Fwp%2Fv2%2Fcomments&post=8631"}],"version-history":[{"count":0,"href":"https:\/\/semndecarte.metarsis.ro\/index.php?rest_route=\/wp\/v2\/posts\/8631\/revisions"}],"wp:attachment":[{"href":"https:\/\/semndecarte.metarsis.ro\/index.php?rest_route=%2Fwp%2Fv2%2Fmedia&parent=8631"}],"wp:term":[{"taxonomy":"category","embeddable":true,"href":"https:\/\/semndecarte.metarsis.ro\/index.php?rest_route=%2Fwp%2Fv2%2Fcategories&post=8631"},{"taxonomy":"post_tag","embeddable":true,"href":"https:\/\/semndecarte.metarsis.ro\/index.php?rest_route=%2Fwp%2Fv2%2Ftags&post=8631"}],"curies":[{"name":"wp","href":"https:\/\/api.w.org\/{rel}","templated":true}]}}