{"id":8627,"date":"2014-08-06T10:13:36","date_gmt":"2014-08-06T08:13:36","guid":{"rendered":"http:\/\/semndecarte.metarsis.ro\/?p=8627"},"modified":"2014-08-06T10:13:36","modified_gmt":"2014-08-06T08:13:36","slug":"3-in-1-2","status":"publish","type":"post","link":"https:\/\/semndecarte.metarsis.ro\/?p=8627","title":{"rendered":"3 \u00een 1"},"content":{"rendered":"<p style=\"text-align: justify;\"><strong>2 c\u0103r\u021bi \u0219i un CD- folk<span style=\"font-size: 13px; line-height: 1.3;\">\u00a0<\/span><\/strong><\/p>\n<p style=\"text-align: justify;\"><a href=\"http:\/\/semndecarte.metarsis.ro\/wp-content\/uploads\/2014\/08\/Semn-de-Carte.jpg\" rel=\"lightbox[8627]\"><img loading=\"lazy\" class=\"alignleft size-full wp-image-8629\" title=\"Semn de Carte\" src=\"http:\/\/semndecarte.metarsis.ro\/wp-content\/uploads\/2014\/08\/Semn-de-Carte.jpg\" alt=\"\" width=\"520\" height=\"200\" srcset=\"https:\/\/semndecarte.metarsis.ro\/wp-content\/uploads\/2014\/08\/Semn-de-Carte.jpg 520w, https:\/\/semndecarte.metarsis.ro\/wp-content\/uploads\/2014\/08\/Semn-de-Carte-160x61.jpg 160w, https:\/\/semndecarte.metarsis.ro\/wp-content\/uploads\/2014\/08\/Semn-de-Carte-163x62.jpg 163w\" sizes=\"(max-width: 520px) 100vw, 520px\" \/><\/a>Alexandra Gorghiu, Ada Botezan \u0219i Cristian Buica<span style=\"font-size: 13px; line-height: 1.3;\">\u00a0<\/span><\/p>\n<p style=\"text-align: justify;\">Joi, 7 august 2014 de la ora 17:00, (dac\u0103 nu tun\u0103 \u015fi fulger\u0103) \u00een curtea libr\u0103riei \u201eSemn de Carte\u201d din Re\u015fi\u0163a, str. Libert\u0103\u0163ii 13, la majoratul Studioului Regional Radio Rom\u00e2nia Re\u015fi\u0163a, va avea loc o tripl\u0103 lansare: dou\u0103 volume de versuri \u0219i un CD-folk, pentru a s\u0103rb\u0103tori dragostea pentru radio, carte \u015fi muzic\u0103.<!--more--><\/p>\n<p style=\"text-align: justify;\">V\u0103 anun\u0163\u0103m cu bucurie c\u0103 aniversarea a 18 ani de c\u00e2nd Radio Rom\u00e2nia Re\u015fi\u0163a se afl\u0103 \u00een slujba M\u0103riei Sale Ascult\u0103torul st\u0103 \u015fi sub semnul culturii, cu acest prilej sus\u0163in\u00e2nd financiar apari\u0163ia a dou\u0103 c\u0103r\u0163i de poezie \u015fi a unui album de muzic\u0103 folk.\u00a0Lansarea va avea loc indiferent de condi\u0163iile meteorologice (\u00een incinta libr\u0103riei \u00een caz de timp nefavorabil).<\/p>\n<p style=\"text-align: justify;\">Vom recita \u015fi vom c\u00e2nta \u00eempreun\u0103 din volumul de debut al Adei Botezan \u201eDe obicei, m\u00e2ine\u201d, al Alexandrei Gorghiu \u201eDragostea din memoria telefonului\u201d \u015fi din noul album folk al \u00eendr\u0103gitului cantautor Cristian Buic\u0103 \u201eUnii c\u00e2nt\u0103, al\u0163ii beau\u201d. Reporteri\u0163ele de la Radio Re\u015fi\u0163a \u00ee\u015fi vor decoperi latura sensibil\u0103, dincolo de undele hertziene.<\/p>\n<p style=\"text-align: justify;\">Despre volumele publicate la Editura Tim din Re\u015fi\u0163a, sunt invita\u0163i s\u0103 vorbeasc\u0103: Laura Sgaverdea, managerul Studioului Regional Radio Rom\u00e2nia Re\u015fi\u0163a, criticul \u015fi editorul Gheorghe Jurma, criticul Ada D. Cruceanu \u015fi poeta Liubi\u0163a Raichici, directorul Direc\u0163iei pentru Cultur\u0103 \u015fi Patrimoniu a jude\u0163ului Cara\u015f-Severin. De asemenea, Cristian Buic\u0103 va purta un dialog muzical cu re\u015fi\u0163eanca Maria Gorghiu, invitat\u0103 special\u0103 la acest eveniment. (A.G)<\/p>\n<p style=\"text-align: justify;\">\u00a0<span style=\"font-size: 13px; line-height: 1.3;\">Eveniment organizat de Radio Rom\u00e2nia Re\u0219i\u021ba, Societatea pentru Cultur\u0103 METARSIS- activit\u0103\u021bi \u0219i servicii de cultur\u0103 urban\u0103 \u0219i art\u0103 contemporan\u0103- \u0219i Libr\u0103ria Semn de Carte.<\/span><\/p>\n","protected":false},"excerpt":{"rendered":"<p>Joi, 7 august 2014 de la ora 17:00, (dac\u0103 nu tun\u0103 \u015fi fulger\u0103) \u00een curtea libr\u0103riei \u201eSemn de Carte\u201d din Re\u015fi\u0163a, str. Libert\u0103\u0163ii 13, la majoratul Studioului Regional Radio Rom\u00e2nia Re\u015fi\u0163a, va avea loc o tripl\u0103 lansare: dou\u0103 volume de versuri \u0219i un CD-folk, pentru a s\u0103rb\u0103tori dragostea pentru radio, carte \u015fi muzic\u0103.<\/p>\n","protected":false},"author":1,"featured_media":0,"comment_status":"open","ping_status":"open","sticky":false,"template":"","format":"standard","meta":[],"categories":[3],"tags":[404,69,83],"_links":{"self":[{"href":"https:\/\/semndecarte.metarsis.ro\/index.php?rest_route=\/wp\/v2\/posts\/8627"}],"collection":[{"href":"https:\/\/semndecarte.metarsis.ro\/index.php?rest_route=\/wp\/v2\/posts"}],"about":[{"href":"https:\/\/semndecarte.metarsis.ro\/index.php?rest_route=\/wp\/v2\/types\/post"}],"author":[{"embeddable":true,"href":"https:\/\/semndecarte.metarsis.ro\/index.php?rest_route=\/wp\/v2\/users\/1"}],"replies":[{"embeddable":true,"href":"https:\/\/semndecarte.metarsis.ro\/index.php?rest_route=%2Fwp%2Fv2%2Fcomments&post=8627"}],"version-history":[{"count":0,"href":"https:\/\/semndecarte.metarsis.ro\/index.php?rest_route=\/wp\/v2\/posts\/8627\/revisions"}],"wp:attachment":[{"href":"https:\/\/semndecarte.metarsis.ro\/index.php?rest_route=%2Fwp%2Fv2%2Fmedia&parent=8627"}],"wp:term":[{"taxonomy":"category","embeddable":true,"href":"https:\/\/semndecarte.metarsis.ro\/index.php?rest_route=%2Fwp%2Fv2%2Fcategories&post=8627"},{"taxonomy":"post_tag","embeddable":true,"href":"https:\/\/semndecarte.metarsis.ro\/index.php?rest_route=%2Fwp%2Fv2%2Ftags&post=8627"}],"curies":[{"name":"wp","href":"https:\/\/api.w.org\/{rel}","templated":true}]}}