{"id":8607,"date":"2014-07-14T19:56:25","date_gmt":"2014-07-14T17:56:25","guid":{"rendered":"http:\/\/semndecarte.metarsis.ro\/?p=8607"},"modified":"2014-07-14T20:09:01","modified_gmt":"2014-07-14T18:09:01","slug":"viorel-marineasa-si-daniel-vighi-2-istorii-din-comedia-umana-a-banatului","status":"publish","type":"post","link":"https:\/\/semndecarte.metarsis.ro\/?p=8607","title":{"rendered":"Viorel Marineasa \u0219i Daniel Vighi -2 istorii din comedia uman\u0103 a Banatului"},"content":{"rendered":"<p><a style=\"font-size: 13px; text-align: justify;\" href=\"http:\/\/semndecarte.metarsis.ro\/wp-content\/uploads\/2014\/07\/Semn-de-Carte.jpg\" rel=\"lightbox[8607]\"><img loading=\"lazy\" class=\"alignleft size-full wp-image-8610\" style=\"font-size: 13px;\" title=\"Semn-de-Carte\" src=\"http:\/\/semndecarte.metarsis.ro\/wp-content\/uploads\/2014\/07\/Semn-de-Carte.jpg\" alt=\"\" width=\"520\" height=\"200\" srcset=\"https:\/\/semndecarte.metarsis.ro\/wp-content\/uploads\/2014\/07\/Semn-de-Carte.jpg 520w, https:\/\/semndecarte.metarsis.ro\/wp-content\/uploads\/2014\/07\/Semn-de-Carte-160x61.jpg 160w, https:\/\/semndecarte.metarsis.ro\/wp-content\/uploads\/2014\/07\/Semn-de-Carte-163x62.jpg 163w\" sizes=\"(max-width: 520px) 100vw, 520px\" \/><\/a><\/p>\n<p style=\"text-align: justify;\"><strong><span style=\"font-size: 13px; line-height: 1.3;\">Dubl\u0103 lansare de carte \u0219i recital de pian<\/span><\/strong><span style=\"font-size: 13px; line-height: 1.3;\">\u00a0<\/span><\/p>\n<p style=\"text-align: justify;\">\nMiercuri, 16 iulie 2014, orele 18:00, libr\u0103ria Semn de Carte din Re\u0219i\u021ba, str. Libert\u0103\u021bii 13, va g\u0103zdui, \u00een prezen\u021ba autorilor, \u00a0o dubl\u0103 lansare de carte: VIOREL MARINEASA-\u00a0<em>\u00cenainte \u0219i dup\u0103 (r\u0103zboiul rece)\u00a0<\/em>\u0219i DANIEL VIGHI-\u00a0<em>Istoria din cutia de pantofi<\/em>, dou\u0103 volume-m\u0103rturii, povestiri \u0219i tablete dintr-un Banat multietnic \u0219i, mai ales, multicultural.<span style=\"font-size: 13px; line-height: 1.3;\">\u00a0<!--more--><\/span><\/p>\n<p style=\"text-align: justify;\"><a href=\"http:\/\/semndecarte.metarsis.ro\/wp-content\/uploads\/2014\/07\/Viorel-Marineasa_Inainte-si-dupa-cop.jpg\" rel=\"lightbox[8607]\"><img loading=\"lazy\" class=\"alignright size-medium wp-image-8608\" title=\"Viorel Marineasa_Inainte si dupa cop\" src=\"http:\/\/semndecarte.metarsis.ro\/wp-content\/uploads\/2014\/07\/Viorel-Marineasa_Inainte-si-dupa-cop-119x160.jpg\" alt=\"\" width=\"119\" height=\"160\" srcset=\"https:\/\/semndecarte.metarsis.ro\/wp-content\/uploads\/2014\/07\/Viorel-Marineasa_Inainte-si-dupa-cop-119x160.jpg 119w, https:\/\/semndecarte.metarsis.ro\/wp-content\/uploads\/2014\/07\/Viorel-Marineasa_Inainte-si-dupa-cop-121x163.jpg 121w, https:\/\/semndecarte.metarsis.ro\/wp-content\/uploads\/2014\/07\/Viorel-Marineasa_Inainte-si-dupa-cop.jpg 447w\" sizes=\"(max-width: 119px) 100vw, 119px\" \/><\/a>VIOREL MARINEASA- eseist, publicist, editor \u0219i \u201cprozator de clas\u0103, construie\u0219te prin textele sale, pies\u0103 cu pies\u0103, un mozaic al<em>\u00a0b\u0103n\u0103\u021benismului<\/em>\u00a0ca provincialism multicultural\u2026 un soi de\u00a0<em>Comedie uman\u0103<\/em>\u00a0regional\u0103\u2026 \u00cel intereseaz\u0103 pe autor mai ales raporturile dintre microexis\u021bentele individuale \u0219i macromecanismele politice drept care \u00een piesele mozaicului, la scar\u0103 pr\u0103p\u0103dit\u0103 a vie\u021bilor de personaje provinciale, se r\u0103sfr\u00e2ng prin rota\u021bie epocile istoriei noastre recente, cu bunele \u0219i relele lor, cu perioade senine \u0219i cu teribile nedrept\u0103\u021bi sau orori. Marele me\u0219ter miniaturist capteaz\u0103 totul \u00een text, cu aer de\u00a0<em>obiectivitate<\/em>, de fapt comp\u0103timind al\u0103turi de victimile sale \u0219i totodata amuz\u00e2ndu-se pe seama lor, c\u0103ci, \u00een versiunea Marineasa,\u00a0<em>Comedia uman\u0103 a Banatului<\/em>\u00a0e de un haz nebun, sf\u00e2\u0219ietor\u2026\u201d \u2013 Ion Bogdan Lefter, prefa\u021ba volumului \u00ceNAINTE \u015eI DUP\u0102 (r\u0103zboiul rece).<span style=\"font-size: 13px; line-height: 1.3;\">\u00a0<\/span><\/p>\n<p style=\"text-align: justify;\"><a href=\"http:\/\/semndecarte.metarsis.ro\/wp-content\/uploads\/2014\/07\/coperta-istoria-din-cutia.jpg\" rel=\"lightbox[8607]\"><img loading=\"lazy\" class=\"alignleft size-medium wp-image-8609\" title=\"coperta-istoria-din-cutia\" src=\"http:\/\/semndecarte.metarsis.ro\/wp-content\/uploads\/2014\/07\/coperta-istoria-din-cutia-103x160.jpg\" alt=\"\" width=\"103\" height=\"160\" srcset=\"https:\/\/semndecarte.metarsis.ro\/wp-content\/uploads\/2014\/07\/coperta-istoria-din-cutia-103x160.jpg 103w, https:\/\/semndecarte.metarsis.ro\/wp-content\/uploads\/2014\/07\/coperta-istoria-din-cutia-105x163.jpg 105w, https:\/\/semndecarte.metarsis.ro\/wp-content\/uploads\/2014\/07\/coperta-istoria-din-cutia.jpg 389w\" sizes=\"(max-width: 103px) 100vw, 103px\" \/><\/a>DANIEL VIGHI- prozator, eseist \u0219i publicist, cu ISTORIA DIN CUTIA CU PANTOFI \u201c\u2026fascinanta c\u0103l\u0103torie a Povesta\u0219ului din prezentul banal \u0219i meschin, \u00een timpuri cu parfum oriental \u0219i imperial, pe care posteritatea e pe cale s\u0103 le \u0219tearg\u0103 definitiv din memoria cultural\u0103 a doua ora\u0219e din vestul \u021b\u0103rii: Timi\u0219oara \u0219i Lipova&#8230; istorii nemaiauzite dintr-o lume ascuns\u0103 \u00een ziduri \u0219i arhive, aflate \u00een pericol iminent, \u00een a\u0219teptarea\u00a0 Povesta\u0219ului \u0219i a curiosului s\u0103u ascult\u0103tor\u2026 dou\u0103 lumi care se \u00eentrep\u0103trund mereu \u00een imagina\u0163ia lui Daniel Vighi. Lumea celor vii \u0219i lumea celor mor\u021bi, am\u00e2ndou\u0103 cu topografiile \u0219i istoriile lor, v\u0103lm\u0103\u0219agul de str\u0103zi, case, birturi, v\u0103i, dealuri, cur\u021bi, c\u00e2mpuri, depozite, cinematografe, cimitire, s\u0103li de bal, biserici, fabrici\u2026 or\u0103\u0219ele \u0219i ora\u0219e din Banat, purt\u00e2nd denuimiri ciudate, cu o muzic\u0103 anume, inconfundabil\u0103, populate de un amestec uneori indistinct de na\u021bii \u0219i rase, de limbi \u0219i obiceiuri\u201d \u2013 Adriana Babe\u021bi.<span style=\"font-size: 13px; line-height: 1.3;\">\u00a0<\/span><\/p>\n<p style=\"text-align: justify;\">Moment muzical semnat de re\u0219iteanul CATALIN IACOB, absolvent al Academiei de Muzic\u0103 \u201cGheorghe Dima\u201d din Cluj- sec\u021bia PIAN, \u00a0masterand Sam Houston \u00a0State University- SUA.<span style=\"font-size: 13px; line-height: 1.3;\">\u00a0<\/span><\/p>\n<p style=\"text-align: justify;\">Invitat special: prof. dr. Sabin P\u0103utza, pre\u0219edinte al Societ\u0103\u021bii pentru Cultur\u0103 METARSIS- Banat, organizator principal al evenimentului.<\/p>\n","protected":false},"excerpt":{"rendered":"<p>Miercuri, 16 iulie 2014, orele 18:00, libr\u0103ria Semn de Carte din Re\u0219i\u021ba, str. Libert\u0103\u021bii 13, va g\u0103zdui, \u00een prezen\u021ba autorilor,  o dubl\u0103 lansare de carte: VIOREL MARINEASA- \u00cenainte \u0219i dup\u0103 (r\u0103zboiul rece) \u0219i DANIEL VIGHI- Istoria din cutia de pantofi, dou\u0103 volume-m\u0103rturii, povestiri \u0219i tablete dintr-un Banat multietnic \u0219i, mai ales, multicultural. <\/p>\n","protected":false},"author":1,"featured_media":0,"comment_status":"open","ping_status":"open","sticky":false,"template":"","format":"standard","meta":[],"categories":[3],"tags":[69,82],"_links":{"self":[{"href":"https:\/\/semndecarte.metarsis.ro\/index.php?rest_route=\/wp\/v2\/posts\/8607"}],"collection":[{"href":"https:\/\/semndecarte.metarsis.ro\/index.php?rest_route=\/wp\/v2\/posts"}],"about":[{"href":"https:\/\/semndecarte.metarsis.ro\/index.php?rest_route=\/wp\/v2\/types\/post"}],"author":[{"embeddable":true,"href":"https:\/\/semndecarte.metarsis.ro\/index.php?rest_route=\/wp\/v2\/users\/1"}],"replies":[{"embeddable":true,"href":"https:\/\/semndecarte.metarsis.ro\/index.php?rest_route=%2Fwp%2Fv2%2Fcomments&post=8607"}],"version-history":[{"count":0,"href":"https:\/\/semndecarte.metarsis.ro\/index.php?rest_route=\/wp\/v2\/posts\/8607\/revisions"}],"wp:attachment":[{"href":"https:\/\/semndecarte.metarsis.ro\/index.php?rest_route=%2Fwp%2Fv2%2Fmedia&parent=8607"}],"wp:term":[{"taxonomy":"category","embeddable":true,"href":"https:\/\/semndecarte.metarsis.ro\/index.php?rest_route=%2Fwp%2Fv2%2Fcategories&post=8607"},{"taxonomy":"post_tag","embeddable":true,"href":"https:\/\/semndecarte.metarsis.ro\/index.php?rest_route=%2Fwp%2Fv2%2Ftags&post=8607"}],"curies":[{"name":"wp","href":"https:\/\/api.w.org\/{rel}","templated":true}]}}