{"id":8601,"date":"2014-07-09T22:28:54","date_gmt":"2014-07-09T20:28:54","guid":{"rendered":"http:\/\/semndecarte.metarsis.ro\/?p=8601"},"modified":"2014-07-09T22:28:54","modified_gmt":"2014-07-09T20:28:54","slug":"povestea-continua","status":"publish","type":"post","link":"https:\/\/semndecarte.metarsis.ro\/?p=8601","title":{"rendered":"POVESTEA CONTINU\u0102"},"content":{"rendered":"<p><strong><span style=\"font-size: 13px; line-height: 1.3;\">Jazz-crez<\/span><\/strong><\/p>\n<p><strong><a href=\"http:\/\/semndecarte.metarsis.ro\/wp-content\/uploads\/2013\/07\/Nicolas-Simion-Sorin-Romanescu.jpg\" rel=\"lightbox[8601]\"><img loading=\"lazy\" class=\"alignleft size-full wp-image-7970\" title=\"Nicolas Simion - Sorin Romanescu\" src=\"http:\/\/semndecarte.metarsis.ro\/wp-content\/uploads\/2013\/07\/Nicolas-Simion-Sorin-Romanescu.jpg\" alt=\"\" width=\"520\" height=\"200\" srcset=\"https:\/\/semndecarte.metarsis.ro\/wp-content\/uploads\/2013\/07\/Nicolas-Simion-Sorin-Romanescu.jpg 520w, https:\/\/semndecarte.metarsis.ro\/wp-content\/uploads\/2013\/07\/Nicolas-Simion-Sorin-Romanescu-160x61.jpg 160w, https:\/\/semndecarte.metarsis.ro\/wp-content\/uploads\/2013\/07\/Nicolas-Simion-Sorin-Romanescu-163x62.jpg 163w\" sizes=\"(max-width: 520px) 100vw, 520px\" \/><\/a>NICOLAS SIMION (Germania) instrumente cu ancii,\u00a0<\/strong><strong style=\"font-size: 13px; line-height: 1.3;\">SORIN ROMANESCU (Rom\u00e2nia) chitare<\/strong><span style=\"font-size: 13px; line-height: 1.3;\">\u00a0<\/span><\/p>\n<p style=\"text-align: justify;\">S\u00e2mb\u0103t\u0103, 12 iulie 2014, orele 12:30, \u00een Biserica Romano-Catolic\u0103 din Brebu Nou, jud. Cara\u015f-Severin, Nicolas Simion (Germania) -saxofon, clarinet \u015fi Sorin Romanescu (Rom\u00e2nia)- chitara vor continua POVEATEA IMPROVIZAT\u0102 \u00eenceput\u0103 \u00een iulie anul trecut, m\u0103rturisind crezul \u00een jazz, \u00een &#8222;catedrala dintre brazi&#8221; (Florian Lungu). \u00cen \u00a0acest spa\u0163iu binecuv\u00e2ntat, devenit, de ani buni, l\u0103ca\u015f de bucurie \u00eemp\u0103rt\u0103\u015fit\u0103 \u00eentre arti\u015fti de excep\u0163ie \u015fi un public cald, ales, \u00een iulie 2014, POVESTEA CONTINU\u0102&#8230; cu jazz-crez.<span style=\"font-size: 13px; line-height: 1.3;\">\u00a0<\/span><\/p>\n<p style=\"text-align: justify;\">Invita\u0163i speciali: Sabin P\u0103utza,\u00a0\u201cconductor emeritus\u201d al Plainfield Symphony Orchesta din New Jersey- SUA \u015fi colegul s\u0103u de Conservator &#8222;Sweet&#8221; Florian Lungu.<span style=\"font-size: 13px; line-height: 1.3;\">\u00a0<\/span><\/p>\n<p style=\"text-align: justify;\">Eveniment organizat de Societatea pentru Cultur\u0103 METARSIS cu sprijinul Consiliului Jude\u0163ean Cara\u015f- Severin, al libr\u0103riei Semn de Carte \u015fi Piperiu Publica\u0163ii cu bun\u0103voin\u0163a Parohiei Romano Catolice \u201cMaria Z\u0103pezii\u201d, prin preot J\u00f3zsef Csaba P\u00e1l, canonic de Timi\u015foara \u015fi arhidiacon romano-catolic al Banatului Montan.<!--more--><\/p>\n<div>\n<div style=\"text-align: justify;\"><span style=\"color: #0000ee;\"><br \/>\n<\/span><\/div>\n<p><a href=\"http:\/\/semndecarte.metarsis.ro\/wp-content\/uploads\/2013\/07\/04.jpg\" rel=\"lightbox[8601]\"><img loading=\"lazy\" class=\"alignleft size-thumbnail wp-image-7975\" title=\"La microfon Mo\u0219u - Florian Lungu\" src=\"http:\/\/semndecarte.metarsis.ro\/wp-content\/uploads\/2013\/07\/04-95x95.jpg\" alt=\"\" width=\"95\" height=\"95\" \/><\/a><a href=\"http:\/\/semndecarte.metarsis.ro\/wp-content\/uploads\/2013\/07\/011.jpg\" rel=\"lightbox[8601]\"><img loading=\"lazy\" class=\"alignleft size-thumbnail wp-image-7990\" style=\"font-size: 13px;\" title=\"Florian Lungu \u015fi Sabin P\u0103u\u0163a - dou\u0103 legende vii\" src=\"http:\/\/semndecarte.metarsis.ro\/wp-content\/uploads\/2013\/07\/011-95x95.jpg\" alt=\"\" width=\"95\" height=\"95\" \/><\/a><a href=\"http:\/\/semndecarte.metarsis.ro\/wp-content\/uploads\/2013\/07\/07.jpg\" rel=\"lightbox[8601]\"><img loading=\"lazy\" class=\"alignleft size-thumbnail wp-image-7978\" style=\"font-size: 13px;\" title=\"Sorin Romanescu, de mai mul\u021bi ani, cel mai bun chitarist al \u021b\u0103rii.\" src=\"http:\/\/semndecarte.metarsis.ro\/wp-content\/uploads\/2013\/07\/07-95x95.jpg\" alt=\"\" width=\"95\" height=\"95\" \/><\/a><a href=\"http:\/\/semndecarte.metarsis.ro\/wp-content\/uploads\/2013\/07\/12.jpg\" rel=\"lightbox[8601]\"><img loading=\"lazy\" class=\"alignleft size-thumbnail wp-image-7983\" style=\"font-size: 13px;\" title=\"Nicolas Simion c\u00e2nt\u00e2nd la orga bisericii reparat\u0103 cu pricepere de maestrul Fodor chiar \u00eenaintea concertului prin bun\u0103voin\u021ba lui L. Butoi\" src=\"http:\/\/semndecarte.metarsis.ro\/wp-content\/uploads\/2013\/07\/12-95x95.jpg\" alt=\"\" width=\"95\" height=\"95\" \/><\/a><a href=\"http:\/\/semndecarte.metarsis.ro\/wp-content\/uploads\/2013\/07\/06.jpg\" rel=\"lightbox[8601]\"><img loading=\"lazy\" class=\"alignleft size-thumbnail wp-image-7977\" title=\"Nicolas Simion - saxofon \u0219i Sorin Romanescu - chitara\" src=\"http:\/\/semndecarte.metarsis.ro\/wp-content\/uploads\/2013\/07\/06-95x95.jpg\" alt=\"\" width=\"95\" height=\"95\" \/><\/a><\/p>\n<\/div>\n<p style=\"text-align: justify;\">\u00a0<iframe src=\"http:\/\/www.youtube.com\/embed\/HlmLopm9OGU\" frameborder=\"0\" align=\"left\" width=\"520\" height=\"428\"><\/iframe><\/p>\n","protected":false},"excerpt":{"rendered":"<p>S\u00e2mb\u0103t\u0103, 12 iulie 2014, orele 12:30, \u00een Biserica Romano-Catolic\u0103 din Brebu Nou, jud. Cara\u015f-Severin, Nicolas Simion (Germania) -saxofon, clarinet \u015fi Sorin Romanescu (Rom\u00e2nia)- chitara vor continua POVEATEA IMPROVIZAT\u0102 \u00eenceput\u0103 \u00een iulie anul trecut, m\u0103rturisind crezul \u00een jazz, \u00een &#8222;catedrala dintre brazi&#8221; (Florian Lungu). \u00cen  acest spa\u0163iu binecuv\u00e2ntat, devenit, de ani buni, l\u0103ca\u015f de bucurie \u00eemp\u0103rt\u0103\u015fit\u0103 \u00eentre arti\u015fti de excep\u0163ie \u015fi un public cald, ales, \u00een iulie 2014, POVESTEA CONTINU\u0102&#8230; cu jazz-crez. <\/p>\n","protected":false},"author":1,"featured_media":0,"comment_status":"open","ping_status":"open","sticky":false,"template":"","format":"standard","meta":[],"categories":[3],"tags":[334],"_links":{"self":[{"href":"https:\/\/semndecarte.metarsis.ro\/index.php?rest_route=\/wp\/v2\/posts\/8601"}],"collection":[{"href":"https:\/\/semndecarte.metarsis.ro\/index.php?rest_route=\/wp\/v2\/posts"}],"about":[{"href":"https:\/\/semndecarte.metarsis.ro\/index.php?rest_route=\/wp\/v2\/types\/post"}],"author":[{"embeddable":true,"href":"https:\/\/semndecarte.metarsis.ro\/index.php?rest_route=\/wp\/v2\/users\/1"}],"replies":[{"embeddable":true,"href":"https:\/\/semndecarte.metarsis.ro\/index.php?rest_route=%2Fwp%2Fv2%2Fcomments&post=8601"}],"version-history":[{"count":0,"href":"https:\/\/semndecarte.metarsis.ro\/index.php?rest_route=\/wp\/v2\/posts\/8601\/revisions"}],"wp:attachment":[{"href":"https:\/\/semndecarte.metarsis.ro\/index.php?rest_route=%2Fwp%2Fv2%2Fmedia&parent=8601"}],"wp:term":[{"taxonomy":"category","embeddable":true,"href":"https:\/\/semndecarte.metarsis.ro\/index.php?rest_route=%2Fwp%2Fv2%2Fcategories&post=8601"},{"taxonomy":"post_tag","embeddable":true,"href":"https:\/\/semndecarte.metarsis.ro\/index.php?rest_route=%2Fwp%2Fv2%2Ftags&post=8601"}],"curies":[{"name":"wp","href":"https:\/\/api.w.org\/{rel}","templated":true}]}}