{"id":8597,"date":"2014-07-03T16:52:29","date_gmt":"2014-07-03T14:52:29","guid":{"rendered":"http:\/\/semndecarte.metarsis.ro\/?p=8597"},"modified":"2014-07-03T17:35:37","modified_gmt":"2014-07-03T15:35:37","slug":"eminescu-ziaristul","status":"publish","type":"post","link":"https:\/\/semndecarte.metarsis.ro\/?p=8597","title":{"rendered":"EMINESCU- ziaristul"},"content":{"rendered":"<p style=\"text-align: justify;\"><span style=\"font-size: 13px; line-height: 1.3;\">Vineri, 4 iulie 2014, orele 18:00, libr\u0103ria Semn de Carte din Re\u0219i\u021ba, str. Libert\u0103\u021bii 13, g\u0103zduie\u0219te un eveniment de exceptie: EMINESCU- ziaristul. Moderat de Doru Dinu Glavan, pre\u0219edinte al Uniunii Zari\u0219tilor Profesioni\u0219ti din Rom\u00e2nia \u0219i av\u00e2nd ca invita\u021bi pe regizorul Mihai Lungeanu (Bucure\u0219ti) \u0219i pe criticul Gheorghe Jurma- reputat eminescolog re\u0219i\u021bean, evenimentul \u00ee\u0219i propune, la 125 de ani de la trecerea \u00een nefiin\u021b\u0103 (15 iunie) evocarea\u00a0<\/span><strong style=\"font-size: 13px; line-height: 1.3;\">\u00a0jurnalistului<\/strong><span style=\"font-size: 13px; line-height: 1.3;\">\u00a0&#8211; ipostaza mai pu\u021bin cunoscut\u0103- a lui Mihai Eminescu \u0219i \u00a0a perioadei 1877-1883 c\u00e2nd \u201cpoetul nepereche\u201d a lucrat la \u201cTimpul\u201d unde, \u00eentre anii 1880-1881 a fost redactor \u0219ef.<\/span><\/p>\n<p><a style=\"font-size: 13px; text-align: justify;\" href=\"http:\/\/semndecarte.metarsis.ro\/wp-content\/uploads\/2014\/07\/Danut-Ghilea.jpg\" rel=\"lightbox[8597]\"><img loading=\"lazy\" class=\"size-large wp-image-8598 alignright\" style=\"font-size: 13px;\" title=\"Danut Ghilea\" src=\"http:\/\/semndecarte.metarsis.ro\/wp-content\/uploads\/2014\/07\/Danut-Ghilea-160x163.jpg\" alt=\"\" width=\"160\" height=\"163\" srcset=\"https:\/\/semndecarte.metarsis.ro\/wp-content\/uploads\/2014\/07\/Danut-Ghilea-160x163.jpg 160w, https:\/\/semndecarte.metarsis.ro\/wp-content\/uploads\/2014\/07\/Danut-Ghilea-157x160.jpg 157w, https:\/\/semndecarte.metarsis.ro\/wp-content\/uploads\/2014\/07\/Danut-Ghilea.jpg 695w\" sizes=\"(max-width: 160px) 100vw, 160px\" \/><\/a><\/p>\n<p style=\"text-align: justify;\">\u201cZiua de 28 iunie 1883 este ultima zi de lucru a ziaristului Mihai Eminescu, \u00een redac\u0163ia\u00a0<strong>Timpul<\/strong>. A fost ziua c\u00e2nd temutului publicist i-a fost luat dreptul de a mai activa \u00een r\u00e2ndul presei, pentru atitudinea sa tran\u015fant\u0103 \u00een ceea ce \u00eenseamn\u0103 moralitatea \u00eentregii societ\u0103\u0163i.\u201d (Doru Dinu Glavan).<\/p>\n<p style=\"text-align: justify;\"><span style=\"font-size: 13px; line-height: 1.3;\"><strong>\u201cS\u0103 nu ui\u021bi\u201d \u2013 D\u0103nu\u021b Ghilea<\/strong><\/span><\/p>\n<p style=\"text-align: justify;\"><span style=\"font-size: 13px; line-height: 1.3;\"><strong><\/strong>Cu acest prilej va fi lansat cd-ul S\u0102 NU UI\u021aI \u00a0al tanarului re\u0219i\u021bean D\u0102NU\u021a GHILEA, \u00a0un adolescent frumos \u0219i talentat, o voce care va marca, cu siguran\u021b\u0103, muzica de calitate din Rom\u00e2nia.<!--more--><\/span><\/p>\n<p style=\"text-align: justify;\">Un eveniment organizat de Societatea pentru Cultura METARSIS \u2013 servicii de cultura urbana si arta contemporana prin libraria Semn de Carte in colaborare cu Uniunea Ziaristilor Profesionisti din Romania Filiala Caras-Severin si Asociatia Radio Semenic.<\/p>\n","protected":false},"excerpt":{"rendered":"<p>Vineri, 4 iulie 2014, orele 18:00, libr\u0103ria Semn de Carte din Re\u0219i\u021ba, str. Libert\u0103\u021bii 13, g\u0103zduie\u0219te un eveniment de exceptie: EMINESCU- ziaristul. Moderat de Doru Dinu Glavan, pre\u0219edinte al Uniunii Zari\u0219tilor Profesioni\u0219ti din Rom\u00e2nia \u0219i av\u00e2nd ca invita\u021bi pe regizorul Mihai Lungeanu (Bucure\u0219ti) \u0219i pe criticul Gheorghe Jurma- reputat eminescolog re\u0219i\u021bean, evenimentul \u00ee\u0219i propune, la 125 de ani de la trecerea \u00een nefiin\u021b\u0103 (15 iunie) evocarea  jurnalistului &#8211; ipostaza mai pu\u021bin cunoscut\u0103- a lui Mihai Eminescu \u0219i  a perioadei 1877-1883 c\u00e2nd \u201cpoetul nepereche\u201d a lucrat la \u201cTimpul\u201d unde, \u00eentre anii 1880-1881 a fost redactor \u0219ef.<br \/>\nCu acest prilej va fi lansat cd-ul S\u0102 NU UI\u021aI  al tanarului re\u0219i\u021bean D\u0102NU\u021a GHILEA,  un adolescent frumos \u0219i talentat, o voce care va marca, cu siguran\u021b\u0103, muzica de calitate din Rom\u00e2nia.<\/p>\n","protected":false},"author":1,"featured_media":0,"comment_status":"open","ping_status":"open","sticky":false,"template":"","format":"standard","meta":[],"categories":[3],"tags":[405,404],"_links":{"self":[{"href":"https:\/\/semndecarte.metarsis.ro\/index.php?rest_route=\/wp\/v2\/posts\/8597"}],"collection":[{"href":"https:\/\/semndecarte.metarsis.ro\/index.php?rest_route=\/wp\/v2\/posts"}],"about":[{"href":"https:\/\/semndecarte.metarsis.ro\/index.php?rest_route=\/wp\/v2\/types\/post"}],"author":[{"embeddable":true,"href":"https:\/\/semndecarte.metarsis.ro\/index.php?rest_route=\/wp\/v2\/users\/1"}],"replies":[{"embeddable":true,"href":"https:\/\/semndecarte.metarsis.ro\/index.php?rest_route=%2Fwp%2Fv2%2Fcomments&post=8597"}],"version-history":[{"count":0,"href":"https:\/\/semndecarte.metarsis.ro\/index.php?rest_route=\/wp\/v2\/posts\/8597\/revisions"}],"wp:attachment":[{"href":"https:\/\/semndecarte.metarsis.ro\/index.php?rest_route=%2Fwp%2Fv2%2Fmedia&parent=8597"}],"wp:term":[{"taxonomy":"category","embeddable":true,"href":"https:\/\/semndecarte.metarsis.ro\/index.php?rest_route=%2Fwp%2Fv2%2Fcategories&post=8597"},{"taxonomy":"post_tag","embeddable":true,"href":"https:\/\/semndecarte.metarsis.ro\/index.php?rest_route=%2Fwp%2Fv2%2Ftags&post=8597"}],"curies":[{"name":"wp","href":"https:\/\/api.w.org\/{rel}","templated":true}]}}