{"id":8586,"date":"2014-06-10T16:19:10","date_gmt":"2014-06-10T14:19:10","guid":{"rendered":"http:\/\/semndecarte.metarsis.ro\/?p=8586"},"modified":"2014-06-10T16:19:10","modified_gmt":"2014-06-10T14:19:10","slug":"lansare-carte-recital-pian-si-contrabas","status":"publish","type":"post","link":"https:\/\/semndecarte.metarsis.ro\/?p=8586","title":{"rendered":"Lansare carte &#8211; recital pian \u0219i contrabas"},"content":{"rendered":"<p><span style=\"font-size: 13px; line-height: 1.3;\"><a href=\"http:\/\/semndecarte.metarsis.ro\/wp-content\/uploads\/2014\/06\/AG-CHilii.jpg\" rel=\"lightbox[8586]\"><img loading=\"lazy\" class=\"alignleft size-full wp-image-8587\" title=\"AG CHilii\" src=\"http:\/\/semndecarte.metarsis.ro\/wp-content\/uploads\/2014\/06\/AG-CHilii.jpg\" alt=\"\" width=\"519\" height=\"200\" srcset=\"https:\/\/semndecarte.metarsis.ro\/wp-content\/uploads\/2014\/06\/AG-CHilii.jpg 519w, https:\/\/semndecarte.metarsis.ro\/wp-content\/uploads\/2014\/06\/AG-CHilii-160x61.jpg 160w, https:\/\/semndecarte.metarsis.ro\/wp-content\/uploads\/2014\/06\/AG-CHilii-163x62.jpg 163w\" sizes=\"(max-width: 519px) 100vw, 519px\" \/><\/a>Miercuri,\u00a011 iunie 2014 de la orele 18:00, scriitorul bucure\u0219tean Adrian Georgescu va fi prezent la libr\u0103ria Semn de Carte din Re\u0219i\u021ba, str. Libert\u0103\u021bii 13, cu cea mai \u00a0recent\u0103 apari\u021bie: CHILII, a doua carte apar\u021bin\u00e2nd tripticului ANASTASIS. Dedicat\u0103 cuvio\u0219ilor p\u0103rin\u021bi din Sf\u00e2nta M\u0103n\u0103stire Frasinei, volumul \u201cse descoper\u0103 a fi o cutremuratoare medita\u021bie despre lume \u0219i Dumnezeu, izvor\u00e2t\u0103 din ad\u00e2nc\u0103 sim\u021bire \u0219i \u00eensufle\u021bit\u0103 de duhul smeritei rug\u0103ciuni\u2026 Prin\u00a0<\/span><strong style=\"font-size: 13px; line-height: 1.3;\"><em>Chilii<\/em><\/strong><span style=\"font-size: 13px; line-height: 1.3;\">\u00a0autorul se adreseaz\u0103 tutror celor care, \u00een \u00eencerc\u0103rile vie\u021bii, sunt lupta\u021bi ori birui\u021bi de duhul amarelor dezn\u0103dejdi.\u201d (Ieromonah Hristostom Iorgulescu- M\u0103n\u0103stirea Sf\u00e2ntul Nicolae-Sitaru).\u00a0<\/span><\/p>\n<p>Invita\u021bi special:\u00a0parintele Ioanichie- Ioan Petric\u0103, preot duhovnic la M\u0103n\u0103stirea Sf\u00e2ntul Ilie de la Izvor- Boc\u0219a, dr. Octavian Apahideanu, dr. Sabin P\u0103u\u021ba, compozitor. Seara se va \u00eencheia cu un recital sus\u021binut de profesorii Liceului de Arte \u201cSabin P\u0103u\u021ba\u201d: Cristian Ro\u0219oag\u0103- pian \u0219i Eduard Gentile Ailenei- contrabas.<!--more--><\/p>\n<p>Eveniment organizat de Societatea pentru Cultur\u0103 METARSIS- activit\u0103\u021bi \u0219i servicii de cultur\u0103 urban\u0103 \u0219i art\u0103 contemporan\u0103 prin libr\u0103ria Semn de Carte.<\/p>\n","protected":false},"excerpt":{"rendered":"<p>Miercuri, 11 iunie 2014 de la orele 18:00, scriitorul bucure\u0219tean Adrian Georgescu va fi prezent la libr\u0103ria Semn de Carte din Re\u0219i\u021ba, str. Libert\u0103\u021bii 13, cu cea mai  recent\u0103 apari\u021bie: CHILII, a doua carte apar\u021bin\u00e2nd tripticului ANASTASIS. Dedicat\u0103 cuvio\u0219ilor p\u0103rin\u021bi din Sf\u00e2nta M\u0103n\u0103stire Frasinei, volumul \u201cse descoper\u0103 a fi o cutremuratoare medita\u021bie despre lume \u0219i Dumnezeu, izvor\u00e2t\u0103 din ad\u00e2nc\u0103 sim\u021bire \u0219i \u00eensufle\u021bit\u0103 de duhul smeritei rug\u0103ciuni\u2026 Prin Chilii autorul se adreseaz\u0103 tutror celor care, \u00een \u00eencerc\u0103rile vie\u021bii, sunt lupta\u021bi ori birui\u021bi de duhul amarelor dezn\u0103dejdi.\u201d (Ieromonah Hristostom Iorgulescu- M\u0103n\u0103stirea Sf\u00e2ntul Nicolae-Sitaru).<br \/>\nInvita\u021bi special: parintele Ioanichie- Ioan Petric\u0103, preot duhovnic la M\u0103n\u0103stirea Sf\u00e2ntul Ilie de la Izvor- Boc\u0219a, dr. Octavian Apahideanu, dr. Sabin P\u0103u\u021ba, compozitor. Seara se va \u00eencheia cu un recital sus\u021binut de profesorii Liceului de Arte \u201cSabin P\u0103u\u021ba\u201d: Cristian Ro\u0219oag\u0103- pian \u0219i Eduard Gentile Ailenei- contrabas.<\/p>\n","protected":false},"author":1,"featured_media":0,"comment_status":"open","ping_status":"open","sticky":false,"template":"","format":"standard","meta":[],"categories":[3],"tags":[69,403],"_links":{"self":[{"href":"https:\/\/semndecarte.metarsis.ro\/index.php?rest_route=\/wp\/v2\/posts\/8586"}],"collection":[{"href":"https:\/\/semndecarte.metarsis.ro\/index.php?rest_route=\/wp\/v2\/posts"}],"about":[{"href":"https:\/\/semndecarte.metarsis.ro\/index.php?rest_route=\/wp\/v2\/types\/post"}],"author":[{"embeddable":true,"href":"https:\/\/semndecarte.metarsis.ro\/index.php?rest_route=\/wp\/v2\/users\/1"}],"replies":[{"embeddable":true,"href":"https:\/\/semndecarte.metarsis.ro\/index.php?rest_route=%2Fwp%2Fv2%2Fcomments&post=8586"}],"version-history":[{"count":0,"href":"https:\/\/semndecarte.metarsis.ro\/index.php?rest_route=\/wp\/v2\/posts\/8586\/revisions"}],"wp:attachment":[{"href":"https:\/\/semndecarte.metarsis.ro\/index.php?rest_route=%2Fwp%2Fv2%2Fmedia&parent=8586"}],"wp:term":[{"taxonomy":"category","embeddable":true,"href":"https:\/\/semndecarte.metarsis.ro\/index.php?rest_route=%2Fwp%2Fv2%2Fcategories&post=8586"},{"taxonomy":"post_tag","embeddable":true,"href":"https:\/\/semndecarte.metarsis.ro\/index.php?rest_route=%2Fwp%2Fv2%2Ftags&post=8586"}],"curies":[{"name":"wp","href":"https:\/\/api.w.org\/{rel}","templated":true}]}}