{"id":8568,"date":"2014-06-05T22:36:51","date_gmt":"2014-06-05T20:36:51","guid":{"rendered":"http:\/\/semndecarte.metarsis.ro\/?p=8568"},"modified":"2014-06-05T22:36:51","modified_gmt":"2014-06-05T20:36:51","slug":"expo-sculptura-in-lemn","status":"publish","type":"post","link":"https:\/\/semndecarte.metarsis.ro\/?p=8568","title":{"rendered":"Expo sculptur\u0103 \u00een lemn"},"content":{"rendered":"<p><strong><span style=\"font-size: 13px; line-height: 1.3;\">Cercul \u201cJACOB NEUBAUER\u201d \u00a0al FDGR<\/span><\/strong><\/p>\n<p style=\"text-align: justify;\"><span style=\"font-size: 13px; line-height: 1.3;\"><a href=\"http:\/\/semndecarte.metarsis.ro\/wp-content\/uploads\/2014\/06\/vernisaj.jpg\" rel=\"lightbox[8568]\"><img loading=\"lazy\" class=\"alignleft size-full wp-image-8569\" title=\"vernisaj\" src=\"http:\/\/semndecarte.metarsis.ro\/wp-content\/uploads\/2014\/06\/vernisaj.jpg\" alt=\"\" width=\"520\" height=\"201\" srcset=\"https:\/\/semndecarte.metarsis.ro\/wp-content\/uploads\/2014\/06\/vernisaj.jpg 520w, https:\/\/semndecarte.metarsis.ro\/wp-content\/uploads\/2014\/06\/vernisaj-160x61.jpg 160w, https:\/\/semndecarte.metarsis.ro\/wp-content\/uploads\/2014\/06\/vernisaj-163x63.jpg 163w\" sizes=\"(max-width: 520px) 100vw, 520px\" \/><\/a>Mar\u021bi, 3 martie 2014 orele 18:00, \u00een ceain\u0103ria libr\u0103riei Semn de Carte a fost vernisat\u0103 expozi\u021bia cercului de sculptur\u0103 \u201cJacob Neubauer\u201d\u00a0de pe l\u00e2ng\u0103 Forumul Democrat al Germanilor din Rom\u00e2nia, filiala Cara\u0219-Severin. Reprezentant de seama al etniei germane din Banatul Montan, polisportiv \u0219i artist, fondator\u00a0al cercului de sculptur\u0103 \u00een lemn, Jacob Neubauer (1922- 2001)\u00a0a fost evocat de Yvonne Christa Demeny \u2013 membru \u00een comitetul de conducere al FDRG- CS prezent\u00e2ndu-l, apoi, pe Geroge Molin-\u00a0 discipol al lui Jacob Neubauer, coordonator \u0219i \u00eendrumator actual al cercului de sculptur\u0103 mic\u0103 \u00een lemn.<!--more--><\/span><\/p>\n<p style=\"text-align: justify;\">\u201cDin anul 2001 de c\u00e2nd coordonez cercul de sculptur\u0103 mul\u021bi tineri \u0219i v\u00e2rstnici au putut frecventa acest cerc, ini\u021biindu-se \u00een tainele sculpturii. Lucr\u0103m \u00een lemn de tei, cire\u0219, nuc \u0219i stejar, cu d\u0103l\u021bi, topoare, fier\u0103straie \u0219i alte unelte specifice. Munca noastra nu e zadarnic\u0103. Am participat la numeroase expozi\u021bii \u00een Re\u0219i\u021ba, G\u0103r\u00e2na, Oravi\u021ba, Petro\u0219ani, Bac\u0103u, Pite\u0219ti \u0219i am ob\u021binut premii importante. Noi, membri cercului, suntem o familie \u0219i promov\u0103m spiritul de echipa. Cercul este deschis tuturor celor care vor s\u0103 se ini\u021bieze \u00een tainele sculpturii de mici dimensiuni\u201d a \u00a0spus, printre altele, George Molin.<\/p>\n<p style=\"text-align: justify;\">Prezent la eveniment- pr. Mihai Ciucur- inspector pentru tineret al Episcopiei Caransebe\u0219ului: \u201cPreocuparea pentru art\u0103, cre\u0219terea \u0219i educarea tinerei genera\u021bii pe care, cu multa consecven\u021b\u0103 \u00a0o manifest\u0103, de ani buni, Forumul Democrat al Germanilor din Re\u0219i\u021ba ne bucur\u0103 \u0219i ne d\u0103 speran\u021b\u0103 pentru vremurile care vin. Maestrul George Molin- coordonator al cercului de sculptur\u0103 al FDGR-CS este, pentru mul\u021bi dintre noi, un model \u00een ceea ce prive\u0219te misiunea sa asumat\u0103 de artist \u0219i promotor al adev\u0103ratelor valori ale vie\u021bii. Printre ele, domnul Molin este coordonatorul cercului de sculptur\u0103 din cadrul taberelor de crea\u021bie \u0219i al cercurilor artistice organizate de sectorul de tineret al Episcopiei Caransebe\u0219ului, lucru de care suntem m\u00e2ndri \u0219i care ne onoreaz\u0103\u201d.<\/p>\n<p style=\"text-align: justify;\">La Semn de Carte sunt expuse 35 de lucr\u0103ri semnate de: Marianne Florea, Adelin \u021aibru, Adi Ardelean, Alex Molin, Tatiana \u021aibru, Grigorie Ciucur, Emanuel Manole, George Molin. Expozi\u021bia, pe care v\u0103 invit\u0103m s\u0103 o vizita\u021bi, \u00a0va ram\u00e2ne panotat\u0103 p\u00e2na mar\u021bi, 17 iunie 2014.<\/p>\n<p style=\"text-align: justify;\">Evenimet organizat de FDRG-CS cu sprijinul Societ\u0103\u021bii pentru Cultur\u0103 METARSIS prin libr\u0103ria Semn de Carte.<\/p>\n<p style=\"text-align: justify;\"><a href=\"http:\/\/semndecarte.metarsis.ro\/wp-content\/uploads\/2014\/06\/Sculptura_017.jpg\" rel=\"lightbox[8568]\"><img loading=\"lazy\" class=\"alignleft size-thumbnail wp-image-8573\" title=\"Sculptura_017\" src=\"http:\/\/semndecarte.metarsis.ro\/wp-content\/uploads\/2014\/06\/Sculptura_017-95x95.jpg\" alt=\"\" width=\"95\" height=\"95\" \/><\/a><a href=\"http:\/\/semndecarte.metarsis.ro\/wp-content\/uploads\/2014\/06\/Sculptura_016.jpg\" rel=\"lightbox[8568]\"><img loading=\"lazy\" class=\"alignleft size-thumbnail wp-image-8572\" title=\"Sculptura_016\" src=\"http:\/\/semndecarte.metarsis.ro\/wp-content\/uploads\/2014\/06\/Sculptura_016-95x95.jpg\" alt=\"\" width=\"95\" height=\"95\" \/><\/a><a href=\"http:\/\/semndecarte.metarsis.ro\/wp-content\/uploads\/2014\/06\/Sculptura_013.jpg\" rel=\"lightbox[8568]\"><img loading=\"lazy\" class=\"alignleft size-thumbnail wp-image-8571\" title=\"Sculptura_013\" src=\"http:\/\/semndecarte.metarsis.ro\/wp-content\/uploads\/2014\/06\/Sculptura_013-95x95.jpg\" alt=\"\" width=\"95\" height=\"95\" \/><\/a><a href=\"http:\/\/semndecarte.metarsis.ro\/wp-content\/uploads\/2014\/06\/Sculptura_010.jpg\" rel=\"lightbox[8568]\"><img loading=\"lazy\" class=\"alignleft size-thumbnail wp-image-8570\" title=\"Sculptura_010\" src=\"http:\/\/semndecarte.metarsis.ro\/wp-content\/uploads\/2014\/06\/Sculptura_010-95x95.jpg\" alt=\"\" width=\"95\" height=\"95\" \/><\/a><a href=\"http:\/\/semndecarte.metarsis.ro\/wp-content\/uploads\/2014\/06\/Sculptura_004.jpg\" rel=\"lightbox[8568]\"><img loading=\"lazy\" class=\"alignleft size-thumbnail wp-image-8579\" title=\"Sculptura_004\" src=\"http:\/\/semndecarte.metarsis.ro\/wp-content\/uploads\/2014\/06\/Sculptura_004-95x95.jpg\" alt=\"\" width=\"95\" height=\"95\" \/><\/a><a href=\"http:\/\/semndecarte.metarsis.ro\/wp-content\/uploads\/2014\/06\/Sculptura_028.jpg\" rel=\"lightbox[8568]\"><img loading=\"lazy\" class=\"alignleft size-thumbnail wp-image-8578\" title=\"Sculptura_028\" src=\"http:\/\/semndecarte.metarsis.ro\/wp-content\/uploads\/2014\/06\/Sculptura_028-95x95.jpg\" alt=\"\" width=\"95\" height=\"95\" \/><\/a><a href=\"http:\/\/semndecarte.metarsis.ro\/wp-content\/uploads\/2014\/06\/Sculptura_026.jpg\" rel=\"lightbox[8568]\"><img loading=\"lazy\" class=\"alignleft size-thumbnail wp-image-8577\" title=\"Sculptura_026\" src=\"http:\/\/semndecarte.metarsis.ro\/wp-content\/uploads\/2014\/06\/Sculptura_026-95x95.jpg\" alt=\"\" width=\"95\" height=\"95\" \/><\/a><a href=\"http:\/\/semndecarte.metarsis.ro\/wp-content\/uploads\/2014\/06\/Sculptura_021.jpg\" rel=\"lightbox[8568]\"><img loading=\"lazy\" class=\"alignleft size-thumbnail wp-image-8574\" title=\"Sculptura_021\" src=\"http:\/\/semndecarte.metarsis.ro\/wp-content\/uploads\/2014\/06\/Sculptura_021-95x95.jpg\" alt=\"\" width=\"95\" height=\"95\" \/><\/a><a href=\"http:\/\/semndecarte.metarsis.ro\/wp-content\/uploads\/2014\/06\/Sculptura_025.jpg\" rel=\"lightbox[8568]\"><img loading=\"lazy\" class=\"alignleft size-thumbnail wp-image-8576\" title=\"Sculptura_025\" src=\"http:\/\/semndecarte.metarsis.ro\/wp-content\/uploads\/2014\/06\/Sculptura_025-95x95.jpg\" alt=\"\" width=\"95\" height=\"95\" \/><\/a><a href=\"http:\/\/semndecarte.metarsis.ro\/wp-content\/uploads\/2014\/06\/Sculptura_024.jpg\" rel=\"lightbox[8568]\"><img loading=\"lazy\" class=\"alignleft size-thumbnail wp-image-8575\" title=\"Sculptura_024\" src=\"http:\/\/semndecarte.metarsis.ro\/wp-content\/uploads\/2014\/06\/Sculptura_024-95x95.jpg\" alt=\"\" width=\"95\" height=\"95\" \/><\/a><\/p>\n","protected":false},"excerpt":{"rendered":"<p>Cercul \u201cJACOB NEUBAUER\u201d \u00a0al FDGR Mar\u021bi, 3 martie 2014 orele 18:00, \u00een ceain\u0103ria libr\u0103riei Semn de Carte a fost vernisat\u0103 expozi\u021bia cercului de sculptur\u0103 \u201cJacob Neubauer\u201d\u00a0de pe l\u00e2ng\u0103 Forumul Democrat al Germanilor din Rom\u00e2nia, filiala Cara\u0219-Severin. Reprezentant de seama al etniei germane din Banatul Montan, polisportiv \u0219i artist, fondator\u00a0al cercului de sculptur\u0103 \u00een lemn, Jacob [&hellip;]<\/p>\n","protected":false},"author":1,"featured_media":0,"comment_status":"open","ping_status":"open","sticky":false,"template":"","format":"standard","meta":[],"categories":[7],"tags":[240],"_links":{"self":[{"href":"https:\/\/semndecarte.metarsis.ro\/index.php?rest_route=\/wp\/v2\/posts\/8568"}],"collection":[{"href":"https:\/\/semndecarte.metarsis.ro\/index.php?rest_route=\/wp\/v2\/posts"}],"about":[{"href":"https:\/\/semndecarte.metarsis.ro\/index.php?rest_route=\/wp\/v2\/types\/post"}],"author":[{"embeddable":true,"href":"https:\/\/semndecarte.metarsis.ro\/index.php?rest_route=\/wp\/v2\/users\/1"}],"replies":[{"embeddable":true,"href":"https:\/\/semndecarte.metarsis.ro\/index.php?rest_route=%2Fwp%2Fv2%2Fcomments&post=8568"}],"version-history":[{"count":0,"href":"https:\/\/semndecarte.metarsis.ro\/index.php?rest_route=\/wp\/v2\/posts\/8568\/revisions"}],"wp:attachment":[{"href":"https:\/\/semndecarte.metarsis.ro\/index.php?rest_route=%2Fwp%2Fv2%2Fmedia&parent=8568"}],"wp:term":[{"taxonomy":"category","embeddable":true,"href":"https:\/\/semndecarte.metarsis.ro\/index.php?rest_route=%2Fwp%2Fv2%2Fcategories&post=8568"},{"taxonomy":"post_tag","embeddable":true,"href":"https:\/\/semndecarte.metarsis.ro\/index.php?rest_route=%2Fwp%2Fv2%2Ftags&post=8568"}],"curies":[{"name":"wp","href":"https:\/\/api.w.org\/{rel}","templated":true}]}}