{"id":8535,"date":"2014-05-20T11:07:09","date_gmt":"2014-05-20T09:07:09","guid":{"rendered":"http:\/\/semndecarte.metarsis.ro\/?p=8535"},"modified":"2014-05-20T13:35:41","modified_gmt":"2014-05-20T11:35:41","slug":"pastele-la-romani","status":"publish","type":"post","link":"https:\/\/semndecarte.metarsis.ro\/?p=8535","title":{"rendered":"\u201ePa\u015ftele la rom\u00e2ni\u201d"},"content":{"rendered":"<p style=\"text-align: justify;\"><a href=\"http:\/\/semndecarte.metarsis.ro\/wp-content\/uploads\/2014\/05\/10342452_289299107897570_3017703203596593316_n.jpg\" rel=\"lightbox[8535]\"><img loading=\"lazy\" class=\"alignleft size-full wp-image-8536\" title=\"Expo\" src=\"http:\/\/semndecarte.metarsis.ro\/wp-content\/uploads\/2014\/05\/10342452_289299107897570_3017703203596593316_n.jpg\" alt=\"\" width=\"520\" height=\"200\" srcset=\"https:\/\/semndecarte.metarsis.ro\/wp-content\/uploads\/2014\/05\/10342452_289299107897570_3017703203596593316_n.jpg 520w, https:\/\/semndecarte.metarsis.ro\/wp-content\/uploads\/2014\/05\/10342452_289299107897570_3017703203596593316_n-160x61.jpg 160w, https:\/\/semndecarte.metarsis.ro\/wp-content\/uploads\/2014\/05\/10342452_289299107897570_3017703203596593316_n-163x62.jpg 163w\" sizes=\"(max-width: 520px) 100vw, 520px\" \/><\/a>Joi, 15 mai 2014, a avut loc expozi\u0163ia lucrarilor participante \u015fi c\u00e2\u015ftig\u0103toare ale Proiectului \u201ePa\u015ftele la rom\u00e2ni\u201d \u2013 edi\u0163ia a II \u2013 a, proiect ini\u0163iat de ASOCIA\u0162IA UMANITAR\u0102 \u201eIni\u0163iativa DA\u201d Re\u015fi\u0163a \u00een parteneriat cu \u015eCOALA GIMNAZIAL\u0102 NR. 2 RE\u015eI\u0162A, GR\u0102DINI\u0162A \u201ePALATUL FERMECAT \u201e RE\u015eI\u0162A, COLEGIUL NA\u0162IONAL \u201eTRAIAN LALESCU\u201d RE\u015eI\u0162A \u015fi gazda noastr\u0103 de fiecare dat\u0103 \u2013 SOCIETATEA DE CULTUR\u0102 \u201eMETARSIS\u201d \u2013 libr\u0103ria \u201eSemn de carte\u201d \u2013 colaborator \u015fi sus\u0163in\u0103tor permanent al proiectelor noastre.<!--more--><\/p>\n<p style=\"text-align: justify;\">Proiectul a adunat participan\u0163i din 14 jude\u0163e ale \u0163\u0103rii, elevi \u015fi cadre didactice, care, prin implicarea lor indirect\u0103 la acest proiect \u2013 concurs, ne-au ajutat pe noi, ini\u0163iatorii proiectului s\u0103 aducem \u201eLumin\u0103\u201d \u015fi sprijin unor\u00a0 copii proveni\u0163i din familii cu probleme sociale. Spun indirect\u0103, deoarece concursul a constat \u00een trimiterea unor lucr\u0103ri plastice create de elevi, cu tema Pa\u015ftelui, crea\u0163ii ce vor fi v\u00e2ndute \u00een s\u0103pt\u0103m\u00e2na voluntariatului \u00een scop umanitar.<\/p>\n<p style=\"text-align: justify;\">Mul\u0163umim tuturor colaboratorilor no\u015ftri, participan\u0163ilor, f\u0103r\u0103 de care acest proiect nu \u015fi-ar fi atins scopul propus! (prof. Ozana Dr\u0103gil\u0103)<\/p>\n<div style=\"text-align: justify;\"><a href=\"http:\/\/semndecarte.metarsis.ro\/wp-content\/uploads\/2014\/05\/10363748_289299511230863_5641709318228707957_n.jpg\" rel=\"lightbox[8535]\"><img loading=\"lazy\" class=\"alignleft size-thumbnail wp-image-8538\" title=\"Imagine 1\" src=\"http:\/\/semndecarte.metarsis.ro\/wp-content\/uploads\/2014\/05\/10363748_289299511230863_5641709318228707957_n-95x95.jpg\" alt=\"\" width=\"95\" height=\"95\" \/><\/a><a href=\"http:\/\/semndecarte.metarsis.ro\/wp-content\/uploads\/2014\/05\/10371642_289299161230898_4590444378278339082_n.jpg\" rel=\"lightbox[8535]\"><img loading=\"lazy\" class=\"alignleft size-thumbnail wp-image-8540\" title=\"Imagine 2\" src=\"http:\/\/semndecarte.metarsis.ro\/wp-content\/uploads\/2014\/05\/10371642_289299161230898_4590444378278339082_n-95x95.jpg\" alt=\"\" width=\"95\" height=\"95\" \/><\/a><a href=\"http:\/\/semndecarte.metarsis.ro\/wp-content\/uploads\/2014\/05\/10372631_289299287897552_5772909576722770892_n.jpg\" rel=\"lightbox[8535]\"><img loading=\"lazy\" class=\"alignleft size-thumbnail wp-image-8541\" title=\"Imagine 3\" src=\"http:\/\/semndecarte.metarsis.ro\/wp-content\/uploads\/2014\/05\/10372631_289299287897552_5772909576722770892_n-95x95.jpg\" alt=\"\" width=\"95\" height=\"95\" \/><\/a><a href=\"http:\/\/semndecarte.metarsis.ro\/wp-content\/uploads\/2014\/05\/10325533_289299091230905_331833182326147023_n.jpg\" rel=\"lightbox[8535]\"><img loading=\"lazy\" class=\"alignleft size-thumbnail wp-image-8537\" title=\"Imagine 4\" src=\"http:\/\/semndecarte.metarsis.ro\/wp-content\/uploads\/2014\/05\/10325533_289299091230905_331833182326147023_n-95x95.jpg\" alt=\"\" width=\"95\" height=\"95\" \/><\/a><a href=\"http:\/\/semndecarte.metarsis.ro\/wp-content\/uploads\/2014\/05\/10365940_289299564564191_4503158111535297923_n.jpg\" rel=\"lightbox[8535]\"><img loading=\"lazy\" class=\"alignleft size-thumbnail wp-image-8539\" title=\"Imagine 5\" src=\"http:\/\/semndecarte.metarsis.ro\/wp-content\/uploads\/2014\/05\/10365940_289299564564191_4503158111535297923_n-95x95.jpg\" alt=\"\" width=\"95\" height=\"95\" \/><\/a><\/div>\n<div style=\"text-align: justify;\"><strong>DA!<\/strong><\/div>\n<div>\n<div>\n<div>\n<div>\n<div id=\"id_537b1736f2f495566795070\" style=\"text-align: justify;\">\u00centr-un loc magic, unde c\u0103r\u021bile par a prinde via\u021b\u0103, au ren\u0103scut ast\u0103zi ascunse printre mii de culori, speran\u021bele copiilor din 16 jude\u021be din Romania. Ace\u0219ti micu\u021bi au curajul s\u0103 viseze, au curajul s\u0103 n\u0103pusteasc\u0103 cu credin\u021ba lor \u00eentr-o lume incert\u0103, \u0219i&#8230;unindu-se f\u0103r\u0103 s\u0103 se cunoasc\u0103 au spus DA \u00een a II-a edi\u021bie a concursului na\u021bional \u201d Pa\u0219tele la romani\u201d. Sufletele lor m\u0103re\u021be conturate de personalitatea cadrelor didactice au f\u0103cut \u00een Re\u0219i\u021ba la Societatea pentru Cultur\u0103 METARIS&#8230;locul ce se nume\u0219te at\u00e2t de sugestiv SEMN DE CARTE, un adev\u0103rat spectacol de culoare. Magia \u00een sine s-a rev\u0103rsat din zecile de tablouri conturate de s\u00e2rguin\u021ba cu care au fost lucrate. La fiecare c\u00e2teva minute se auzeau exclama\u021bii legate de acurate\u021bea cu care era realizat un tablou. Unele l\u00e2ng\u0103 altele lucr\u0103rile voastre au alc\u0103tuit un mare puzzle care transmite unanim un singur mesaj \u201dDA &#8211; V\u0102 MUL\u021aUMIM\u201d! Domniile voastre sunt cele ce ne ajut\u0103 s\u0103 readucem z\u00e2mbetul pe buzele copiilor ce au nevoie de noi. V\u0103 mul\u021bumim \u00een mii \u0219i mii de feluri \u0219i v\u0103 \u00eendemn s\u0103 ne urma\u021bi \u0219i \u00een edi\u021biile urm\u0103toare. Fi\u021bi parte din povestea noastr\u0103, din DA-ul nostru general \u00een care ne contopim spre a ne \u00eencrede ca lumea poate fi mai bun\u0103. \u00cenchide\u021bi ochii \u0219i g\u00e2ndi\u021bi-v\u0103 pre\u021b de o clip\u0103 cum ar fi aceast\u0103 lume dac\u0103 am fi cu to\u021bii mai buni, mai milostivi &#8230;mai \u00eeng\u0103duitori.<br \/>\nSPERAN\u021aA noastr\u0103 s-a n\u0103scut o dat\u0103 cu interesul dv. \u0219i de aceea v\u0103 mul\u021bumim \u0219i v\u0103 iubim lu\u00e2nd ini\u021biativa de a spune \u00eentotdeauna &#8230;&#8230; DA!!!<br \/>\nCu respect,\u00a0ASOCIA\u021aIA UMANITAR\u0102 \u201dINI\u021aIATIVA DA\u201d\u00a0\u2014\u00a0<em><\/em>sim\u0163indu-se\u00a0minunat.<\/div>\n<\/div>\n<\/div>\n<\/div>\n<\/div>\n","protected":false},"excerpt":{"rendered":"<p>Joi, 15 mai 2014, are loc expozi\u0163ia lucrarilor participante \u015fi c\u00e2\u015ftig\u0103toare ale Proiectului \u201ePa\u015ftele la rom\u00e2ni\u201d \u2013 edi\u0163ia a II \u2013 a, proiect ini\u0163iat de ASOCIA\u0162IA UMANITAR\u0102 \u201eIni\u0163iativa DA\u201d Re\u015fi\u0163a \u00een parteneriat cu \u015eCOALA GIMNAZIAL\u0102 NR. 2 RE\u015eI\u0162A, GR\u0102DINI\u0162A \u201ePALATUL FERMECAT \u201e RE\u015eI\u0162A, COLEGIUL NA\u0162IONAL \u201eTRAIAN LALESCU\u201d RE\u015eI\u0162A \u015fi gazda noastr\u0103 de fiecare dat\u0103 \u2013 SOCIETATEA DE CULTUR\u0102 \u201eMETARSIS\u201d \u2013 libr\u0103ria \u201eSemn de carte\u201d \u2013 colaborator \u015fi sus\u0163in\u0103tor permanent al proiectelor noastre.<\/p>\n","protected":false},"author":1,"featured_media":0,"comment_status":"open","ping_status":"open","sticky":false,"template":"","format":"standard","meta":[],"categories":[7],"tags":[400],"_links":{"self":[{"href":"https:\/\/semndecarte.metarsis.ro\/index.php?rest_route=\/wp\/v2\/posts\/8535"}],"collection":[{"href":"https:\/\/semndecarte.metarsis.ro\/index.php?rest_route=\/wp\/v2\/posts"}],"about":[{"href":"https:\/\/semndecarte.metarsis.ro\/index.php?rest_route=\/wp\/v2\/types\/post"}],"author":[{"embeddable":true,"href":"https:\/\/semndecarte.metarsis.ro\/index.php?rest_route=\/wp\/v2\/users\/1"}],"replies":[{"embeddable":true,"href":"https:\/\/semndecarte.metarsis.ro\/index.php?rest_route=%2Fwp%2Fv2%2Fcomments&post=8535"}],"version-history":[{"count":0,"href":"https:\/\/semndecarte.metarsis.ro\/index.php?rest_route=\/wp\/v2\/posts\/8535\/revisions"}],"wp:attachment":[{"href":"https:\/\/semndecarte.metarsis.ro\/index.php?rest_route=%2Fwp%2Fv2%2Fmedia&parent=8535"}],"wp:term":[{"taxonomy":"category","embeddable":true,"href":"https:\/\/semndecarte.metarsis.ro\/index.php?rest_route=%2Fwp%2Fv2%2Fcategories&post=8535"},{"taxonomy":"post_tag","embeddable":true,"href":"https:\/\/semndecarte.metarsis.ro\/index.php?rest_route=%2Fwp%2Fv2%2Ftags&post=8535"}],"curies":[{"name":"wp","href":"https:\/\/api.w.org\/{rel}","templated":true}]}}