{"id":8438,"date":"2014-04-10T19:55:59","date_gmt":"2014-04-10T17:55:59","guid":{"rendered":"http:\/\/semndecarte.metarsis.ro\/?p=8438"},"modified":"2014-04-10T19:55:59","modified_gmt":"2014-04-10T17:55:59","slug":"scoala-altfel-2","status":"publish","type":"post","link":"https:\/\/semndecarte.metarsis.ro\/?p=8438","title":{"rendered":"\u015ecoala altfel"},"content":{"rendered":"<p style=\"text-align: justify;\"><a href=\"http:\/\/semndecarte.metarsis.ro\/wp-content\/uploads\/2014\/04\/Marinela-Manole_015.jpg\" rel=\"lightbox[8438]\"><img loading=\"lazy\" class=\"alignleft size-full wp-image-8439\" title=\"Marinela Manole_015\" src=\"http:\/\/semndecarte.metarsis.ro\/wp-content\/uploads\/2014\/04\/Marinela-Manole_015.jpg\" alt=\"\" width=\"520\" height=\"200\" srcset=\"https:\/\/semndecarte.metarsis.ro\/wp-content\/uploads\/2014\/04\/Marinela-Manole_015.jpg 520w, https:\/\/semndecarte.metarsis.ro\/wp-content\/uploads\/2014\/04\/Marinela-Manole_015-160x61.jpg 160w, https:\/\/semndecarte.metarsis.ro\/wp-content\/uploads\/2014\/04\/Marinela-Manole_015-163x62.jpg 163w\" sizes=\"(max-width: 520px) 100vw, 520px\" \/><\/a>Luni, 07.04.2014, elevii clasei a VII-a C de la \u0218coala Gimnazial\u0103 Nr. 2, Re\u0219i\u021ba \u00eendruma\u021bi de diriginta lor, doamna profesoar\u0103 Marinela Manole, au participat \u00een cadrul s\u0103pt\u0103m\u00e2nii \u0218coala Altfel \u201eS\u0103 \u0219tii mai multe, s\u0103 fii mai bun\u201d la o ac\u021biune cultural\u0103 desf\u0103\u0219urat\u0103 la Libr\u0103ria Semn de carte.<!--more--> La \u00eenceput doamna Camelia Duca i-a familiarizat pe elevi cu personalit\u0103\u021bile culturale ale ora\u0219ului Re\u0219i\u021ba, \u00eencerc\u00e2nd s\u0103-i motiveze s\u0103 se simt\u0103 m\u00e2ndri c\u0103 tr\u0103iesc \u00eentr-un ora\u0219 ca Re\u0219i\u021ba, \u00een care s-au n\u0103scut \u0219i personalit\u0103\u021bi precum binecunoscutul compozitor \u0219i dirijor Sabin P\u0103utza dar \u0219i alte personalit\u0103\u021bi din diferite domenii. Dup\u0103 aceasta, copiii au urm\u0103rit un material filmat \u00een care scriitorul Mircea C\u0103rt\u0103rescu exprima \u00eentr-o \u00eent\u00e2lnire cu tinerii, concep\u021bia sa despre lectur\u0103 \u0219i cartea tradi\u021bional\u0103 \u00een opozi\u021bie cu cea \u00een format electronic. \u00a0Astfel elevii au putut s\u0103 con\u0219tientizeze c\u00e2t de mult conteaz\u0103 lectura \u00een formarea personalit\u0103\u021bii unui om \u0219i ce amprent\u0103 poate l\u0103sa formarea intelectual\u0103 \u00eenc\u0103 de la o v\u00e2rst\u0103 fraged\u0103. (prof. Marinela Manole)<\/p>\n<p style=\"text-align: justify;\"><a href=\"http:\/\/semndecarte.metarsis.ro\/wp-content\/uploads\/2014\/04\/Marinela-Manole_005.jpg\" rel=\"lightbox[8438]\"><img loading=\"lazy\" class=\"alignleft size-thumbnail wp-image-8443\" title=\"\u015ecoala altfel\" src=\"http:\/\/semndecarte.metarsis.ro\/wp-content\/uploads\/2014\/04\/Marinela-Manole_005-95x95.jpg\" alt=\"\" width=\"95\" height=\"95\" \/><\/a><a href=\"http:\/\/semndecarte.metarsis.ro\/wp-content\/uploads\/2014\/04\/Marinela-Manole_001.jpg\" rel=\"lightbox[8438]\"><img loading=\"lazy\" class=\"alignleft size-thumbnail wp-image-8444\" title=\"\u015ecoala altfel\" src=\"http:\/\/semndecarte.metarsis.ro\/wp-content\/uploads\/2014\/04\/Marinela-Manole_001-95x95.jpg\" alt=\"\" width=\"95\" height=\"95\" \/><\/a><a href=\"http:\/\/semndecarte.metarsis.ro\/wp-content\/uploads\/2014\/04\/Marinela-Manole_008.jpg\" rel=\"lightbox[8438]\"><img loading=\"lazy\" class=\"alignleft size-thumbnail wp-image-8441\" title=\"\u015ecoala altfel\" src=\"http:\/\/semndecarte.metarsis.ro\/wp-content\/uploads\/2014\/04\/Marinela-Manole_008-95x95.jpg\" alt=\"\" width=\"95\" height=\"95\" \/><\/a><a href=\"http:\/\/semndecarte.metarsis.ro\/wp-content\/uploads\/2014\/04\/Marinela-Manole_010.jpg\" rel=\"lightbox[8438]\"><img loading=\"lazy\" class=\"alignleft size-thumbnail wp-image-8440\" title=\"\u015ecoala altfel\" src=\"http:\/\/semndecarte.metarsis.ro\/wp-content\/uploads\/2014\/04\/Marinela-Manole_010-95x95.jpg\" alt=\"\" width=\"95\" height=\"95\" \/><\/a><a href=\"http:\/\/semndecarte.metarsis.ro\/wp-content\/uploads\/2014\/04\/Marinela-Manole_006.jpg\" rel=\"lightbox[8438]\"><img loading=\"lazy\" class=\"alignleft size-thumbnail wp-image-8442\" title=\"\u015ecoala altfel\" src=\"http:\/\/semndecarte.metarsis.ro\/wp-content\/uploads\/2014\/04\/Marinela-Manole_006-95x95.jpg\" alt=\"\" width=\"95\" height=\"95\" \/><\/a><\/p>\n","protected":false},"excerpt":{"rendered":"<p>Mar\u0163i, 07.04.2014, elevii clasei a VII-a C de la \u0218coala Gimnazial\u0103 Nr. 2, Re\u0219i\u021ba \u00eendruma\u021bi de diriginta lor, doamna profesoar\u0103 Marinela Manole, au participat \u00een cadrul s\u0103pt\u0103m\u00e2nii \u0218coala Altfel \u201eS\u0103 \u0219tii mai multe, s\u0103 fii mai bun\u201d la o ac\u021biune cultural\u0103 desf\u0103\u0219urat\u0103 la Libr\u0103ria Semn de carte.<\/p>\n","protected":false},"author":1,"featured_media":0,"comment_status":"open","ping_status":"open","sticky":false,"template":"","format":"standard","meta":[],"categories":[7],"tags":[360],"_links":{"self":[{"href":"https:\/\/semndecarte.metarsis.ro\/index.php?rest_route=\/wp\/v2\/posts\/8438"}],"collection":[{"href":"https:\/\/semndecarte.metarsis.ro\/index.php?rest_route=\/wp\/v2\/posts"}],"about":[{"href":"https:\/\/semndecarte.metarsis.ro\/index.php?rest_route=\/wp\/v2\/types\/post"}],"author":[{"embeddable":true,"href":"https:\/\/semndecarte.metarsis.ro\/index.php?rest_route=\/wp\/v2\/users\/1"}],"replies":[{"embeddable":true,"href":"https:\/\/semndecarte.metarsis.ro\/index.php?rest_route=%2Fwp%2Fv2%2Fcomments&post=8438"}],"version-history":[{"count":0,"href":"https:\/\/semndecarte.metarsis.ro\/index.php?rest_route=\/wp\/v2\/posts\/8438\/revisions"}],"wp:attachment":[{"href":"https:\/\/semndecarte.metarsis.ro\/index.php?rest_route=%2Fwp%2Fv2%2Fmedia&parent=8438"}],"wp:term":[{"taxonomy":"category","embeddable":true,"href":"https:\/\/semndecarte.metarsis.ro\/index.php?rest_route=%2Fwp%2Fv2%2Fcategories&post=8438"},{"taxonomy":"post_tag","embeddable":true,"href":"https:\/\/semndecarte.metarsis.ro\/index.php?rest_route=%2Fwp%2Fv2%2Ftags&post=8438"}],"curies":[{"name":"wp","href":"https:\/\/api.w.org\/{rel}","templated":true}]}}