{"id":8425,"date":"2014-04-07T17:44:34","date_gmt":"2014-04-07T15:44:34","guid":{"rendered":"http:\/\/semndecarte.metarsis.ro\/?p=8425"},"modified":"2014-04-07T17:46:22","modified_gmt":"2014-04-07T15:46:22","slug":"perspectiva-ucraineana","status":"publish","type":"post","link":"https:\/\/semndecarte.metarsis.ro\/?p=8425","title":{"rendered":"Perspectiv\u0103 ucrainean\u0103"},"content":{"rendered":"<p style=\"text-align: justify;\"><a href=\"http:\/\/semndecarte.metarsis.ro\/wp-content\/uploads\/2014\/04\/Cernowitz_068.jpg\" rel=\"lightbox[8425]\"><img loading=\"lazy\" class=\"alignleft size-full wp-image-8427\" title=\"Ucraina saluta Resita\" src=\"http:\/\/semndecarte.metarsis.ro\/wp-content\/uploads\/2014\/04\/Cernowitz_068.jpg\" alt=\"\" width=\"520\" height=\"201\" srcset=\"https:\/\/semndecarte.metarsis.ro\/wp-content\/uploads\/2014\/04\/Cernowitz_068.jpg 520w, https:\/\/semndecarte.metarsis.ro\/wp-content\/uploads\/2014\/04\/Cernowitz_068-160x61.jpg 160w, https:\/\/semndecarte.metarsis.ro\/wp-content\/uploads\/2014\/04\/Cernowitz_068-163x63.jpg 163w\" sizes=\"(max-width: 520px) 100vw, 520px\" \/><\/a>Un cadru prietenesc, care aduce mai degrab\u0103 cu reuniunea unor vechi prieteni, impresii de c\u0103l\u0103torie, amintiri de la \u00eent\u00e2lnirile anterioare \u2013 la Libr\u0103ria \u201cSemn de carte\u201d din Re\u015fi\u0163a s-a consumat vineri sear\u0103 un eveniment deosebit \u00een care confluen\u0163a culturilor a fost poate cel mai important element.\u00a0Etnici germani, rom\u00e2ni, ucrainieni, cu ceva influen\u0163\u0103 austriac\u0103 la fiecare, s-au reunit pentru a o cunoaste pe c\u00e2\u015ftig\u0103toarea competi\u0163iei \u201eCopiii deseneaz\u0103 \u0163inutul natal\u201d \/ \u201eKinder malen ihre Heimat\u201d, lansate de Forumul Democratic al Germanilor din Cara\u015f-Severin nu doar \u00een Rom\u00e2nia, ci \u015fi \u00een Serbia, Ucraina, Austria, Slovenia \u015fi Ungaria. <!--more-->Dup\u0103 un emo\u0163ionant mesaj transmis de gazda serii, Camelia Duca, a fost un moment propice s\u0103 o cunoa\u015ftem pe c\u00e2\u0219tig\u0103toarea marelui premiu al concursului mai \u00eenainte amintit, eleva Svetlana Brytschuk de la \u015ecoala Gimnazial\u0103 nr. 8, clasa a VIII-a, din ora\u015ful Losowa din estul Ucrainei, \u00eenso\u0163it\u0103 de Alina Zahorodnikova, de asemenea din Losowa. Oaspe\u0163ii din Ucraina au vorbit apoi despre rela\u0163ia lor cu Re\u015fi\u0163a pe care\u00a0Paul Pivtorak \u015fi Vasyl Dugan, membri ai Uniunii Culturale Austriaco-Germane din regiunea Cern\u0103u\u0163i, au mai vizitat-o. \u015ei din amintiri s-a f\u0103cut trecerea spre urm\u0103torul reper al \u00eent\u00e2lnirii de la \u201cSemn de Carte\u201d: vizualizarea unui film realizat de o echip\u0103 de realizatori tv din Germania despre ora\u015ful bucovinean Cern\u0103u\u0163i. A fost o extraordinar\u0103 surpriz\u0103 pentru cei care nu au avut o asemenea informa\u0163ie despre acest\u0103 veche parte a Rom\u00e2niei. Am descoperit un ora\u015f frumos, care a beneficiat de masive investi\u0163ii \u00een reabilitarea cl\u0103dirilor \u015fi a tuturor obiectivelor care pot constitui o atrac\u0163ie pentru turi\u015ftii din \u00eentreaga lume. Ne-a fost dezv\u0103luit un spa\u0163iu ce aminte\u015fte de Arad, Oradea, Sibiu sau Bra\u015fov, cu cl\u0103diri impun\u0103toare, de o frumuse\u0163e arhitectural\u0103 specific\u0103 perioadei de ocupa\u0163ie imperial\u0103 austro-ungar\u0103. F\u0103r\u0103 s\u0103 se fi constituit \u00eentr-o prezentare a unei destina\u0163ii turistice, evenimentul de la Libr\u0103ria \u201cSemn de carte\u201d din Re\u015fi\u0163a a oferit o perspectiv\u0103 de c\u0103l\u0103torie \u00eentr-un ora\u015f re\u00eentinerit. \u00cen cur\u00e2nd, pe\u00a0<a href=\"http:\/\/semndecarte.metarsis.ro\/\">site-ul proiectului Metarsis,\u00a0<\/a>va fi disponibil spre vizionare \u015fi filmul amintit mai sus \u015fi poate astfel al\u0163i iubitori de popasuri de vacan\u0163\u0103 inedite vor stabili o rut\u0103 ce trece prin Cern\u0103u\u0163i. (<span style=\"font-size: 13px; line-height: 1.3;\">Bogdan Piperiu &#8211; Reper 24)<\/span><\/p>\n<p style=\"text-align: justify;\"><a href=\"http:\/\/semndecarte.metarsis.ro\/wp-content\/uploads\/2014\/04\/Cernowitz_009.jpg\" rel=\"lightbox[8425]\"><img loading=\"lazy\" class=\"alignleft size-thumbnail wp-image-8429\" title=\"Paul Pivtorak \u015fi Vasyl Dugan, eleva Svetlana Brytschuk \u015fi Alina Zahorodnikova din Ucraina\" src=\"http:\/\/semndecarte.metarsis.ro\/wp-content\/uploads\/2014\/04\/Cernowitz_009-95x95.jpg\" alt=\"\" width=\"95\" height=\"95\" \/><\/a><a href=\"http:\/\/semndecarte.metarsis.ro\/wp-content\/uploads\/2014\/04\/Cernowitz_032.jpg\" rel=\"lightbox[8425]\"><img loading=\"lazy\" class=\"alignleft size-thumbnail wp-image-8430\" title=\"Prezentare Cern\u0103uti\" src=\"http:\/\/semndecarte.metarsis.ro\/wp-content\/uploads\/2014\/04\/Cernowitz_032-95x95.jpg\" alt=\"\" width=\"95\" height=\"95\" \/><\/a><a href=\"http:\/\/semndecarte.metarsis.ro\/wp-content\/uploads\/2014\/04\/Cernowitz_048.jpg\" rel=\"lightbox[8425]\"><img loading=\"lazy\" class=\"alignleft size-thumbnail wp-image-8432\" title=\"Prezentare\" src=\"http:\/\/semndecarte.metarsis.ro\/wp-content\/uploads\/2014\/04\/Cernowitz_048-95x95.jpg\" alt=\"\" width=\"95\" height=\"95\" \/><\/a><a href=\"http:\/\/semndecarte.metarsis.ro\/wp-content\/uploads\/2014\/04\/Cernowitz_041.jpg\" rel=\"lightbox[8425]\"><img loading=\"lazy\" class=\"alignleft size-thumbnail wp-image-8431\" title=\"Eleva Svetlana Brytschuk \u015fi Alina Zahorodnikova din Ucraina\" src=\"http:\/\/semndecarte.metarsis.ro\/wp-content\/uploads\/2014\/04\/Cernowitz_041-95x95.jpg\" alt=\"\" width=\"95\" height=\"95\" \/><\/a><a href=\"http:\/\/semndecarte.metarsis.ro\/wp-content\/uploads\/2014\/04\/Cernowitz_008.jpg\" rel=\"lightbox[8425]\"><img loading=\"lazy\" class=\"alignleft size-thumbnail wp-image-8428\" title=\"Eleva Svetlana Brytschuk de la \u015ecoala Gimnazial\u0103 nr. 8, clasa a VIII-a, din ora\u015ful Losowa din estul Ucrainei\" src=\"http:\/\/semndecarte.metarsis.ro\/wp-content\/uploads\/2014\/04\/Cernowitz_008-95x95.jpg\" alt=\"\" width=\"95\" height=\"95\" \/><\/a><a href=\"http:\/\/semndecarte.metarsis.ro\/wp-content\/uploads\/2014\/04\/Cernowitz_056.jpg\" rel=\"lightbox[8425]\"><img loading=\"lazy\" class=\"alignleft size-thumbnail wp-image-8434\" title=\"Paul Pivtorak  membru ai Uniunii Culturale Austriaco-Germane din regiunea Cern\u0103u\u0163i\" src=\"http:\/\/semndecarte.metarsis.ro\/wp-content\/uploads\/2014\/04\/Cernowitz_056-95x95.jpg\" alt=\"\" width=\"95\" height=\"95\" \/><\/a><a href=\"http:\/\/semndecarte.metarsis.ro\/wp-content\/uploads\/2014\/04\/Cernowitz_060.jpg\" rel=\"lightbox[8425]\"><img loading=\"lazy\" class=\"alignleft size-thumbnail wp-image-8435\" title=\"Prezentare\" src=\"http:\/\/semndecarte.metarsis.ro\/wp-content\/uploads\/2014\/04\/Cernowitz_060-95x95.jpg\" alt=\"\" width=\"95\" height=\"95\" \/><\/a><a href=\"http:\/\/semndecarte.metarsis.ro\/wp-content\/uploads\/2014\/04\/Cernowitz_049.jpg\" rel=\"lightbox[8425]\"><img loading=\"lazy\" class=\"alignleft size-thumbnail wp-image-8433\" title=\"Vasyl Dugan, membru al Uniunii Culturale Austriaco-Germane din regiunea Cern\u0103u\u0163i\" src=\"http:\/\/semndecarte.metarsis.ro\/wp-content\/uploads\/2014\/04\/Cernowitz_049-95x95.jpg\" alt=\"\" width=\"95\" height=\"95\" \/><\/a><a href=\"http:\/\/semndecarte.metarsis.ro\/wp-content\/uploads\/2014\/04\/Cernowitz_062.jpg\" rel=\"lightbox[8425]\"><img loading=\"lazy\" class=\"alignleft size-thumbnail wp-image-8436\" title=\"Prezentarea  filmului &quot;Cernowitz&quot; realizat de o echipa tv din Germania\" src=\"http:\/\/semndecarte.metarsis.ro\/wp-content\/uploads\/2014\/04\/Cernowitz_062-95x95.jpg\" alt=\"\" width=\"95\" height=\"95\" \/><\/a><a href=\"http:\/\/semndecarte.metarsis.ro\/wp-content\/uploads\/2014\/04\/Cernowitz_065.jpg\" rel=\"lightbox[8425]\"><img loading=\"lazy\" class=\"alignleft size-thumbnail wp-image-8437\" title=\"Poza de grup\" src=\"http:\/\/semndecarte.metarsis.ro\/wp-content\/uploads\/2014\/04\/Cernowitz_065-95x95.jpg\" alt=\"\" width=\"95\" height=\"95\" \/><\/a><\/p>\n","protected":false},"excerpt":{"rendered":"<p>Un cadru prietenesc, care aduce mai degrab\u0103 cu reuniunea unor vechi prieteni, impresii de c\u0103l\u0103torie, amintiri de la \u00eent\u00e2lnirile anterioare \u2013 la Libr\u0103ria \u201cSemn de carte\u201d din Re\u015fi\u0163a s-a consumat vineri sear\u0103 un eveniment deosebit \u00een care confluen\u0163a culturilor a fost poate cel mai important element. Etnici germani, rom\u00e2ni, ucrainieni, cu ceva influen\u0163\u0103 austriac\u0103 la fiecare, s-au reunit pentru a o cunoaste pe c\u00e2\u015ftig\u0103toarea competi\u0163iei \u201eCopiii deseneaz\u0103 \u0163inutul natal\u201d \/ \u201eKinder malen ihre Heimat\u201d, lansate de Forumul Democratic al Germanilor din Cara\u015f-Severin nu doar \u00een Rom\u00e2nia, ci \u015fi \u00een Serbia, Ucraina, Austria, Slovenia \u015fi Ungaria.<\/p>\n","protected":false},"author":1,"featured_media":0,"comment_status":"open","ping_status":"open","sticky":false,"template":"","format":"standard","meta":[],"categories":[7],"tags":[295],"_links":{"self":[{"href":"https:\/\/semndecarte.metarsis.ro\/index.php?rest_route=\/wp\/v2\/posts\/8425"}],"collection":[{"href":"https:\/\/semndecarte.metarsis.ro\/index.php?rest_route=\/wp\/v2\/posts"}],"about":[{"href":"https:\/\/semndecarte.metarsis.ro\/index.php?rest_route=\/wp\/v2\/types\/post"}],"author":[{"embeddable":true,"href":"https:\/\/semndecarte.metarsis.ro\/index.php?rest_route=\/wp\/v2\/users\/1"}],"replies":[{"embeddable":true,"href":"https:\/\/semndecarte.metarsis.ro\/index.php?rest_route=%2Fwp%2Fv2%2Fcomments&post=8425"}],"version-history":[{"count":0,"href":"https:\/\/semndecarte.metarsis.ro\/index.php?rest_route=\/wp\/v2\/posts\/8425\/revisions"}],"wp:attachment":[{"href":"https:\/\/semndecarte.metarsis.ro\/index.php?rest_route=%2Fwp%2Fv2%2Fmedia&parent=8425"}],"wp:term":[{"taxonomy":"category","embeddable":true,"href":"https:\/\/semndecarte.metarsis.ro\/index.php?rest_route=%2Fwp%2Fv2%2Fcategories&post=8425"},{"taxonomy":"post_tag","embeddable":true,"href":"https:\/\/semndecarte.metarsis.ro\/index.php?rest_route=%2Fwp%2Fv2%2Ftags&post=8425"}],"curies":[{"name":"wp","href":"https:\/\/api.w.org\/{rel}","templated":true}]}}