{"id":8422,"date":"2014-04-03T15:38:11","date_gmt":"2014-04-03T13:38:11","guid":{"rendered":"http:\/\/semndecarte.metarsis.ro\/?p=8422"},"modified":"2014-04-03T15:47:38","modified_gmt":"2014-04-03T13:47:38","slug":"ucraina-in-banatul-montan","status":"publish","type":"post","link":"https:\/\/semndecarte.metarsis.ro\/?p=8422","title":{"rendered":"Ucraina \u00een Banatul Montan"},"content":{"rendered":"<p><strong>Cultura ca alinare<\/strong><\/p>\n<p style=\"text-align: justify;\"><a href=\"http:\/\/semndecarte.metarsis.ro\/wp-content\/uploads\/2014\/04\/0.jpg\" rel=\"lightbox[8422]\"><img loading=\"lazy\" class=\"alignleft size-full wp-image-8423\" title=\"Paul Pivtorak \u015fi Vasyl Dugan la Re\u015fi\u021ba\" src=\"http:\/\/semndecarte.metarsis.ro\/wp-content\/uploads\/2014\/04\/0.jpg\" alt=\"\" width=\"520\" height=\"200\" srcset=\"https:\/\/semndecarte.metarsis.ro\/wp-content\/uploads\/2014\/04\/0.jpg 520w, https:\/\/semndecarte.metarsis.ro\/wp-content\/uploads\/2014\/04\/0-160x61.jpg 160w, https:\/\/semndecarte.metarsis.ro\/wp-content\/uploads\/2014\/04\/0-163x62.jpg 163w\" sizes=\"(max-width: 520px) 100vw, 520px\" \/><\/a>Vineri, 4 aprilie 2014, orele 18:00, libr\u0103ria Semn de Carte din Re\u0219i\u021ba, str. Libert\u0103tii 13, prime\u0219te oaspe\u021bi dragi din Ucraina.\u00a0<strong>Paul Pivtorak<\/strong>\u00a0\u0219i\u00a0<strong>Vasyl Dugan<\/strong>, membri ai Uniunii Culturale Austriaco-Germane din regiunea Cern\u0103u\u0163i vor fi prezen\u021bi \u00een mijlocul iubitorilor de cultur\u0103 din municipiul de pe B\u00e2rzava \u00eenso\u021bi\u021bi, de data aeasta, de \u00a0c\u00e2\u0219tig\u0103toarea marelui premiu al Concursului Interna\u0163ional de desene\u00a0<strong>\u201eCopiii deseneaz\u0103 \u0163inutul natal\u201d\u00a0\u00a0\/ \u201eKinder malen ihre Heimat<\/strong>\u201d, edi\u0163ia a XI-a (2013) &#8211;\u00a0<strong>Svetlana Brytschuk<\/strong>\u00a0(clasa a VIII-a) \u015ecoala Gimnazial\u0103 nr. 8 \u0219i prof. \u00a0<strong>Alina Zahorodnikova<\/strong>\u00a0\u00a0din Losowa, ora\u0219 aflat \u00een estul Ucrainei.<!--more--><\/p>\n<p style=\"text-align: justify;\">\u00cent\u00e2lnirea organizat\u0103 de Forumul Democratic al Germanilor din jude\u0163ul Cara\u015f-Severin \u015fi Asocia\u0163ia German\u0103 de Cultur\u0103 \u015fi Educa\u0163ie a Adul\u0163ilor din Re\u015fi\u0163a va fi moderata de\u00a0<strong>Erwin Josef Tigla<\/strong>&#8211; acest neobosit promotor al culturii germane din Banatul Montan, din Romania \u0219i de peste tot, cu sprijinul Societ\u0103\u021bii pentru Cultur\u0103 METARSIS prin libr\u0103ria Semn de Carte, \u0219i se constitue \u00een preambul al evenimentului de s\u00e2mb\u0103t\u0103, 5 aprilie 2014, orele 11:00,- vernisajul expozi\u0163iei interna\u0163ionale de desene<strong>\u201eCopiii deseneaz\u0103 \u0163inutul natal\u201d\u00a0\u00a0\/ \u201eKinder malen ihre Heimat<\/strong>\u201d, edi\u0163ia a XII-a \u00a0va avea loc la Centrul Social \u201eFr\u00e9d\u00e9ric Ozanam\u201d din municipiul Re\u015fi\u0163a.<\/p>\n<p style=\"text-align: justify;\">V\u0103 astept\u0103m s\u0103 vedem un scurt film despre Cern\u0103u\u0163i, sa-i \u00eent\u00e2mpin\u0103m \u00eempreun\u0103, \u00eentr-un gest de prietenie adev\u0103rat\u0103, pe oaspe\u021bii din Ucraina greu \u00eencercat\u0103.<\/p>\n","protected":false},"excerpt":{"rendered":"<p>Vineri, 4 aprilie 2014, orele 18:00, libr\u0103ria Semn de Carte din Re\u0219i\u021ba, str. Libert\u0103tii 13, prime\u0219te oaspe\u021bi dragi din Ucraina. Paul Pivtorak \u0219i Vasyl Dugan, membri ai Uniunii Culturale Austriaco-Germane din regiunea Cern\u0103u\u0163i vor fi prezen\u021bi \u00een mijlocul iubitorilor de cultur\u0103 din municipiul de pe B\u00e2rzava \u00eenso\u021bi\u021bi, de data aeasta, de  c\u00e2\u0219tig\u0103toarea marelui premiu al Concursului Interna\u0163ional de desene \u201eCopiii deseneaz\u0103 \u0163inutul natal\u201d  \/ \u201eKinder malen ihre Heimat\u201d, edi\u0163ia a XI-a (2013) &#8211; Svetlana Brytschuk (clasa a VIII-a) \u015ecoala Gimnazial\u0103 nr. 8 \u0219i prof.  Alina Zahorodnikova  din Losowa, ora\u0219 aflat \u00een estul Ucrainei.<\/p>\n","protected":false},"author":1,"featured_media":0,"comment_status":"open","ping_status":"open","sticky":false,"template":"","format":"standard","meta":[],"categories":[3],"tags":[268],"_links":{"self":[{"href":"https:\/\/semndecarte.metarsis.ro\/index.php?rest_route=\/wp\/v2\/posts\/8422"}],"collection":[{"href":"https:\/\/semndecarte.metarsis.ro\/index.php?rest_route=\/wp\/v2\/posts"}],"about":[{"href":"https:\/\/semndecarte.metarsis.ro\/index.php?rest_route=\/wp\/v2\/types\/post"}],"author":[{"embeddable":true,"href":"https:\/\/semndecarte.metarsis.ro\/index.php?rest_route=\/wp\/v2\/users\/1"}],"replies":[{"embeddable":true,"href":"https:\/\/semndecarte.metarsis.ro\/index.php?rest_route=%2Fwp%2Fv2%2Fcomments&post=8422"}],"version-history":[{"count":0,"href":"https:\/\/semndecarte.metarsis.ro\/index.php?rest_route=\/wp\/v2\/posts\/8422\/revisions"}],"wp:attachment":[{"href":"https:\/\/semndecarte.metarsis.ro\/index.php?rest_route=%2Fwp%2Fv2%2Fmedia&parent=8422"}],"wp:term":[{"taxonomy":"category","embeddable":true,"href":"https:\/\/semndecarte.metarsis.ro\/index.php?rest_route=%2Fwp%2Fv2%2Fcategories&post=8422"},{"taxonomy":"post_tag","embeddable":true,"href":"https:\/\/semndecarte.metarsis.ro\/index.php?rest_route=%2Fwp%2Fv2%2Ftags&post=8422"}],"curies":[{"name":"wp","href":"https:\/\/api.w.org\/{rel}","templated":true}]}}