{"id":8390,"date":"2014-03-29T15:24:22","date_gmt":"2014-03-29T13:24:22","guid":{"rendered":"http:\/\/semndecarte.metarsis.ro\/?p=8390"},"modified":"2014-03-29T15:41:34","modified_gmt":"2014-03-29T13:41:34","slug":"8390","status":"publish","type":"post","link":"https:\/\/semndecarte.metarsis.ro\/?p=8390","title":{"rendered":"Carte regal\u0103"},"content":{"rendered":"<p style=\"text-align: justify;\"><a href=\"http:\/\/semndecarte.metarsis.ro\/wp-content\/uploads\/2014\/03\/cop3.jpg\" rel=\"lightbox[8390]\"><img loading=\"lazy\" class=\"alignleft size-full wp-image-8391\" title=\"Lansare de carte regal\u0103\" src=\"http:\/\/semndecarte.metarsis.ro\/wp-content\/uploads\/2014\/03\/cop3.jpg\" alt=\"\" width=\"520\" height=\"200\" srcset=\"https:\/\/semndecarte.metarsis.ro\/wp-content\/uploads\/2014\/03\/cop3.jpg 520w, https:\/\/semndecarte.metarsis.ro\/wp-content\/uploads\/2014\/03\/cop3-160x61.jpg 160w, https:\/\/semndecarte.metarsis.ro\/wp-content\/uploads\/2014\/03\/cop3-163x62.jpg 163w\" sizes=\"(max-width: 520px) 100vw, 520px\" \/><\/a>\u201dVorbim de influen\u021ba fast\u0103 a Coroanei, nu pentru c\u0103 dorim s\u0103 milit\u0103m pentru o schimbare de guvern\u0103m\u00e2nt, ci pentru c\u0103 \u021binem s\u0103 \u00eentregim o societate care are dreptul s\u0103 fie \u00eentreag\u0103\u201d<\/p>\n<p style=\"text-align: justify;\">\u201dPeste numai doi ani \u00een Rom\u00e2nia vor fi s\u0103rb\u0103tori\u021bi 150 de ani de Dinastie Regal\u0103, iar \u00een ianuarie 2015, Prin\u021besa Mo\u0219tenitoare, Margareta, va avea extraordinara \u0219ans\u0103 de a s\u0103rb\u0103tori un sfert de veac pe p\u00eem\u00e2ntul \u021b\u0103rii ei.\u201d Dar ideea de monarhie, de coroan\u0103, de regalitate, e \u00eembr\u0103\u021bi\u0219at\u0103 de tot mai mul\u021bi rom\u00e2ni, a\u0219a c\u0103 prezen\u021ba la Re\u0219i\u021ba a Principelui Radu al Rom\u00e2niei, cu ocazia lans\u0103rii a dou\u0103 volume, a fost, luni, cum nu se poate mai nimerit\u0103, \u00een cadrul unei manifest\u0103ri organizate de Societatea pentru Cultur\u0103 Metarsis \u0219i Libr\u0103ria Semn de Carte, av\u00e2ndu-i amfitrioni pe neobosi\u021bii Camelia \u0219i Lucian Duca.<!--more--><\/p>\n<p style=\"text-align: justify;\">Cuvintele citate mai sus, enun\u021bate de Alte\u021ba Sa Radu al Rom\u00e2niei, \u00een preambulul discursului s\u0103u (prezentat fiind, anterior, de Camelia Duca, de Clara Constantin, directorul Bibliotecii Jude\u021bene Paul Iorgovici \u0219i de istoricul doctor \u0219i cadru universitar Carmen Albert), vin s\u0103 \u00eencununeze ani frumo\u0219i de \u00een\u021beleapt\u0103 dar discret\u0103 oc\u00e2rmuire a Coroanei Rom\u00e2niei, chiar dac\u0103 \u00een \u021bara noastr\u0103 ordinea de stat e \u00eenc\u0103 alta. Casa Regal\u0103, \u00eens\u0103, profund apreciat\u0103 \u00een mai toate straturile societ\u0103\u021bii, mai ales acolo unde oamenii manifest\u0103 o adev\u0103rat\u0103 \u0219i autentic\u0103 sete de valori reale \u0219i profunde ale statalit\u0103\u021bii \u0219i sufletului rom\u00e2nesc, continu\u0103 s\u0103 exercite un splendid efort de promovare a Rom\u00e2nei \u00een lume, de reconstruc\u021bie din temelii a unui popor greu \u00eencercat. Cele dou\u0103 volume lansate luni, ap\u0103rute la Editura Curtea Veche &#8211; \u201cMargareta. Portretul Principesei Mo\u0219tenitoare\u201d \u0219i \u201cTrei poduri peste lume\u201d \u2013 au prilejuit prezen\u021ba elegant\u0103 a Principelui Radu la Re\u0219i\u021ba \u0219i Caransebe\u0219, acolo unde Alte\u021ba Sa a avut o \u00eent\u00e2lnire \u0219i cu autorit\u0103\u021bile jude\u021bene \u0219i cele ale celor dou\u0103 municipii. \u201dMembrii Familiei Regale nu scriu c\u00eer\u021bi \u00eencep\u00e2nd de ieri, s-a adresat Alte\u021ba Sa Radu al Rom\u00e2niei, distinsei audien\u021be de la Semn de Carte.<\/p>\n<p style=\"text-align: justify;\">Au f\u0103cut-o de la \u00eenceput, \u00eentr-o comuniune de scrieri cu Biserica, cu Academia Rom\u00e2n\u0103, pentru c\u0103 au considerat c\u0103 gestul de a apropia coroana de creion e un gest care d\u0103 mai mult\u0103 statornicie \u021b\u0103rii \u0219i, din nefericire, a fost necesar\u0103 aceast\u0103 apropiere a Coroanei de literatur\u0103 \u00een fiecare dintre genera\u021bii. Aproape la fel de important\u0103 \u00een fiecare dintre epocile prin care am trecut. Elisabeta, Regina Rom\u00e2niei, nu a fost o la fel de talentat\u0103 scriitoare ca Mihai Eminescu dar faptul c\u0103 regina era cea care scrie d\u0103dea Rom\u00e2niei \u0219i literaturii ei o \u0219ans\u0103 \u00een plus. La S\u0103v\u00e2r\u0219in a venit \u00een audien\u021b\u0103 un domn care a adus Majest\u0103\u021bii Sale un volum ap\u0103rut \u00een Argentina \u00een anii 1900, \u00een primul deceniu, scris de Regina Elisabeta.<\/p>\n<p style=\"text-align: justify;\">C\u00e2\u021bi dintre scriitorii rom\u00e2ni ajung, acum, \u00een 2014, \u00een libr\u0103riile din Argentina? Pu\u021bini. Atunci, acest lucru era posibil, c\u00e2nd aproape nimeni de pe continentul sud-american nu \u0219tia c\u0103 exist\u0103 Rom\u00e2nia. Pentru mine, simbolul acelei c\u0103r\u021bi, pe care niciodat\u0103 nu am a\u0219ezat-o \u00een bibliotec\u0103, ci am l\u0103sat-o \u00een salonul nostru, la vedere, este simbolul despre cum se zide\u0219te un popor, nu numai cu c\u0103r\u0103mizi adev\u0103rate, cu infrastructura pe care Carol I a l\u0103sat-o societ\u0103\u021bii prin c\u0103ile ferate, ci \u0219i prin c\u0103r\u021bile care sunt \u0219i ele o cale ferat\u0103 probabil tot at\u00e2t de durabil\u0103 sau infrastructura aceasta simbolic\u0103 a institu\u021biilor, pe care \u00eencerc\u0103m s\u0103 le consolid\u0103m \u0219i nu prea reu\u0219im. Ne lipse\u0219te \u0219i ce s-a \u00eent\u00e2mplat \u0219i dup\u0103 1989, din punct de vedere al informa\u021biei, nu numai dup\u0103 1946. Nici nu \u0219tim c\u00e2t de legat\u0103 e Rom\u00e2nia de Coroan\u0103, fie ea republican\u0103 sau nu.\u201d Coroana este o parte a identit\u0103\u021bii noastre \u0219i \u00een sens c\u00e2t se poate de pragmatic, a spus Alte\u021ba Sa Regal\u0103. \u201dO \u021bar\u0103 ca Marea Britanie, care nu a experimentat nicio ruptur\u0103 \u00een ultimele sute de ani \u0219i care a avut o continuitate excep\u021bional\u0103, scrie \u00een continuare zeci de c\u00ee\u0103r\u021bi despre Familia Regal\u0103, mult mai mult dec\u00e2t o facem noi.<\/p>\n<p style=\"text-align: justify;\">Ceea ce dovede\u0219te c\u0103 \u0219i exist\u0103 o nevoie permanent\u0103 de a hr\u0103ni contemporaneitate cu informa\u021bie, cu at\u00e2t mai mult noi, cei care am experimentat at\u00e2tea fracturi \u0219i sacrificii, chiar la modul propriu. Nimic nu e ob\u021binut de societate pentru totdeauna. Fiecare nou\u0103 genera\u021bie are nevoie s\u0103 o ia de la cap\u0103t cu \u00een\u021belesul, cu convinsul, cu spiritul de tradi\u021bie. Nicio victorie nu e etern\u0103 \u0219i totul trebuie reeditat \u00een fiecare diminea\u021b\u0103. C\u00e2nd am scris Cr\u0103ciunul regal am remarcat c\u00e2t de mare este acest adev\u0103r al visului Me\u0219terului Manole. Nu trebuie s\u0103 fi neap\u0103rat o \u021bar\u0103 cu un anumit destin dar aceast\u0103 luare de la cap\u0103t este o caracteristic\u0103 a tuturor societ\u0103\u021bilor. \u0218i dac\u0103 azi avem nevoie s\u0103 vorbim de influen\u021ba fast\u0103 a Coroanei, nu este pentru c\u0103 dorim s\u0103 milit\u0103m pentru o schimbare de guvern\u0103m\u00e2nt, ci pentru c\u0103 \u021binem s\u0103 \u00eentregim o societate care are dreptul s\u0103 fie \u00eentreag\u0103. Exist\u0103 un fel unic al Coroanei de a produce stabilitate, exist\u0103 o eficacitate pe care prezen\u021ba ei \u00een lume o are, a\u0219a cum e benefic\u0103 aspirina pentru corpul omenesc, atunci c\u00e2nd ai nevoie de ea.\u201d La finalul manifest\u0103rii, Alte\u021ba sa Regal\u0103 Radu al Rom\u00e2niei a acordat o sesiune de autografe pe cele dou\u0103 volume, foarte bine primite de re\u0219i\u021beni. (\u00a0Daniel Botgros,\u00a024 martie 2014)<\/p>\n<p style=\"text-align: justify;\"><a href=\"http:\/\/semndecarte.metarsis.ro\/wp-content\/uploads\/2014\/03\/ASR_003.jpg\" rel=\"lightbox[8390]\"><img loading=\"lazy\" class=\"alignleft size-thumbnail wp-image-8393\" title=\"\u00cent\u00e2mpinarea Alte\u021bei Sale Regale, Principele Radu al Rom\u00e2niei de c\u0103tre Camelia Duca, director al libr\u0103riei Semn de Carte\" src=\"http:\/\/semndecarte.metarsis.ro\/wp-content\/uploads\/2014\/03\/ASR_003-95x95.jpg\" alt=\"\" width=\"95\" height=\"95\" \/><\/a><a href=\"http:\/\/semndecarte.metarsis.ro\/wp-content\/uploads\/2014\/03\/ASR_008.jpg\" rel=\"lightbox[8390]\"><img loading=\"lazy\" class=\"alignleft size-thumbnail wp-image-8394\" title=\"Vorbe\u0219te Clara Constantin, director al Bibliotecii Jude\u021bene Paul Iorgovici din Cara\u0219-Severin\" src=\"http:\/\/semndecarte.metarsis.ro\/wp-content\/uploads\/2014\/03\/ASR_008-95x95.jpg\" alt=\"\" width=\"95\" height=\"95\" \/><\/a><a href=\"http:\/\/semndecarte.metarsis.ro\/wp-content\/uploads\/2014\/03\/ASR_009.jpg\" rel=\"lightbox[8390]\"><img loading=\"lazy\" class=\"alignleft size-thumbnail wp-image-8395\" title=\"Vorbeste dr.ist. Carmen Albert director adj. al Muzeului Banatului Montan\" src=\"http:\/\/semndecarte.metarsis.ro\/wp-content\/uploads\/2014\/03\/ASR_009-95x95.jpg\" alt=\"\" width=\"95\" height=\"95\" \/><\/a><a href=\"http:\/\/semndecarte.metarsis.ro\/wp-content\/uploads\/2014\/03\/ASR_100.jpg\" rel=\"lightbox[8390]\"><img loading=\"lazy\" class=\"alignleft size-thumbnail wp-image-8399\" title=\"Alte\u021ba Sa Regala Principele Radu al Rom\u00e2niei\" src=\"http:\/\/semndecarte.metarsis.ro\/wp-content\/uploads\/2014\/03\/ASR_100-95x95.jpg\" alt=\"\" width=\"95\" height=\"95\" \/><\/a><a href=\"http:\/\/semndecarte.metarsis.ro\/wp-content\/uploads\/2014\/03\/ASR_107.jpg\" rel=\"lightbox[8390]\"><img loading=\"lazy\" class=\"alignleft size-thumbnail wp-image-8400\" title=\"Lansare de carte regal\u0103\" src=\"http:\/\/semndecarte.metarsis.ro\/wp-content\/uploads\/2014\/03\/ASR_107-95x95.jpg\" alt=\"\" width=\"95\" height=\"95\" \/><\/a><a href=\"http:\/\/semndecarte.metarsis.ro\/wp-content\/uploads\/2014\/03\/ASR_115.jpg\" rel=\"lightbox[8390]\"><img loading=\"lazy\" class=\"alignleft size-thumbnail wp-image-8401\" title=\"Lansare de carte regala\" src=\"http:\/\/semndecarte.metarsis.ro\/wp-content\/uploads\/2014\/03\/ASR_115-95x95.jpg\" alt=\"\" width=\"95\" height=\"95\" \/><\/a><a href=\"http:\/\/semndecarte.metarsis.ro\/wp-content\/uploads\/2014\/03\/ASR_117.jpg\" rel=\"lightbox[8390]\"><img loading=\"lazy\" class=\"alignleft size-thumbnail wp-image-8402\" title=\"Sesiune de autografe\" src=\"http:\/\/semndecarte.metarsis.ro\/wp-content\/uploads\/2014\/03\/ASR_117-95x95.jpg\" alt=\"\" width=\"95\" height=\"95\" \/><\/a><a href=\"http:\/\/semndecarte.metarsis.ro\/wp-content\/uploads\/2014\/03\/ASR_046.jpg\" rel=\"lightbox[8390]\"><img loading=\"lazy\" class=\"alignleft size-thumbnail wp-image-8396\" title=\"Maestrul Sabin P\u0103u\u021ba ofer\u0103 discul s\u0103u aniversar editat recent de Societatea pentru Cultur\u0103 METARSIS si primeste \u00een schimb un autograf\" src=\"http:\/\/semndecarte.metarsis.ro\/wp-content\/uploads\/2014\/03\/ASR_046-95x95.jpg\" alt=\"\" width=\"95\" height=\"95\" \/><\/a><a href=\"http:\/\/semndecarte.metarsis.ro\/wp-content\/uploads\/2014\/03\/ASR_134.jpg\" rel=\"lightbox[8390]\"><img loading=\"lazy\" class=\"alignleft size-thumbnail wp-image-8403\" title=\"... si o fotografie cu Alte\u021ba Sa Regal\u0103\" src=\"http:\/\/semndecarte.metarsis.ro\/wp-content\/uploads\/2014\/03\/ASR_134-95x95.jpg\" alt=\"\" width=\"95\" height=\"95\" \/><\/a><a href=\"http:\/\/semndecarte.metarsis.ro\/wp-content\/uploads\/2014\/03\/ASR_178.jpg\" rel=\"lightbox[8390]\"><img loading=\"lazy\" class=\"alignleft size-thumbnail wp-image-8404\" title=\"Un om fericit\" src=\"http:\/\/semndecarte.metarsis.ro\/wp-content\/uploads\/2014\/03\/ASR_178-95x95.jpg\" alt=\"\" width=\"95\" height=\"95\" \/><\/a><a href=\"http:\/\/semndecarte.metarsis.ro\/wp-content\/uploads\/2014\/03\/ASR_069.jpg\" rel=\"lightbox[8390]\"><img loading=\"lazy\" class=\"alignleft size-thumbnail wp-image-8398\" title=\"Sesiunea de autografe continu\u0103...\" src=\"http:\/\/semndecarte.metarsis.ro\/wp-content\/uploads\/2014\/03\/ASR_069-95x95.jpg\" alt=\"\" width=\"95\" height=\"95\" \/><\/a><a href=\"http:\/\/semndecarte.metarsis.ro\/wp-content\/uploads\/2014\/03\/ASR_185.jpg\" rel=\"lightbox[8390]\"><img loading=\"lazy\" class=\"alignleft size-thumbnail wp-image-8405\" title=\"Un autograf pentru Erwin Josef \u021aigla, bibliotecar, pre\u0219edinte al Forumului Democratic al Germanilor din Banatul Montan\" src=\"http:\/\/semndecarte.metarsis.ro\/wp-content\/uploads\/2014\/03\/ASR_185-95x95.jpg\" alt=\"\" width=\"95\" height=\"95\" \/><\/a><a href=\"http:\/\/semndecarte.metarsis.ro\/wp-content\/uploads\/2014\/03\/ASR_193b.jpg\" rel=\"lightbox[8390]\"><img loading=\"lazy\" class=\"alignleft size-thumbnail wp-image-8406\" title=\"... \u0219i unul pentru gazda evenimentului Camelia Duca, vicepre\u0219edinte a Societ\u0103\u021bii pentru Cultur\u0103 METARSIS \u0219i director al libr\u0103riei Semn de Carte\" src=\"http:\/\/semndecarte.metarsis.ro\/wp-content\/uploads\/2014\/03\/ASR_193b-95x95.jpg\" alt=\"\" width=\"95\" height=\"95\" \/><\/a><a href=\"http:\/\/semndecarte.metarsis.ro\/wp-content\/uploads\/2014\/03\/ASR_067.jpg\" rel=\"lightbox[8390]\"><img loading=\"lazy\" class=\"alignleft size-thumbnail wp-image-8397\" title=\"\u00cen sf\u00e2r\u0219it a sosit \u0219i timpul pentru interviuri\" src=\"http:\/\/semndecarte.metarsis.ro\/wp-content\/uploads\/2014\/03\/ASR_067-95x95.jpg\" alt=\"\" width=\"95\" height=\"95\" \/><\/a><a href=\"http:\/\/semndecarte.metarsis.ro\/wp-content\/uploads\/2014\/03\/ASR_199.jpg\" rel=\"lightbox[8390]\"><img loading=\"lazy\" class=\"alignleft size-thumbnail wp-image-8407\" title=\"Media b\u0103n\u0103\u021ben\u0103 la datorie.\" src=\"http:\/\/semndecarte.metarsis.ro\/wp-content\/uploads\/2014\/03\/ASR_199-95x95.jpg\" alt=\"\" width=\"95\" height=\"95\" \/><\/a><\/p>\n","protected":false},"excerpt":{"rendered":"<p>&#8230;ideea de monarhie, de coroan\u0103, de regalitate, e \u00eembr\u0103\u021bi\u0219at\u0103 de tot mai mul\u021bi rom\u00e2ni, a\u0219a c\u0103 prezen\u021ba la Re\u0219i\u021ba a Principelui Radu al Rom\u00e2niei, cu ocazia lans\u0103rii a dou\u0103 volume, a fost, luni, cum nu se poate mai nimerit\u0103, \u00een cadrul unei manifest\u0103ri organizate de Societatea pentru Cultur\u0103 Metarsis \u0219i Libr\u0103ria Semn de Carte&#8230;<\/p>\n","protected":false},"author":1,"featured_media":0,"comment_status":"open","ping_status":"open","sticky":false,"template":"","format":"standard","meta":[],"categories":[7],"tags":[69],"_links":{"self":[{"href":"https:\/\/semndecarte.metarsis.ro\/index.php?rest_route=\/wp\/v2\/posts\/8390"}],"collection":[{"href":"https:\/\/semndecarte.metarsis.ro\/index.php?rest_route=\/wp\/v2\/posts"}],"about":[{"href":"https:\/\/semndecarte.metarsis.ro\/index.php?rest_route=\/wp\/v2\/types\/post"}],"author":[{"embeddable":true,"href":"https:\/\/semndecarte.metarsis.ro\/index.php?rest_route=\/wp\/v2\/users\/1"}],"replies":[{"embeddable":true,"href":"https:\/\/semndecarte.metarsis.ro\/index.php?rest_route=%2Fwp%2Fv2%2Fcomments&post=8390"}],"version-history":[{"count":0,"href":"https:\/\/semndecarte.metarsis.ro\/index.php?rest_route=\/wp\/v2\/posts\/8390\/revisions"}],"wp:attachment":[{"href":"https:\/\/semndecarte.metarsis.ro\/index.php?rest_route=%2Fwp%2Fv2%2Fmedia&parent=8390"}],"wp:term":[{"taxonomy":"category","embeddable":true,"href":"https:\/\/semndecarte.metarsis.ro\/index.php?rest_route=%2Fwp%2Fv2%2Fcategories&post=8390"},{"taxonomy":"post_tag","embeddable":true,"href":"https:\/\/semndecarte.metarsis.ro\/index.php?rest_route=%2Fwp%2Fv2%2Ftags&post=8390"}],"curies":[{"name":"wp","href":"https:\/\/api.w.org\/{rel}","templated":true}]}}