{"id":8382,"date":"2014-03-24T20:37:32","date_gmt":"2014-03-24T18:37:32","guid":{"rendered":"http:\/\/semndecarte.metarsis.ro\/?p=8382"},"modified":"2014-03-24T20:37:32","modified_gmt":"2014-03-24T18:37:32","slug":"dr-larry-l-watts-la-resita","status":"publish","type":"post","link":"https:\/\/semndecarte.metarsis.ro\/?p=8382","title":{"rendered":"Dr. Larry L. Watts la Re\u0219i\u021ba"},"content":{"rendered":"<p style=\"text-align: justify;\"><strong><span style=\"font-size: 13px; line-height: 1.3;\"><a href=\"http:\/\/semndecarte.metarsis.ro\/wp-content\/uploads\/2014\/03\/Resita-veche1.jpg\" rel=\"lightbox[8382]\"><img loading=\"lazy\" class=\"size-full wp-image-8388 alignleft\" title=\"Resita veche\" src=\"http:\/\/semndecarte.metarsis.ro\/wp-content\/uploads\/2014\/03\/Resita-veche1.jpg\" alt=\"\" width=\"520\" height=\"200\" srcset=\"https:\/\/semndecarte.metarsis.ro\/wp-content\/uploads\/2014\/03\/Resita-veche1.jpg 520w, https:\/\/semndecarte.metarsis.ro\/wp-content\/uploads\/2014\/03\/Resita-veche1-160x61.jpg 160w, https:\/\/semndecarte.metarsis.ro\/wp-content\/uploads\/2014\/03\/Resita-veche1-163x62.jpg 163w\" sizes=\"(max-width: 520px) 100vw, 520px\" \/><\/a>Triplu eveniment: expo, lansare carte, concert.<\/span><\/strong><\/p>\n<p style=\"text-align: justify;\"><span style=\"font-size: 13px; line-height: 1.3;\">Joi, 27 martie 2013, orele 19:30, Liceul de Arte \u201cSabin Pautza\u201d din Re\u0219i\u021ba va g\u0103zdui un\u00a0un triplu eveniment: vernisajul\u00a0expozi\u021biei inedite de fotografie veche<\/span><em style=\"font-size: 13px; line-height: 1.3;\">: Resicza- Resitza- Re\u0219i\u021ba,\u00a0<\/em><span style=\"font-size: 13px; line-height: 1.3;\">dubl\u0103 lansare de carte, \u00een prezen\u021ba autorului \u2013 dr.\u00a0<\/span><strong style=\"font-size: 13px; line-height: 1.3;\">Larry L. Watts<\/strong><span style=\"font-size: 13px; line-height: 1.3;\">:\u00a0<\/span><em style=\"font-size: 13px; line-height: 1.3;\">Cei dint\u00e2i vor fi cei din urm\u0103 \u2013 Rom\u00e2nia \u0219i sf\u00e2r\u0219itul r\u0103zboiului rece<\/em><span style=\"font-size: 13px; line-height: 1.3;\">\u00a0(ed. Rao- 2013) ,\u00a0<\/span><em style=\"font-size: 13px; line-height: 1.3;\">Alia\u021bi incompatibili- Rom\u00e2nia, Finlanda, Ungaria \u0219i al Treilea Reich\u00a0<\/em><span style=\"font-size: 13px; line-height: 1.3;\">(ed. Rao, 2014) \u0219i concert\u00a0<\/span><strong style=\"font-size: 13px; line-height: 1.3;\">Albert Tajiti<\/strong><span style=\"font-size: 13px; line-height: 1.3;\">\u00a0(pian),\u00a0<\/span><strong style=\"font-size: 13px; line-height: 1.3;\">Sorin Romanescu<\/strong><span style=\"font-size: 13px; line-height: 1.3;\">\u00a0(chitar\u0103) \u0219i\u00a0<\/span><strong style=\"font-size: 13px; line-height: 1.3;\">Elena Morariu<\/strong><span style=\"font-size: 13px; line-height: 1.3;\">\u00a0(voce).<!--more--><\/span><\/p>\n<p style=\"text-align: justify;\"><a href=\"http:\/\/semndecarte.metarsis.ro\/wp-content\/uploads\/2014\/03\/Sorin-Romanescu-iAlbert-Tajiti-Elena-Morariu.jpg\" rel=\"lightbox[8382]\"><img loading=\"lazy\" class=\"size-medium wp-image-8383 alignright\" title=\"Sorin-Romanescu-iAlbert Tajiti- Elena Morariu\" src=\"http:\/\/semndecarte.metarsis.ro\/wp-content\/uploads\/2014\/03\/Sorin-Romanescu-iAlbert-Tajiti-Elena-Morariu-160x160.jpg\" alt=\"\" width=\"160\" height=\"160\" srcset=\"https:\/\/semndecarte.metarsis.ro\/wp-content\/uploads\/2014\/03\/Sorin-Romanescu-iAlbert-Tajiti-Elena-Morariu-160x160.jpg 160w, https:\/\/semndecarte.metarsis.ro\/wp-content\/uploads\/2014\/03\/Sorin-Romanescu-iAlbert-Tajiti-Elena-Morariu-95x95.jpg 95w, https:\/\/semndecarte.metarsis.ro\/wp-content\/uploads\/2014\/03\/Sorin-Romanescu-iAlbert-Tajiti-Elena-Morariu-163x163.jpg 163w, https:\/\/semndecarte.metarsis.ro\/wp-content\/uploads\/2014\/03\/Sorin-Romanescu-iAlbert-Tajiti-Elena-Morariu.jpg 555w\" sizes=\"(max-width: 160px) 100vw, 160px\" \/><\/a>Invita\u021bi speciali: dr. Larry L. Wats, prof. dr. Sabin Pautza, gen.(r) Ioan Talpe\u0219, dr.ist. Carmen Albert, jurnalistul Mario Balint.<\/p>\n<p style=\"text-align: justify;\">Evenimentul include sesiune de autografe.<\/p>\n<p style=\"text-align: justify;\">Intrarea pe baz\u0103 de invita\u021bii ce se g\u0103sesc la libr\u0103ria Semn de Carte din Re\u0219i\u021ba, str. Libert\u0103\u021bii 13 (tel. 0355 88 17 33).<\/p>\n<p style=\"text-align: justify;\">Eveniment organizat de METARSIS- activit\u0103\u021bi \u0219i servicii de cultur\u0103 urban\u0103 \u0219i art\u0103 contemporan\u0103\u00a0\u00een parteneriat cu Prim\u0103ria Re\u0219i\u021ba \u0219i sprijinul libr\u0103riei Semn de Carte.<\/p>\n<p style=\"text-align: justify;\"><strong>Larry L. Watts<\/strong>: profesor, scriitor \u0219i istoric american, \u201cprofesionist de prim\u0103 clas\u0103\u201d (acad. Dinu C. Giurescu), vorbitor al limbii rom\u00e2ne, bun cunosc\u0103tor al istoriei contemporane, preocupat \u00een mod special de istoria\u00a0Rom\u00e2niei \u00een perioada comunist\u0103.<\/p>\n<p style=\"text-align: justify;\"><a href=\"http:\/\/semndecarte.metarsis.ro\/wp-content\/uploads\/2014\/03\/Larry-Watts.jpg\" rel=\"lightbox[8382]\"><img loading=\"lazy\" class=\"alignleft size-medium wp-image-8384\" title=\"Larry Watts\" src=\"http:\/\/semndecarte.metarsis.ro\/wp-content\/uploads\/2014\/03\/Larry-Watts-105x160.jpg\" alt=\"\" width=\"105\" height=\"160\" srcset=\"https:\/\/semndecarte.metarsis.ro\/wp-content\/uploads\/2014\/03\/Larry-Watts-105x160.jpg 105w, https:\/\/semndecarte.metarsis.ro\/wp-content\/uploads\/2014\/03\/Larry-Watts-107x163.jpg 107w, https:\/\/semndecarte.metarsis.ro\/wp-content\/uploads\/2014\/03\/Larry-Watts.jpg 394w\" sizes=\"(max-width: 105px) 100vw, 105px\" \/><\/a>Consultant al Corpora\u0163iei RAND la momentul revolu\u0163iei, a c\u0103l\u0103torit deseori \u00een Europa de Est \u015fi \u00een URSS \u00eenainte de 1989. Ulterior a asistat oficiali din Rom\u00e2nia la \u00eenfiin\u0163area Colegiului Na\u0163ional de Ap\u0103rare \u015fi a conlucrat cu mai mul\u0163i mini\u015ftri rom\u00e2ni ai Ap\u0103r\u0103rii \u015fi \u015fefi de stat major privind reforma \u00een domeniul armatei, cooperarea cu Parteneriatul pentru Pace \u015fi Integrarea \u00een NATO.<br \/>\n\u00cen 1990 \u015fi 1991 a fost \u015feful Biroului IREX din Bucure\u015fti, iar p\u00e2n\u0103 \u00een 1997 a fost senior consultant al Project on Ethnic Relation (PER) \u015fi director al Biroului PER din Rom\u00e2nia. \u00centre 2001\u20132004 a activat drept consultant pentru reforma sectorului de securitate pe l\u00e2ng\u0103 consilierul preziden\u0163ial pentru securitate na\u0163ional\u0103 din Rom\u00e2nia.<\/p>\n<p style=\"text-align: justify;\">\u00cen perioada 1991-2009, dr. Watts a fost consultant pentru reforma sectorului de securitate \u0219i ap\u0103rare pe l\u00e2ng\u0103 oficiali \u0219i institu\u021bii din domeniul securit\u0103\u021bii na\u021bionale din Rom\u00e2nia. Din 2010 scrie \u0219i pred\u0103 cusuri privind studiile de securitate \u0219i analiz\u0103\u00a0<em>intelligence<\/em>\u00a0la Universitatea Bucure\u0219ti. A \u021binut numeroase conferin\u021be la institu\u021bii academice \u0219i guvernamentale din Europa \u0219i SUA, inclusiv la Na\u021bional Intelligence University (din cadrul Agen\u021biei de Informa\u021bii pentru Ap\u0103rare a SUA), la Foreign Service Institute ( de la Departamentul de Stat american) precum \u0219i \u00een Rom\u00e2nia la Universitatea Na\u021bionala de Ap\u0103rare, Academia Tehnica Militar\u0103, Banca Na\u021bionala a Rom\u00e2niei.<\/p>\n<p style=\"text-align: justify;\">Contribuie cu studii \u0219i colec\u021bii de documente privind Rom\u00e2nia la Centrul Interna\u021bional Woodrow Wilson dinWashingtownDCal c\u0103rui bursier (scholar-in residens) a fost \u00een noiembrie-decembrie 2013.<\/p>\n<p style=\"text-align: justify;\">Tot \u00een 2013 a fost ales membru de onoare al Academiei Oamenilor de \u0218tiin\u021ba din Rom\u00e2nia.<\/p>\n<p style=\"text-align: justify;\"><strong><a href=\"http:\/\/semndecarte.metarsis.ro\/wp-content\/uploads\/2014\/03\/Larry-Watts-Aliati-Incompatibili-Romania-Finlanda-Ungaria-si-al-Treilea-Reich-Ed.-Rao-2014-via-Roncea-Ro.jpg\" rel=\"lightbox[8382]\"><img loading=\"lazy\" class=\"alignleft size-medium wp-image-8385\" title=\"Aliati-Incompatibili-Romania-Finlanda-Ungaria-si-al-Treilea-Reich-Ed.-Rao\" src=\"http:\/\/semndecarte.metarsis.ro\/wp-content\/uploads\/2014\/03\/Larry-Watts-Aliati-Incompatibili-Romania-Finlanda-Ungaria-si-al-Treilea-Reich-Ed.-Rao-2014-via-Roncea-Ro-107x160.jpg\" alt=\"\" width=\"107\" height=\"160\" srcset=\"https:\/\/semndecarte.metarsis.ro\/wp-content\/uploads\/2014\/03\/Larry-Watts-Aliati-Incompatibili-Romania-Finlanda-Ungaria-si-al-Treilea-Reich-Ed.-Rao-2014-via-Roncea-Ro-107x160.jpg 107w, https:\/\/semndecarte.metarsis.ro\/wp-content\/uploads\/2014\/03\/Larry-Watts-Aliati-Incompatibili-Romania-Finlanda-Ungaria-si-al-Treilea-Reich-Ed.-Rao-2014-via-Roncea-Ro-109x163.jpg 109w, https:\/\/semndecarte.metarsis.ro\/wp-content\/uploads\/2014\/03\/Larry-Watts-Aliati-Incompatibili-Romania-Finlanda-Ungaria-si-al-Treilea-Reich-Ed.-Rao-2014-via-Roncea-Ro.jpg 399w\" sizes=\"(max-width: 107px) 100vw, 107px\" \/><\/a>Alia\u0163i incompatibili<\/strong>\u00a0\u00a0explic\u0103 de ce teoria rela\u0163iilor interna\u0163ionale a\u00a0e\u015fuat \u00een explicarea comportamentului Rom\u00e2niei \u00een alian\u0163\u0103 pe timp de\u00a0r\u0103zboi \u015fi cum a reu\u015fit s\u0103 reziste cererilor colosului german pentru o\u00a0contribu\u0163ie nelimitat\u0103 la efortul de r\u0103zboi al Axei.\u00a0\u00a0Compar\u00e2nd obiectivele politico-militare, strategiile de negocieri \u015fi\u00a0presta\u0163ia mare\u015falului Ion Antonescu cu cele ale amiralului Mikl\u00f3s Horthy\u00a0\u015fi ale mare\u015falului Finlandei Carl Gustaf Emil Mannerheim, Larry L. Watts\u00a0dezv\u0103luie complexitatea \u015fi dinamica fascinante ale unor alia\u0163i\u00a0fundamental incompatibili, reuni\u0163i de \u0163eluri iremediabil opuse:\u00a0restaurarea \u015fi, respectiv, distrugerea statu-quoului interbelic.<\/p>\n<p style=\"text-align: justify;\"><em>Alia\u021bi incompatibili<\/em>\u00a0este istoria unor alia\u021bi obliga\u021bi s\u0103 aleag\u0103 \u00eentre alternative nefaste \u00eencerc\u00e2nd s\u00e2 amelioreze cele mai grave consecinte ale acestora, supravie\u021buindu-le sau sf\u00e2rsind prin a fi coplesi\u021bi de ele.<\/p>\n<p style=\"text-align: justify;\"><strong><a href=\"http:\/\/semndecarte.metarsis.ro\/wp-content\/uploads\/2014\/03\/Cei-dintai-vor-fi-cei-din-urma.jpg\" rel=\"lightbox[8382]\"><img loading=\"lazy\" class=\"alignright size-medium wp-image-8386\" title=\"Cei dintai vor fi cei din urma\" src=\"http:\/\/semndecarte.metarsis.ro\/wp-content\/uploads\/2014\/03\/Cei-dintai-vor-fi-cei-din-urma-106x160.jpg\" alt=\"\" width=\"106\" height=\"160\" srcset=\"https:\/\/semndecarte.metarsis.ro\/wp-content\/uploads\/2014\/03\/Cei-dintai-vor-fi-cei-din-urma-106x160.jpg 106w, https:\/\/semndecarte.metarsis.ro\/wp-content\/uploads\/2014\/03\/Cei-dintai-vor-fi-cei-din-urma-108x163.jpg 108w, https:\/\/semndecarte.metarsis.ro\/wp-content\/uploads\/2014\/03\/Cei-dintai-vor-fi-cei-din-urma.jpg 399w\" sizes=\"(max-width: 106px) 100vw, 106px\" \/><\/a>Cei dint\u00e2i vor fi cei din urm\u0103\u00a0<\/strong>\u00a0continuarea volumului &#8222;Fere\u015fte-m\u0103,\u00a0Doamne, de prieteni&#8221;, se constituie \u00eentr-un demers absolut necesar a\u00a0istoriei recente a Rom\u00e2niei ca actor pe scena interna\u0163ional\u0103. \u015ei de\u00a0aceast\u0103 dat\u0103, Larry Watts ne ofer\u0103 un studiu chintesen\u0163ial, vital pentru\u00a0a ne apropia de adev\u0103r aflat \u00een spatele uimitoarei apoteoze a regimului\u00a0Ceau\u015fescu \u00een 1978, \u015fi transform\u0103rilor survenite p\u00e2n\u0103 \u00een ajunul\u00a0pr\u0103bu\u015firii acestuia, incapabil de acomodare la o nou\u0103 conjunctur\u0103\u00a0interna\u0163ional\u0103, \u00een 1989. A\u015fa cum demonstreaz\u0103 uria\u015fa documenta\u0163ie\u00a0\u015ftiin\u0163ific\u0103 prezentat\u0103 aici, chiar dac\u0103 \u015foriceii pot constitui o\u00a0provocare pentru elefan\u0163i, \u015fansele lor de a se salva printre\u00a0pachidermele intrate \u00een perioada rutului sunt infime.\u00a0General dr. Ioan Talpe\u015f\u00a0Director al Serviciul de Informa\u0163ii Externe (1992-1997)\u00a0Consilier Preziden\u0163ial pe probleme de securitate na\u0163ional\u0103 (1991-1992,\u00a02000-2004)\u00a0<wbr>Ministru de State (Vice Prim Ministru) pentru Integr\u0103rii Europene,\u00a0Justi\u0163iei \u015fi Securitate Na\u0163ionale (2004).\u00a0Istoricul Larry L. Watts a deschis un capitol cu totul nou \u00een\u00a0istoriografia rom\u00e2neasc\u0103. Cele doua volume ale Dr. Watts, schimb\u0103\u00a0radical perspectivele solid statornicite privind raporturile dintre\u00a0Blocul r\u0103s\u0103ritean \u015fi Republica Socialist\u0103 Rom\u00e2nia. Autorul demonstreaz\u0103\u00a0conving\u0103tor nevoia de a le reconsidera \u015fi a le reg\u00e2ndi \u00een ansamblul lor.\u00a0Analiza, care \u00eendeamn\u0103 la citit, dezv\u0103luie capcanele multiple ale\u00a0istoriei contemporane. \u00cen aceste vremi de repetate apas\u0103ri asupra lumii\u00a0c\u0103r\u0163ilor \u015fi societ\u0103\u0163ii rom\u00e2ne\u015fti, Editura RAO ne ofer\u0103 o oper\u0103 de\u00a0substan\u0163\u0103, o lucrare-reper a istoriografiei noastre.\u00a0(Prof. Acad. Dinu Giurescu\u00a0Universitatea Bucure\u015fti,\u00a0Senator \u00een Parlamentul Rom\u00e2niei din 2012).<\/wbr><\/p>\n","protected":false},"excerpt":{"rendered":"<p>Joi, 27 martie 2013, orele 19:30, Liceul de Arte \u201cSabin Pautza\u201d din Re\u0219i\u021ba va g\u0103zdui un un triplu eveniment: vernisajul expozi\u021biei inedite de fotografie veche: Resicza- Resitza- Re\u0219i\u021ba, dubl\u0103 lansare de carte, \u00een prezen\u021ba autorului \u2013 dr. Larry L. Watts: Cei dint\u00e2i vor fi cei din urm\u0103 \u2013 Rom\u00e2nia \u0219i sf\u00e2r\u0219itul r\u0103zboiului rece (ed. Rao- 2013) , Alia\u021bi incompatibili- Rom\u00e2nia, Finlanda, Ungaria \u0219i al Treilea Reich (ed. Rao, 2014) \u0219i concert Albert Tajiti (pian), Sorin Romanescu (chitar\u0103) \u0219i Elena Morariu (voce).<\/p>\n","protected":false},"author":1,"featured_media":0,"comment_status":"open","ping_status":"open","sticky":false,"template":"","format":"standard","meta":[],"categories":[3],"tags":[396,69,241],"_links":{"self":[{"href":"https:\/\/semndecarte.metarsis.ro\/index.php?rest_route=\/wp\/v2\/posts\/8382"}],"collection":[{"href":"https:\/\/semndecarte.metarsis.ro\/index.php?rest_route=\/wp\/v2\/posts"}],"about":[{"href":"https:\/\/semndecarte.metarsis.ro\/index.php?rest_route=\/wp\/v2\/types\/post"}],"author":[{"embeddable":true,"href":"https:\/\/semndecarte.metarsis.ro\/index.php?rest_route=\/wp\/v2\/users\/1"}],"replies":[{"embeddable":true,"href":"https:\/\/semndecarte.metarsis.ro\/index.php?rest_route=%2Fwp%2Fv2%2Fcomments&post=8382"}],"version-history":[{"count":0,"href":"https:\/\/semndecarte.metarsis.ro\/index.php?rest_route=\/wp\/v2\/posts\/8382\/revisions"}],"wp:attachment":[{"href":"https:\/\/semndecarte.metarsis.ro\/index.php?rest_route=%2Fwp%2Fv2%2Fmedia&parent=8382"}],"wp:term":[{"taxonomy":"category","embeddable":true,"href":"https:\/\/semndecarte.metarsis.ro\/index.php?rest_route=%2Fwp%2Fv2%2Fcategories&post=8382"},{"taxonomy":"post_tag","embeddable":true,"href":"https:\/\/semndecarte.metarsis.ro\/index.php?rest_route=%2Fwp%2Fv2%2Ftags&post=8382"}],"curies":[{"name":"wp","href":"https:\/\/api.w.org\/{rel}","templated":true}]}}