{"id":8376,"date":"2014-03-21T09:57:22","date_gmt":"2014-03-21T07:57:22","guid":{"rendered":"http:\/\/semndecarte.metarsis.ro\/?p=8376"},"modified":"2014-03-21T10:58:13","modified_gmt":"2014-03-21T08:58:13","slug":"ziua-poeziei","status":"publish","type":"post","link":"https:\/\/semndecarte.metarsis.ro\/?p=8376","title":{"rendered":"Plate\u0219te cu poezie"},"content":{"rendered":"<p style=\"text-align: justify;\"><a href=\"http:\/\/semndecarte.metarsis.ro\/wp-content\/uploads\/2014\/03\/Ziua-Poeziei-afis-01.jpg\" rel=\"lightbox[8376]\"><img loading=\"lazy\" class=\"alignleft size-full wp-image-8377\" title=\"Ziua-Poeziei\" src=\"http:\/\/semndecarte.metarsis.ro\/wp-content\/uploads\/2014\/03\/Ziua-Poeziei-afis-01.jpg\" alt=\"\" width=\"520\" height=\"200\" srcset=\"https:\/\/semndecarte.metarsis.ro\/wp-content\/uploads\/2014\/03\/Ziua-Poeziei-afis-01.jpg 520w, https:\/\/semndecarte.metarsis.ro\/wp-content\/uploads\/2014\/03\/Ziua-Poeziei-afis-01-160x61.jpg 160w, https:\/\/semndecarte.metarsis.ro\/wp-content\/uploads\/2014\/03\/Ziua-Poeziei-afis-01-163x62.jpg 163w\" sizes=\"(max-width: 520px) 100vw, 520px\" \/><\/a>Ziua Mondial\u0103 a Poeziei\u00a0<span style=\"font-size: 13px; line-height: 1.3;\">este pe data de 21 martie \u0219i este declarat\u0103 de UNESCO, \u00eencep\u00e2nd din anul 1999, drept o recunoa\u0219tere a faptului c\u0103 oamenii de litere \u0219i de cultur\u0103, poe\u021bii \u0219i scriitorii din \u00eentreaga lume \u0219i-au adus o contribu\u021bie remarcabil\u0103 la \u00eembog\u0103\u021birea culturii \u0219i spiritualit\u0103\u021bii universale.<\/span><\/p>\n<p style=\"text-align: justify;\">De Ziua Mondial\u0103 a Poeziei, pe 21 martie, iubitorii acestei arte au parte de cafea gratuit\u0103. \u201ePl\u0103te\u015fte cu poezie!\u201c este provocarea lansat\u0103 de brandul de cafea Julius Meinl, la care \u0219i METARSIS activit\u0103\u021bi \u0219i servicii de cultur\u0103 urban\u0103 \u0219i art\u0103 contemporan\u0103 prin libr\u0103ria Semn de Carte s-a al\u0103turat propun\u00e2ndu-le oamenilor s\u0103 se prezinte \u00een cafenelele cu o poezie \u2013 scris\u0103 de marii autori sau chiar de ei \u00een\u015fi\u015fi &#8211; \u00een schimbul c\u0103reia vor primi cafeaua preferat\u0103.<br \/>\nAvem \u00eencredere \u00een puterea poeziei de a face o lume mai bun\u0103 \u015fi de a stabili o tradi\u0163ie \u2013 \u00een fiecare an, de Ziua Interna\u0163ional\u0103 a Poeziei, consumatorii sunt invita\u0163i s\u0103 scrie poezii \u00een schimbul cafelei preferate.<\/p>\n<p style=\"text-align: justify;\"><!--more--> De asemenea, \u201cZiua Mondial\u0103 a Poeziei\u201d urm\u0103re\u0219te s\u0103 sus\u021bin\u0103 crea\u021bia poetic\u0103, stabilirea unui dialog \u00eentre poezie \u0219i alte genuri ale crea\u021biei, editarea \u0219i promovarea poeziei ca art\u0103 deschis\u0103 oamenilor.<\/p>\n<p style=\"text-align: justify;\">Primele manifest\u0103ri dedicate \u201cZilei interna\u021bionale a poeziei\u201d, \u00een Rom\u00e2nia sunt legate de Funda\u021bia Cultural\u0103 \u201eOrient Latin\u201d si de Asocia\u021bia Cultural\u0103 ADSUM care organizeaz\u0103, separat, din anul 2005 respectiv 2008, spectacole pentru marcarea acestui moment. Spectacolele Asocia\u021biei Culturale ADSUM incep la Palatul Su\u021bu, iar anii urm\u0103tori (p\u00e2n\u0103 in 2012 inclusiv) manifest\u0103rile cap\u0103t\u0103 amploare fiind g\u0103zduite de Biblioteca Na\u021bional\u0103 a Rom\u00e2niei si Palatul Na\u021bional al Copiilor Dup\u0103 anul 2009 ideea de a organiza manifest\u0103ri dedicate \u201cZilei interna\u021bionale a poeziei\u201d este preluat\u0103 de tot mai multe asocia\u021bii culturale, ligi \u0219i alte societ\u0103\u021bi ale scriitorilor din Rom\u00e2nia.<\/p>\n<p><iframe src=\"http:\/\/www.youtube.com\/embed\/vT_rRAjD-tM\" frameborder=\"0\" align=\"left\" width=\"520\" height=\"428\"><\/iframe><\/p>\n","protected":false},"excerpt":{"rendered":"<p>Ziua Mondial\u0103 a Poeziei este pe data de 21 martie \u0219i este declarat\u0103 de UNESCO, \u00eencep\u00e2nd din anul 1999, drept o recunoa\u0219tere a faptului c\u0103 oamenii de litere \u0219i de cultur\u0103, poe\u021bii \u0219i scriitorii din \u00eentreaga lume \u0219i-au adus o contribu\u021bie remarcabil\u0103 la \u00eembog\u0103\u021birea culturii \u0219i spiritualit\u0103\u021bii universale.<\/p>\n","protected":false},"author":1,"featured_media":0,"comment_status":"open","ping_status":"open","sticky":false,"template":"","format":"standard","meta":[],"categories":[6,376],"tags":[395],"_links":{"self":[{"href":"https:\/\/semndecarte.metarsis.ro\/index.php?rest_route=\/wp\/v2\/posts\/8376"}],"collection":[{"href":"https:\/\/semndecarte.metarsis.ro\/index.php?rest_route=\/wp\/v2\/posts"}],"about":[{"href":"https:\/\/semndecarte.metarsis.ro\/index.php?rest_route=\/wp\/v2\/types\/post"}],"author":[{"embeddable":true,"href":"https:\/\/semndecarte.metarsis.ro\/index.php?rest_route=\/wp\/v2\/users\/1"}],"replies":[{"embeddable":true,"href":"https:\/\/semndecarte.metarsis.ro\/index.php?rest_route=%2Fwp%2Fv2%2Fcomments&post=8376"}],"version-history":[{"count":0,"href":"https:\/\/semndecarte.metarsis.ro\/index.php?rest_route=\/wp\/v2\/posts\/8376\/revisions"}],"wp:attachment":[{"href":"https:\/\/semndecarte.metarsis.ro\/index.php?rest_route=%2Fwp%2Fv2%2Fmedia&parent=8376"}],"wp:term":[{"taxonomy":"category","embeddable":true,"href":"https:\/\/semndecarte.metarsis.ro\/index.php?rest_route=%2Fwp%2Fv2%2Fcategories&post=8376"},{"taxonomy":"post_tag","embeddable":true,"href":"https:\/\/semndecarte.metarsis.ro\/index.php?rest_route=%2Fwp%2Fv2%2Ftags&post=8376"}],"curies":[{"name":"wp","href":"https:\/\/api.w.org\/{rel}","templated":true}]}}