{"id":8373,"date":"2014-03-21T09:25:14","date_gmt":"2014-03-21T07:25:14","guid":{"rendered":"http:\/\/semndecarte.metarsis.ro\/?p=8373"},"modified":"2014-03-21T10:44:52","modified_gmt":"2014-03-21T08:44:52","slug":"eveniment","status":"publish","type":"post","link":"https:\/\/semndecarte.metarsis.ro\/?p=8373","title":{"rendered":"Eveniment!"},"content":{"rendered":"<p style=\"text-align: justify;\"><strong><a href=\"http:\/\/semndecarte.metarsis.ro\/wp-content\/uploads\/2014\/03\/lansare.jpg\" rel=\"lightbox[8373]\"><img loading=\"lazy\" class=\"alignleft size-full wp-image-8374\" title=\"lansare\" src=\"http:\/\/semndecarte.metarsis.ro\/wp-content\/uploads\/2014\/03\/lansare.jpg\" alt=\"\" width=\"519\" height=\"253\" srcset=\"https:\/\/semndecarte.metarsis.ro\/wp-content\/uploads\/2014\/03\/lansare.jpg 519w, https:\/\/semndecarte.metarsis.ro\/wp-content\/uploads\/2014\/03\/lansare-160x77.jpg 160w, https:\/\/semndecarte.metarsis.ro\/wp-content\/uploads\/2014\/03\/lansare-163x79.jpg 163w\" sizes=\"(max-width: 519px) 100vw, 519px\" \/><\/a>ASR Principele Radu al Rom\u00e2niei,\u00a0<span style=\"font-size: 13px; line-height: 1.3;\">dubla lansare de carte regal\u0103 la\u00a0Re\u0219i\u021ba<\/span><\/strong><\/p>\n<p style=\"text-align: justify;\">Luni \u00a024 martie 2014 \u00a0\u00eencep\u00e2nd cu ora 12:00, ASR Principele RADU al Rom\u00e2niei va fi prezent la Re\u0219i\u021ba unde va lansa cele mai recente volume regale publicate la editura Curtea Veche: \u201cMargareta. Portretul Principesei Mo\u0219tenitoare\u201d \u0219i \u201cTrei poduri peste lume\u201d. Evenimentul care va avea loc la libr\u0103ria Semn de Carte (Str. Libert\u0103\u021bii, nr. 13)\u00a0este organizat deeditura Curtea Veche Publishing \u00a0Bucure\u0219ti \u00een colaborare cu Societatea\u00a0pentru Cultura METARSIS.<!--more--><\/p>\n<p style=\"text-align: justify;\">Intrarea este liber\u0103, iar evenimentul va include \u0219i o sesiune de autografe.<\/p>\n<p style=\"text-align: justify;\">\u201c<a href=\"http:\/\/www.curteaveche.ro\/margareta-portretul-principesei-mostenitoare.html\" target=\"_blank\">Margareta. Portretul Principesei Mo\u0219tenitoare<\/a>\u201d\u00a0de Sandra G\u0103tejeanu-Gheorghe este o minunat\u0103 carte-album ce prezint\u0103 destinul \u00een imagini, de la na\u015ftere p\u00e2n\u0103 \u00een zilele noastre, al primei femei care va mo\u015fteni Coroana Rom\u00e2niei. Pornind de la amintirile Alte\u021bei Sale Regale \u015fi apel\u00e2nd la documente, fotografii, obiecte personale, dar \u015fi lucruri ce fac parte din Colec\u021bia Regal\u0103, unele dintre ele prezentate \u00een premier\u0103 \u00een volumul \u201cMargareta. Portretul Principesei Mo\u0219tenitoare\u201d, autoarea Sandra G\u0103tejeanu Gheorghe ne vorbe\u015fte despre copil\u0103ria \u0219i adolescen\u021ba Principesei Mo\u0219tenitoare, despre studiile \u0219i experien\u021ba comunitar\u0103, despre via\u021ba de familie, interesele \u015fi activit\u0103\u0163ile \u00eentreprinse de Principesa Margareta \u00een folosul Rom\u00e2niei.<\/p>\n<p style=\"text-align: justify;\">\u201c<a href=\"http:\/\/www.curteaveche.ro\/colectii\/carti-regale\/trei-poduri-peste-lume.html\" target=\"_blank\">Trei poduri peste lume. Consemn\u0103ri \u00eentre anii 1982 \u015fi 2003<\/a>\u201d\u00a0de ASR Principele Radu al Rom\u00e2niei este un jurnal \u201epe s\u0103rite\u201c \u00een care aventura spiritual\u0103 a actorului care duce texte rom\u00e2ne\u015fti \u015fi str\u0103ine pe meridianele (\u015fi scenele) lumii se \u00eemplete\u015fte cu destinul omului de stat, devenit membru al Casei Regale a Rom\u00e2niei. Misiunea sa, aceea de a purta numele \u015fi spiritualitatea rom\u00e2neasc\u0103 \u00een lume, de a fi mesager al \u0163\u0103rii pentru reintegrarea ei \u00een familia c\u0103reia de drept \u00eei apar\u0163ine, lumea democratic\u0103, devine un sens \u015fi o datorie uman\u0103, pe care o \u00eendepline\u015fte cu devotament al\u0103turi de \u00eentreaga Familie Regal\u0103 a Rom\u00e2niei. Cele trei poduri din titlul c\u0103r\u021bii fac referire la trei treceri diferite, simultane \u0219i fundamentale \u00een via\u021ba Alte\u021bei Sale Regale: trecerea de la un mileniu la altul, trecerea de la Rom\u00e2nia comunist\u0103 la lumea liber\u0103, trecerea de la condi\u021bia de actor la cea de principe regal.<\/p>\n","protected":false},"excerpt":{"rendered":"<p>Luni  24 martie 2014  \u00eencep\u00e2nd cu ora 12:00, ASR Principele RADU al Rom\u00e2niei va fi prezent la Re\u0219i\u021ba unde va lansa cele mai recente volume regale publicate la editura Curtea Veche: \u201cMargareta. Portretul Principesei Mo\u0219tenitoare\u201d \u0219i \u201cTrei poduri peste lume\u201d. Evenimentul care va avea loc la libr\u0103ria Semn de Carte (Str. Libert\u0103\u021bii, nr. 13) este organizat de editura Curtea Veche Publishing  Bucure\u0219ti \u00een colaborare cu Societatea pentru Cultura METARSIS.<\/p>\n","protected":false},"author":1,"featured_media":0,"comment_status":"open","ping_status":"open","sticky":false,"template":"","format":"standard","meta":[],"categories":[3],"tags":[69],"_links":{"self":[{"href":"https:\/\/semndecarte.metarsis.ro\/index.php?rest_route=\/wp\/v2\/posts\/8373"}],"collection":[{"href":"https:\/\/semndecarte.metarsis.ro\/index.php?rest_route=\/wp\/v2\/posts"}],"about":[{"href":"https:\/\/semndecarte.metarsis.ro\/index.php?rest_route=\/wp\/v2\/types\/post"}],"author":[{"embeddable":true,"href":"https:\/\/semndecarte.metarsis.ro\/index.php?rest_route=\/wp\/v2\/users\/1"}],"replies":[{"embeddable":true,"href":"https:\/\/semndecarte.metarsis.ro\/index.php?rest_route=%2Fwp%2Fv2%2Fcomments&post=8373"}],"version-history":[{"count":0,"href":"https:\/\/semndecarte.metarsis.ro\/index.php?rest_route=\/wp\/v2\/posts\/8373\/revisions"}],"wp:attachment":[{"href":"https:\/\/semndecarte.metarsis.ro\/index.php?rest_route=%2Fwp%2Fv2%2Fmedia&parent=8373"}],"wp:term":[{"taxonomy":"category","embeddable":true,"href":"https:\/\/semndecarte.metarsis.ro\/index.php?rest_route=%2Fwp%2Fv2%2Fcategories&post=8373"},{"taxonomy":"post_tag","embeddable":true,"href":"https:\/\/semndecarte.metarsis.ro\/index.php?rest_route=%2Fwp%2Fv2%2Ftags&post=8373"}],"curies":[{"name":"wp","href":"https:\/\/api.w.org\/{rel}","templated":true}]}}