{"id":8358,"date":"2014-03-10T20:25:30","date_gmt":"2014-03-10T18:25:30","guid":{"rendered":"http:\/\/semndecarte.metarsis.ro\/?p=8358"},"modified":"2014-03-14T21:47:18","modified_gmt":"2014-03-14T19:47:18","slug":"sens-unic-pentru-femei","status":"publish","type":"post","link":"https:\/\/semndecarte.metarsis.ro\/?p=8358","title":{"rendered":"SENS UNIC pentru femei."},"content":{"rendered":"<p style=\"text-align: justify;\"><strong><span style=\"font-size: 13px; line-height: 1.3;\">LA MUL\u021aI ANI doamnelor \u0219i domni\u0219oarelor!<\/span><span style=\"font-size: 13px; line-height: 1.3;\">\u00a0<\/span><\/strong><\/p>\n<p style=\"text-align: justify;\"><a href=\"http:\/\/semndecarte.metarsis.ro\/wp-content\/uploads\/2014\/03\/cop1.jpg\" rel=\"lightbox[8358]\"><img loading=\"lazy\" class=\"alignleft size-full wp-image-8359\" title=\"8 Martie\" src=\"http:\/\/semndecarte.metarsis.ro\/wp-content\/uploads\/2014\/03\/cop1.jpg\" alt=\"\" width=\"520\" height=\"200\" srcset=\"https:\/\/semndecarte.metarsis.ro\/wp-content\/uploads\/2014\/03\/cop1.jpg 520w, https:\/\/semndecarte.metarsis.ro\/wp-content\/uploads\/2014\/03\/cop1-160x61.jpg 160w, https:\/\/semndecarte.metarsis.ro\/wp-content\/uploads\/2014\/03\/cop1-163x62.jpg 163w\" sizes=\"(max-width: 520px) 100vw, 520px\" \/><\/a>\u201cFemeile sunt de dou\u0103 categorii: unele sunt mai ales mame, altele iubite. Dac\u0103 le compari cu anotimpurile, femeia-mam\u0103 este ca anotimpul ploilor: \u00ee\u021bi d\u0103 hran\u0103, te potole\u0219te, \u00ee\u021bi \u00eenl\u0103tur\u0103 toate lipsurile, te mul\u021bume\u0219te prin sacrificiile sale proprii. Femeia- iubit\u0103 este ca prim\u0103vara: misterul ei de nedest\u0103inuit, farmecele ei sunt dulci \u0219i nelin\u0219tea ei \u00ee\u021bi treze\u0219te valuri de s\u00e2nge\u201d (Rabindranath Tagore). Mam\u0103 sau iubit\u0103, FEMEIA a fost s\u0103rb\u0103torit\u0103, cum se cuvine, la libr\u0103ria Semn de Carte vineri seara. Doamnele \u0219i domni\u0219oarele au fost \u00eent\u00e2mpinate cu sangria- b\u0103utura fiestelor latine- \u0219i au fost r\u0103sf\u0103\u021bate de tinerii re\u0219i\u021beni de la SENS UNIC. <!--more-->Doru Dinu Glavan, pre\u0219edinte al Uniunii Ziari\u0219tilor Profesioni\u0219ti din Rom\u00e2nia a transmis doamnelor \u0219i domni\u0219oarelor g\u00e2ndurile sale bune \u0219i ur\u0103ri de via\u021b\u0103 lung\u0103, s\u0103n\u0103tatoas\u0103,\u00a0\u00eenaintea\u00a0 programul oferit de studen\u021bii re\u0219i\u021beni: Vlad Cr\u00e2nganu- chitar\u0103, voce, Adrian Stoia-clape, Oana-Maria Voicu- cajon \u0219i Diana- Z\u0103stran- voce, program care a \u00eenceput cu binecunoscuta \u201cIubesc femeia\u201d, melodia fredonat\u0103 de genera\u021bii \u00eentregi \u2013 elogiu celor care sunt \u201ca vie\u021bii cheie\u201d. Scriitorul \u0219i poetul Constantin Rupa a omagiat FEMEIA \u0219i MAMA \u00een dou\u0103 momente distincte, apreciate \u0219i aplaudate la scen\u0103 deschis\u0103. Vizibil emo\u021bionat, \u00een libr\u0103rie fiind \u0219i mama \u0219i prietena sa, Vlad Cr\u00e2nganu a recitat doua strofe sugestive, organizatorii declar\u00e2ndu-l, oficial, c\u00e2\u0219tig\u0103torul \u00a0\u201etrofeul\u201c\u00a0 serii- \u00a0excelentul volum \u201eCalomnii mitologice\u201d de Octavian Paler (il a\u0219tept\u0103m pe Vlad s\u0103 vin\u0103 dupa recompns\u00e2). Premier\u0103 pentru Re\u0219i\u021ba a fost piesa AUTOSTOP a celor de la SENS UNIC ( versuri \u0219i muzica proprii).<\/p>\n<p style=\"text-align: justify;\">Seara s-a \u00eencheiat a\u0219a cum a \u00eenceput, cu aceea\u0219i \u201cIubesc femeia\u201d- tinerilor al\u0103tur\u00e2ndu-se, cu vocea \u0219i chitara\u00a0Lucian Duca,\u00a0pentru c\u0103, nu-i a\u0219a: \u201cFemei sunt multe-n lumea asta mare\/ Frumoase ca seninul \u00eenstelat\/ Gase\u0219ti pl\u0103ceri nebune-n fiecare\/ \u0218i-s dulci ca o sclipire de p\u0103cat\/\/ De-mi place-o brun\u0103 cu ochi de j\u0103ratec\/ \u00cen focul c\u0103ror inima-mi topesc\/ Apare-o blond\u0103 cu-n sur\u00e2s s\u0103lbatec\/ \u0218i nu mai \u0219tiu pe care s-o iubesc\u2026\u201d<\/p>\n<p style=\"text-align: justify;\">LA MUL\u0162I ANI doamnelor \u0219i domni\u0219oarelor, s\u0103 fi\u021bi iubite \u0219i s\u0103 ave\u021bi un SENS UNIC- spre fericire!<\/p>\n<p style=\"text-align: justify;\">Eveniment organizat de METARSIS- activit\u0103\u021bi \u0219i servicii de cultur\u0103 urban\u0103 \u0219i art\u0103 contemporan\u0103 prin libr\u0103ria Semn de Carte.<\/p>\n<p style=\"text-align: justify;\"><a href=\"http:\/\/semndecarte.metarsis.ro\/wp-content\/uploads\/2014\/03\/8martie_006.jpg\" rel=\"lightbox[8358]\"><img loading=\"lazy\" class=\"alignleft size-thumbnail wp-image-8363\" title=\"8 martie\" src=\"http:\/\/semndecarte.metarsis.ro\/wp-content\/uploads\/2014\/03\/8martie_006-95x95.jpg\" alt=\"\" width=\"95\" height=\"95\" \/><\/a><a href=\"http:\/\/semndecarte.metarsis.ro\/wp-content\/uploads\/2014\/03\/8martie_005.jpg\" rel=\"lightbox[8358]\"><img loading=\"lazy\" class=\"alignleft size-thumbnail wp-image-8362\" title=\"8 martie\" src=\"http:\/\/semndecarte.metarsis.ro\/wp-content\/uploads\/2014\/03\/8martie_005-95x95.jpg\" alt=\"\" width=\"95\" height=\"95\" \/><\/a><a href=\"http:\/\/semndecarte.metarsis.ro\/wp-content\/uploads\/2014\/03\/8martie_026.jpg\" rel=\"lightbox[8358]\"><img loading=\"lazy\" class=\"alignleft size-thumbnail wp-image-8369\" title=\"8 martie\" src=\"http:\/\/semndecarte.metarsis.ro\/wp-content\/uploads\/2014\/03\/8martie_026-95x95.jpg\" alt=\"\" width=\"95\" height=\"95\" \/><\/a><a href=\"http:\/\/semndecarte.metarsis.ro\/wp-content\/uploads\/2014\/03\/8martie_007.jpg\" rel=\"lightbox[8358]\"><img loading=\"lazy\" class=\"alignleft size-thumbnail wp-image-8364\" title=\"Sens Unic\" src=\"http:\/\/semndecarte.metarsis.ro\/wp-content\/uploads\/2014\/03\/8martie_007-95x95.jpg\" alt=\"\" width=\"95\" height=\"95\" \/><\/a><a href=\"http:\/\/semndecarte.metarsis.ro\/wp-content\/uploads\/2014\/03\/8martie_008.jpg\" rel=\"lightbox[8358]\"><img loading=\"lazy\" class=\"alignleft size-thumbnail wp-image-8365\" title=\"8 martie\" src=\"http:\/\/semndecarte.metarsis.ro\/wp-content\/uploads\/2014\/03\/8martie_008-95x95.jpg\" alt=\"\" width=\"95\" height=\"95\" \/><\/a><a href=\"http:\/\/semndecarte.metarsis.ro\/wp-content\/uploads\/2014\/03\/8martie_012.jpg\" rel=\"lightbox[8358]\"><img loading=\"lazy\" class=\"alignleft size-thumbnail wp-image-8368\" title=\"Elena Diana\" src=\"http:\/\/semndecarte.metarsis.ro\/wp-content\/uploads\/2014\/03\/8martie_012-95x95.jpg\" alt=\"\" width=\"95\" height=\"95\" \/><\/a><a href=\"http:\/\/semndecarte.metarsis.ro\/wp-content\/uploads\/2014\/03\/8martie_032.jpg\" rel=\"lightbox[8358]\"><img loading=\"lazy\" class=\"alignleft size-thumbnail wp-image-8370\" title=\"Dana Balanescu vorbeste doamnelor prezente\" src=\"http:\/\/semndecarte.metarsis.ro\/wp-content\/uploads\/2014\/03\/8martie_032-95x95.jpg\" alt=\"\" width=\"95\" height=\"95\" \/><\/a><a href=\"http:\/\/semndecarte.metarsis.ro\/wp-content\/uploads\/2014\/03\/8martie_009.jpg\" rel=\"lightbox[8358]\"><img loading=\"lazy\" class=\"alignleft size-thumbnail wp-image-8366\" title=\"8 martie\" src=\"http:\/\/semndecarte.metarsis.ro\/wp-content\/uploads\/2014\/03\/8martie_009-95x95.jpg\" alt=\"\" width=\"95\" height=\"95\" \/><\/a><a href=\"http:\/\/semndecarte.metarsis.ro\/wp-content\/uploads\/2014\/03\/8martie_010.jpg\" rel=\"lightbox[8358]\"><img loading=\"lazy\" class=\"alignleft size-thumbnail wp-image-8367\" title=\"Sens Unic\" src=\"http:\/\/semndecarte.metarsis.ro\/wp-content\/uploads\/2014\/03\/8martie_010-95x95.jpg\" alt=\"\" width=\"95\" height=\"95\" \/><\/a><a href=\"http:\/\/semndecarte.metarsis.ro\/wp-content\/uploads\/2014\/03\/8martie_035.jpg\" rel=\"lightbox[8358]\"><img loading=\"lazy\" class=\"alignleft size-thumbnail wp-image-8361\" title=\"Tim Rupa\" src=\"http:\/\/semndecarte.metarsis.ro\/wp-content\/uploads\/2014\/03\/8martie_035-95x95.jpg\" alt=\"\" width=\"95\" height=\"95\" \/><\/a><iframe style=\"font-size: 13px;\" src=\"http:\/\/www.youtube.com\/embed\/DpJkSu36tlk\" frameborder=\"0\" align=\"left\" width=\"520\" height=\"428\"><\/iframe><\/p>\n","protected":false},"excerpt":{"rendered":"<p>Mam\u0103 sau iubit\u0103, FEMEIA a fost s\u0103rb\u0103torit\u0103, cum se cuvine, la libr\u0103ria Semn de Carte vineri seara. Doamnele \u0219i domni\u0219oarele au fost \u00eent\u00e2mpinate cu sangria- b\u0103utura fiestelor latine- \u0219i au fost r\u0103sf\u0103\u021bate de tinerii re\u0219i\u021beni de la SENS UNIC.<\/p>\n","protected":false},"author":1,"featured_media":0,"comment_status":"open","ping_status":"open","sticky":false,"template":"","format":"standard","meta":[],"categories":[6,7],"tags":[358],"_links":{"self":[{"href":"https:\/\/semndecarte.metarsis.ro\/index.php?rest_route=\/wp\/v2\/posts\/8358"}],"collection":[{"href":"https:\/\/semndecarte.metarsis.ro\/index.php?rest_route=\/wp\/v2\/posts"}],"about":[{"href":"https:\/\/semndecarte.metarsis.ro\/index.php?rest_route=\/wp\/v2\/types\/post"}],"author":[{"embeddable":true,"href":"https:\/\/semndecarte.metarsis.ro\/index.php?rest_route=\/wp\/v2\/users\/1"}],"replies":[{"embeddable":true,"href":"https:\/\/semndecarte.metarsis.ro\/index.php?rest_route=%2Fwp%2Fv2%2Fcomments&post=8358"}],"version-history":[{"count":0,"href":"https:\/\/semndecarte.metarsis.ro\/index.php?rest_route=\/wp\/v2\/posts\/8358\/revisions"}],"wp:attachment":[{"href":"https:\/\/semndecarte.metarsis.ro\/index.php?rest_route=%2Fwp%2Fv2%2Fmedia&parent=8358"}],"wp:term":[{"taxonomy":"category","embeddable":true,"href":"https:\/\/semndecarte.metarsis.ro\/index.php?rest_route=%2Fwp%2Fv2%2Fcategories&post=8358"},{"taxonomy":"post_tag","embeddable":true,"href":"https:\/\/semndecarte.metarsis.ro\/index.php?rest_route=%2Fwp%2Fv2%2Ftags&post=8358"}],"curies":[{"name":"wp","href":"https:\/\/api.w.org\/{rel}","templated":true}]}}