{"id":8280,"date":"2013-12-24T12:14:11","date_gmt":"2013-12-24T10:14:11","guid":{"rendered":"http:\/\/semndecarte.metarsis.ro\/?p=8280"},"modified":"2013-12-24T12:14:11","modified_gmt":"2013-12-24T10:14:11","slug":"icoane-si-colinde","status":"publish","type":"post","link":"https:\/\/semndecarte.metarsis.ro\/?p=8280","title":{"rendered":"Icoane \u0219i colinde"},"content":{"rendered":"<p style=\"text-align: justify;\"><strong><a href=\"http:\/\/semndecarte.metarsis.ro\/wp-content\/uploads\/2013\/12\/v-thumb-1024xauto-112087.jpg\" rel=\"lightbox[8280]\"><img loading=\"lazy\" class=\"alignleft size-full wp-image-8265\" title=\"v-thumb-1024xauto-112087\" src=\"http:\/\/semndecarte.metarsis.ro\/wp-content\/uploads\/2013\/12\/v-thumb-1024xauto-112087.jpg\" alt=\"\" width=\"520\" height=\"200\" srcset=\"https:\/\/semndecarte.metarsis.ro\/wp-content\/uploads\/2013\/12\/v-thumb-1024xauto-112087.jpg 520w, https:\/\/semndecarte.metarsis.ro\/wp-content\/uploads\/2013\/12\/v-thumb-1024xauto-112087-160x61.jpg 160w, https:\/\/semndecarte.metarsis.ro\/wp-content\/uploads\/2013\/12\/v-thumb-1024xauto-112087-163x62.jpg 163w\" sizes=\"(max-width: 520px) 100vw, 520px\" \/><\/a>Icoane \u0219i colinde<\/strong><\/p>\n<p style=\"text-align: justify;\">CR\u0102CIUNUL \u2013 s\u0103rb\u0103toare a luminii \u0219i a vie\u021bii a fost marcat luni, 23 decembrie 2013, \u00eencep\u00e2nd cu orele 18:00, la libr\u0103ria Semn de Carte din Re\u0219i\u021ba, str. Libert\u0103\u021bii 13, prin vernisajul expozi\u021biei de icoane realizate de\u00a0RITA ALDEA- creatoare recunoscut\u0103 \u0219i realizatoare de picturi biserice\u0219ti\u00a0 (printre care Biserica Sf. Apostoli Petru si Pavel, Biserica Sf. Andrei) \u0219i recitalul de colinde sus\u021binut de baritonul DANIEL ALEX MILENCOVICI- student al sec\u021biei Interpretare muzical\u0103- Canto de la Facultatea de Muzic\u0103 din Universitatea de Vest din Timi\u0219oara, acompaniat la pian de t\u00e2n\u0103rul Lauren\u021biu Derlean.<img title=\"Mai multe...\" src=\"http:\/\/semndecarte.metarsis.ro\/wp-includes\/js\/tinymce\/plugins\/wordpress\/img\/trans.gif\" alt=\"\" \/><\/p>\n<p style=\"text-align: justify;\"><!--more-->A fost o sear\u0103 magic\u0103 cu to\u021bii fiind vr\u0103ji\u021bi de acordurile cantecelor de Cr\u0103ciun sub ocrotirea icoanelor Ritei Aldea.<\/p>\n<p style=\"text-align: justify;\"><a href=\"http:\/\/semndecarte.metarsis.ro\/wp-content\/uploads\/2013\/12\/DSCN1798.jpg\" rel=\"lightbox[8280]\"><img loading=\"lazy\" class=\"alignleft size-thumbnail wp-image-8284\" title=\"DSCN1798\" src=\"http:\/\/semndecarte.metarsis.ro\/wp-content\/uploads\/2013\/12\/DSCN1798-95x95.jpg\" alt=\"\" width=\"95\" height=\"95\" \/><\/a><\/p>\n<p style=\"text-align: justify;\"><img loading=\"lazy\" class=\"alignleft size-thumbnail wp-image-8282\" title=\"DSCN1814\" src=\"http:\/\/semndecarte.metarsis.ro\/wp-content\/uploads\/2013\/12\/DSCN1814-95x95.jpg\" alt=\"\" width=\"95\" height=\"95\" \/><a href=\"http:\/\/semndecarte.metarsis.ro\/wp-content\/uploads\/2013\/12\/DSCN1808.jpg\" rel=\"lightbox[8280]\"><img loading=\"lazy\" class=\"alignleft size-thumbnail wp-image-8286\" title=\"DSCN1808\" src=\"http:\/\/semndecarte.metarsis.ro\/wp-content\/uploads\/2013\/12\/DSCN1808-95x95.jpg\" alt=\"\" width=\"95\" height=\"95\" \/><\/a><a style=\"font-size: 13px;\" href=\"http:\/\/semndecarte.metarsis.ro\/wp-content\/uploads\/2013\/12\/DSCN1796.jpg\" rel=\"lightbox[8280]\"><img loading=\"lazy\" class=\"alignleft size-thumbnail wp-image-8281\" style=\"font-size: 13px;\" title=\"DSCN1796\" src=\"http:\/\/semndecarte.metarsis.ro\/wp-content\/uploads\/2013\/12\/DSCN1796-95x95.jpg\" alt=\"\" width=\"95\" height=\"95\" \/><\/a><a href=\"http:\/\/semndecarte.metarsis.ro\/wp-content\/uploads\/2013\/12\/DSCN1797.jpg\" rel=\"lightbox[8280]\"><img loading=\"lazy\" class=\"alignleft size-thumbnail wp-image-8285\" title=\"DSCN1797\" src=\"http:\/\/semndecarte.metarsis.ro\/wp-content\/uploads\/2013\/12\/DSCN1797-95x95.jpg\" alt=\"\" width=\"95\" height=\"95\" \/><\/a><\/p>\n","protected":false},"excerpt":{"rendered":"<p>CR\u0102CIUNUL \u2013 s\u0103rb\u0103toare a luminii \u0219i a vie\u021bii a fost marcat luni, 23 decembrie 2013, \u00eencep\u00e2nd cu orele 18:00, la libr\u0103ria Semn de Carte<\/p>\n","protected":false},"author":1,"featured_media":0,"comment_status":"open","ping_status":"open","sticky":false,"template":"","format":"standard","meta":[],"categories":[7],"tags":[],"_links":{"self":[{"href":"https:\/\/semndecarte.metarsis.ro\/index.php?rest_route=\/wp\/v2\/posts\/8280"}],"collection":[{"href":"https:\/\/semndecarte.metarsis.ro\/index.php?rest_route=\/wp\/v2\/posts"}],"about":[{"href":"https:\/\/semndecarte.metarsis.ro\/index.php?rest_route=\/wp\/v2\/types\/post"}],"author":[{"embeddable":true,"href":"https:\/\/semndecarte.metarsis.ro\/index.php?rest_route=\/wp\/v2\/users\/1"}],"replies":[{"embeddable":true,"href":"https:\/\/semndecarte.metarsis.ro\/index.php?rest_route=%2Fwp%2Fv2%2Fcomments&post=8280"}],"version-history":[{"count":0,"href":"https:\/\/semndecarte.metarsis.ro\/index.php?rest_route=\/wp\/v2\/posts\/8280\/revisions"}],"wp:attachment":[{"href":"https:\/\/semndecarte.metarsis.ro\/index.php?rest_route=%2Fwp%2Fv2%2Fmedia&parent=8280"}],"wp:term":[{"taxonomy":"category","embeddable":true,"href":"https:\/\/semndecarte.metarsis.ro\/index.php?rest_route=%2Fwp%2Fv2%2Fcategories&post=8280"},{"taxonomy":"post_tag","embeddable":true,"href":"https:\/\/semndecarte.metarsis.ro\/index.php?rest_route=%2Fwp%2Fv2%2Ftags&post=8280"}],"curies":[{"name":"wp","href":"https:\/\/api.w.org\/{rel}","templated":true}]}}