{"id":8246,"date":"2013-12-11T19:25:09","date_gmt":"2013-12-11T17:25:09","guid":{"rendered":"http:\/\/semndecarte.metarsis.ro\/?p=8246"},"modified":"2013-12-11T19:25:09","modified_gmt":"2013-12-11T17:25:09","slug":"cartea-e-un-dar-3","status":"publish","type":"post","link":"https:\/\/semndecarte.metarsis.ro\/?p=8246","title":{"rendered":"Cartea e un dar&#8230;"},"content":{"rendered":"<p style=\"text-align: justify;\"><a href=\"http:\/\/semndecarte.metarsis.ro\/wp-content\/uploads\/2013\/12\/cop.jpg\" rel=\"lightbox[8246]\"><img loading=\"lazy\" class=\"alignleft size-full wp-image-8247\" title=\"cop\" src=\"http:\/\/semndecarte.metarsis.ro\/wp-content\/uploads\/2013\/12\/cop.jpg\" alt=\"\" width=\"520\" height=\"200\" srcset=\"https:\/\/semndecarte.metarsis.ro\/wp-content\/uploads\/2013\/12\/cop.jpg 520w, https:\/\/semndecarte.metarsis.ro\/wp-content\/uploads\/2013\/12\/cop-160x61.jpg 160w, https:\/\/semndecarte.metarsis.ro\/wp-content\/uploads\/2013\/12\/cop-163x62.jpg 163w\" sizes=\"(max-width: 520px) 100vw, 520px\" \/><\/a>Joi, 5 decembrie 2013, la ora 10, elevii clasei I B de la \u0218coala Gimnazial\u0103 nr. 2, Re\u0219i\u021ba, \u00eenso\u021bi\u021bi de doamna \u00eenv\u0103\u021b\u0103toare Maria Ciontu, au poposit la prietenii lor de la libr\u0103ria Semn de carte \u2013 familia lui ARIcel iste\u021b- unde au petrecut dou\u0103 ore minunate \u00een lumea c\u0103r\u021bilor, cu proiec\u021bii interesante despre SF. Nicolae \u0219i savur\u00e2nd un aromat ceai de fructe de p\u0103dure .<!--more--><\/p>\n<p style=\"text-align: justify;\"><span style=\"font-size: 13px; line-height: 1.3;\">Activitatea CARTEA e un dar, pe care-l po\u0163i deschide iar\u2026 \u015fi iar\u2026\u0219i iar&#8230; face parte din proiectul \u201eCarte frumoas\u0103, cinste cui te-a scris \u201d desf\u0103\u0219urat \u00een parteneriat cu libr\u0103ria Semn de carte. \u00centruc\u00e2t am p\u0103\u015fit deja \u00een Luna cadourilor, cei mai mul\u0163i dintre copii abia a\u015fteapt\u0103 s\u0103 primeasc\u0103 daruri. Dar au tr\u0103it oare bucuria de a d\u0103rui? A\u015fa c\u0103 au avut ocazia de a alege cartea potrivit\u0103 pentru colegul al c\u0103rui nume l-au aflat prin tragere la sor\u021bi \u015fi au achitat-o din economiile proprii. Apoi vor d\u0103rui cartea achizi\u0163ionat\u0103 \u00een 6 Decembrie, de Sf. Nicolae, \u015fi vor \u00eenso\u021bi cadoul de ur\u0103rile corespunz\u0103toare. (prof. \u00eenv. primar Maria Ciontu)<\/span><\/p>\n<p style=\"text-align: justify;\"><a href=\"http:\/\/semndecarte.metarsis.ro\/wp-content\/uploads\/2013\/12\/IMG_2013.jpg\" rel=\"lightbox[8246]\"><img loading=\"lazy\" class=\"alignleft size-thumbnail wp-image-8248\" title=\"IMG_2013\" src=\"http:\/\/semndecarte.metarsis.ro\/wp-content\/uploads\/2013\/12\/IMG_2013-95x95.jpg\" alt=\"\" width=\"95\" height=\"95\" \/><\/a><a href=\"http:\/\/semndecarte.metarsis.ro\/wp-content\/uploads\/2013\/12\/IMG_2028.jpg\" rel=\"lightbox[8246]\"><img loading=\"lazy\" class=\"alignleft size-thumbnail wp-image-8249\" title=\"IMG_2028\" src=\"http:\/\/semndecarte.metarsis.ro\/wp-content\/uploads\/2013\/12\/IMG_2028-95x95.jpg\" alt=\"\" width=\"95\" height=\"95\" \/><\/a><a href=\"http:\/\/semndecarte.metarsis.ro\/wp-content\/uploads\/2013\/12\/IMG_2033.jpg\" rel=\"lightbox[8246]\"><img loading=\"lazy\" class=\"alignleft size-thumbnail wp-image-8250\" title=\"IMG_2033\" src=\"http:\/\/semndecarte.metarsis.ro\/wp-content\/uploads\/2013\/12\/IMG_2033-95x95.jpg\" alt=\"\" width=\"95\" height=\"95\" \/><\/a><a href=\"http:\/\/semndecarte.metarsis.ro\/wp-content\/uploads\/2013\/12\/IMG_2029.jpg\" rel=\"lightbox[8246]\"><img loading=\"lazy\" class=\"alignleft size-thumbnail wp-image-8252\" title=\"IMG_2029\" src=\"http:\/\/semndecarte.metarsis.ro\/wp-content\/uploads\/2013\/12\/IMG_2029-95x95.jpg\" alt=\"\" width=\"95\" height=\"95\" \/><\/a><a href=\"http:\/\/semndecarte.metarsis.ro\/wp-content\/uploads\/2013\/12\/IMG_2040.jpg\" rel=\"lightbox[8246]\"><img loading=\"lazy\" class=\"alignleft size-thumbnail wp-image-8253\" title=\"IMG_2040\" src=\"http:\/\/semndecarte.metarsis.ro\/wp-content\/uploads\/2013\/12\/IMG_2040-95x95.jpg\" alt=\"\" width=\"95\" height=\"95\" \/><\/a><\/p>\n","protected":false},"excerpt":{"rendered":"<p>Joi, 5 decembrie 2013, la ora 10, elevii clasei I B de la \u0218coala Gimnazial\u0103 nr. 2, Re\u0219i\u021ba, \u00eenso\u021bi\u021bi de doamna \u00eenv\u0103\u021b\u0103toare Maria Ciontu, au poposit la prietenii lor de la libr\u0103ria Semn de carte \u2013 familia lui ARIcel iste\u021b- unde au petrecut dou\u0103 ore minunate \u00een lumea c\u0103r\u021bilor, cu proiec\u021bii interesante despre SF. Nicolae \u0219i savur\u00e2nd un aromat ceai de fructe de p\u0103dure .<\/p>\n","protected":false},"author":1,"featured_media":0,"comment_status":"open","ping_status":"open","sticky":false,"template":"","format":"standard","meta":[],"categories":[7],"tags":[392],"_links":{"self":[{"href":"https:\/\/semndecarte.metarsis.ro\/index.php?rest_route=\/wp\/v2\/posts\/8246"}],"collection":[{"href":"https:\/\/semndecarte.metarsis.ro\/index.php?rest_route=\/wp\/v2\/posts"}],"about":[{"href":"https:\/\/semndecarte.metarsis.ro\/index.php?rest_route=\/wp\/v2\/types\/post"}],"author":[{"embeddable":true,"href":"https:\/\/semndecarte.metarsis.ro\/index.php?rest_route=\/wp\/v2\/users\/1"}],"replies":[{"embeddable":true,"href":"https:\/\/semndecarte.metarsis.ro\/index.php?rest_route=%2Fwp%2Fv2%2Fcomments&post=8246"}],"version-history":[{"count":0,"href":"https:\/\/semndecarte.metarsis.ro\/index.php?rest_route=\/wp\/v2\/posts\/8246\/revisions"}],"wp:attachment":[{"href":"https:\/\/semndecarte.metarsis.ro\/index.php?rest_route=%2Fwp%2Fv2%2Fmedia&parent=8246"}],"wp:term":[{"taxonomy":"category","embeddable":true,"href":"https:\/\/semndecarte.metarsis.ro\/index.php?rest_route=%2Fwp%2Fv2%2Fcategories&post=8246"},{"taxonomy":"post_tag","embeddable":true,"href":"https:\/\/semndecarte.metarsis.ro\/index.php?rest_route=%2Fwp%2Fv2%2Ftags&post=8246"}],"curies":[{"name":"wp","href":"https:\/\/api.w.org\/{rel}","templated":true}]}}