{"id":8203,"date":"2013-11-16T13:32:53","date_gmt":"2013-11-16T11:32:53","guid":{"rendered":"http:\/\/semndecarte.metarsis.ro\/?p=8203"},"modified":"2013-11-28T12:36:13","modified_gmt":"2013-11-28T10:36:13","slug":"poezie-dialectala","status":"publish","type":"post","link":"https:\/\/semndecarte.metarsis.ro\/?p=8203","title":{"rendered":"Seara de poezie"},"content":{"rendered":"<p><strong><a href=\"http:\/\/semndecarte.metarsis.ro\/wp-content\/uploads\/2013\/11\/cop3.jpg\" rel=\"lightbox[8203]\"><img loading=\"lazy\" class=\"alignleft size-full wp-image-8235\" title=\"cop\" src=\"http:\/\/semndecarte.metarsis.ro\/wp-content\/uploads\/2013\/11\/cop3.jpg\" alt=\"\" width=\"520\" height=\"200\" srcset=\"https:\/\/semndecarte.metarsis.ro\/wp-content\/uploads\/2013\/11\/cop3.jpg 520w, https:\/\/semndecarte.metarsis.ro\/wp-content\/uploads\/2013\/11\/cop3-160x61.jpg 160w, https:\/\/semndecarte.metarsis.ro\/wp-content\/uploads\/2013\/11\/cop3-163x62.jpg 163w\" sizes=\"(max-width: 520px) 100vw, 520px\" \/><\/a>Adrian Paunescu &#8211; remember<br \/>\n<\/strong><\/p>\n<p>In fiecare an, in preajma datei de 5 noiembrie il comemoram pe marele Adrian Paunescu. Cu toate ca data ne trimite cu gandul la trecerea acestuia in nefiinta, eu consider ca este un moment de sarbatoare, de celebrare a poeziei sale.<br \/>\nAm avut bucuria ca si-n acest an Libraria Semn de carte sa ne fie alaturi, atat ca parteneri ,dar mai ales ca prieteni si iubitori de arta, cultura, de tot ce e frumos. <!--more-->Actiunea a fost un succes, public de toate varstele si categoriile sociale traind, pret de cateva ore, in spiritul nemuritor al lui Adrian Paunescu. Oameni de presa, de cultura dar si tineri,elevi si studenti, au povestit, recitat sau fredonat din versurile nemuritoare.<br \/>\nSper ca din an an actiunea sa fie tot mai ampla si mai sonora, pentru ca poeziile marelui poet sa nu fie uitate (Adela Berbentia).<\/p>\n<p><a href=\"http:\/\/semndecarte.metarsis.ro\/wp-content\/uploads\/2013\/11\/DSC04696.jpg\" rel=\"lightbox[8203]\"><img loading=\"lazy\" class=\"alignleft size-thumbnail wp-image-8230\" title=\"DSC04696\" src=\"http:\/\/semndecarte.metarsis.ro\/wp-content\/uploads\/2013\/11\/DSC04696-95x95.jpg\" alt=\"\" width=\"95\" height=\"95\" \/><\/a><a href=\"http:\/\/semndecarte.metarsis.ro\/wp-content\/uploads\/2013\/11\/DSC04699.jpg\" rel=\"lightbox[8203]\"><img loading=\"lazy\" class=\"alignleft size-thumbnail wp-image-8233\" title=\"DSC04699\" src=\"http:\/\/semndecarte.metarsis.ro\/wp-content\/uploads\/2013\/11\/DSC04699-95x95.jpg\" alt=\"\" width=\"95\" height=\"95\" \/><\/a><a href=\"http:\/\/semndecarte.metarsis.ro\/wp-content\/uploads\/2013\/11\/DSC04698.jpg\" rel=\"lightbox[8203]\"><img loading=\"lazy\" class=\"alignleft size-thumbnail wp-image-8232\" title=\"DSC04698\" src=\"http:\/\/semndecarte.metarsis.ro\/wp-content\/uploads\/2013\/11\/DSC04698-95x95.jpg\" alt=\"\" width=\"95\" height=\"95\" \/><\/a><a href=\"http:\/\/semndecarte.metarsis.ro\/wp-content\/uploads\/2013\/11\/DSC04697.jpg\" rel=\"lightbox[8203]\"><img loading=\"lazy\" class=\"alignleft size-thumbnail wp-image-8231\" title=\"DSC04697\" src=\"http:\/\/semndecarte.metarsis.ro\/wp-content\/uploads\/2013\/11\/DSC04697-95x95.jpg\" alt=\"\" width=\"95\" height=\"95\" \/><\/a><a href=\"http:\/\/semndecarte.metarsis.ro\/wp-content\/uploads\/2013\/11\/DSC04707.jpg\" rel=\"lightbox[8203]\"><img loading=\"lazy\" class=\"alignleft size-thumbnail wp-image-8234\" title=\"DSC04707\" src=\"http:\/\/semndecarte.metarsis.ro\/wp-content\/uploads\/2013\/11\/DSC04707-95x95.jpg\" alt=\"\" width=\"95\" height=\"95\" \/><\/a><\/p>\n<p>&nbsp;<\/p>\n<p><strong>Poezie dialectal\u0103 la \u201eSemn de carte\u201d!<\/strong><span style=\"font-size: 13px; text-align: justify; line-height: 1.3;\">\u00a0<\/span><\/p>\n<p style=\"text-align: justify;\">\u00a0 \u00a0\u00a0Seara zilei de 9 noiembrie 2013 va r\u0103m\u00e2ne pentru mult\u0103 vreme un moment de referin\u0163\u0103 \u00een activitatea cultural\u0103 a comunit\u0103\u0163ii rom\u00e2ne\u015fti din S\u0103rcia- Serbia. Pentru c\u0103 nu poate fi numit\u0103 altfel \u00eent\u00e2lnirea pe care rom\u00e2nii din acest sat din Voivodina au avut-o cu iubitorii de poezie \u00een grai b\u0103n\u0103\u0163ean din Re\u015fi\u0163a.<\/p>\n<p style=\"text-align: justify;\">\u00a0\u00a0\u00a0\u00a0 \u00cen loca\u0163ia intim\u0103 \u015fi prieteneasc\u0103 a Libr\u0103riei \u201eSemn de carte\u201d din Re\u015fi\u0163a, oferit\u0103 cu generozitate de doamna Camelia Duca, \u00een organizarea Parohiei \u201eSfin\u0163ii Apostoli Petru \u015fi Pavel-Gov\u00e2ndari\u201d \u015fi a Casei de Cultur\u0103 Studen\u021beasc\u0103 Re\u015fi\u0163a, \u00een parteneriat cu\u00a0Universitatea \u201cEftimie Murgu\u201d Re\u015fi\u0163a, Prim\u0103ria Municipiului Re\u015fi\u0163a, Biblioteca Jude\u0163ean\u0103 \u201cPaul Iorgovici\u201d, Teatrul de Vest \u015fi Societatea pentru Cultur\u0103 \u201cMetarsis\u201d, prietenii no\u015ftri rom\u00e2ni din Serbia au adus bucurie celor prezen\u0163i.<!--more--><\/p>\n<p style=\"text-align: justify;\">\u00a0\u00a0\u00a0\u00a0\u00a0 Astfel, dup\u0103 ce gazda \u015fi amfitrioana noastr\u0103 a deschis seara, manifest\u00e2ndu-\u015fi bucuria de a avea oaspe\u0163i rom\u00e2ni de peste frontiere, D-l. Doru Dinu Gl\u0103van, pre\u015fedintele Asocia\u0163iei ziari\u015ftilor profesioni\u015fti din Rom\u00e2nia, a vorbit despre \u00eenceputurile leg\u0103turilor dintre noi \u015fi cei din satele rom\u00e2ne\u015fti din Serbia, iar protopopul Petru Berbentia, cel care a f\u0103cut posibil\u0103 venirea celor din S\u0103rcia, a vorbit despre situa\u0163ia actual\u0103 a rom\u00e2nilor din diaspora, cu referire direct\u0103 la b\u0103n\u0103\u0163enii din p\u0103r\u0163ile vestice ale Banatului istoric. Preotul Petru Berbentia a vorbit \u015fi despre sprijinul constant pe care Episcopia Caransebe\u015fului \u00eel acord\u0103 fra\u0163ilor rom\u00e2ni, chiar \u00een aceast\u0103 zi, Preasfin\u0163itul P\u0103rinte Episcop Lucian fiind prezent \u00een parohia rom\u00e2neasc\u0103 din S\u00e2n Mihai ( Lokve).<\/p>\n<p style=\"text-align: justify;\">\u00a0\u00a0\u00a0\u00a0\u00a0 Prezentarea celor veni\u0163i din Serbia a fost f\u0103cut\u0103 de doamna Nicoleta Suciu, redactor a singurei emisiuni \u00een limba rom\u00e2n\u0103 de la postul regional Radio Seceani, unde rom\u00e2nii au o emisiune de 60 de minute \u00een fiecare sear\u0103 de duminic\u0103. Doamna Suciu a vorbit mai pe larg despre poetul \u00een grai, Pavel Pancaricean-Lonti \u015fi a prezentat cartea \u201eSatul meu, drag\u0103 S\u0103rcie\u201d.<\/p>\n<p style=\"text-align: justify;\">Despre istoria satului a vorbit d-l Iancu Mur\u0103rescu, redactorul revistei \u201eS\u0103rcia\u201d- publica\u0163ie periodic\u0103 a rom\u00e2nilor s\u0103rcien\u0163i, foaie editat\u0103 de Biserica Ortodox\u0103 Rom\u00e2n\u0103 din S\u0103rcia.<\/p>\n<p style=\"text-align: justify;\">\u00a0\u00a0\u00a0\u00a0 Despre Biserica din S\u0103rcia \u015fi rela\u0163iile fr\u0103\u0163e\u015fti cu cei din Rom\u00e2nia, a vorbit d-l Valeri Mo\u015fesku, cel care este \u201ecr\u00e2snicul\u201d bisericii dar \u015fi omul ce se ocup\u0103 de tehnoredactarea computerizat\u0103 \u015fi tip\u0103rirea acestei reviste s\u0103te\u015fti.<\/p>\n<p style=\"text-align: justify;\">\u00a0\u00a0\u00a0\u00a0 Pentru c\u0103 \u00eentre cei veni\u0163i la noi se aflau \u015fi dou\u0103 eleve dintre ultimii \u015fase copii ce mai \u00eenva\u0163\u0103 la sec\u0163ia rom\u00e2neasc\u0103 a \u015fcolii \u201eIvo Lola Ribar\u201d din localitate, dar \u015fi o fat\u0103 ce a absolvit \u015fcoala gimnazial\u0103 \u015fi studiaz\u0103 la \u015fcoala medie de economie din Seceani, despre situa\u0163ia \u015fcolar\u0103 de acolo a vorbit \u00eenv\u0103\u0163\u0103torul Daniel Ursulescu, care lucreaz\u0103 cu ace\u015fti elevi rom\u00e2ni.<\/p>\n<p style=\"text-align: justify;\">\u00a0\u00a0\u00a0 D-l Pavel Pancaricean-Lonti \u015fi-a exprimat bucuria de a fi la Re\u015fi\u0163a \u015fi a dat tonul poeziei \u00een grai. Au recitat poezii elevele \u015etefania \u015fi Leti\u0163ia Jivoin, c\u00e2\u015ftig\u0103toare a unor importante concursuri regionale sau na\u0163ionale de recitare, precum \u015fi Adriana Mo\u015fesku, dar \u015fi \u00eenv\u0103\u0163\u0103torul lor. \u015ei preotul Petru Berbentia a citit \u00een grai b\u0103n\u0103\u0163ean, c\u00e2teva\u00a0 poezii din cartea prezentat\u0103 publicului.<\/p>\n<p style=\"text-align: justify;\">\u00a0\u00a0\u00a0 \u00a0\u00a0\u00a0\u00centre cei prezen\u0163i, marele compozitor \u015fi dirijor, profesorul Sabin Pautza, a exprimat bucuria de a fi auzit cuvinte \u015fi expresii b\u0103n\u0103\u0163ene ce noi, cei din Banatul de munte, le-am uitat sau nu le mai folosim, iar d-l Vali Homescu a recitat o poezie \u00een grai.<\/p>\n<p style=\"text-align: justify;\">\u00a0\u00a0\u00a0\u00a0\u00a0 Acest recital de poezie \u00een grai a fost \u015fi \u00een aten\u0163ia mass-mediei re\u015fi\u0163ene, adic\u0103 a celor dou\u0103 televiziuni locale \u015fi a postului de radio Re\u015fi\u0163a. La manifestare a fost \u015fi d-l Sergiu Taban, cel care realizeaz\u0103 emisiuni \u00een grai pentru postul de radio Helsinki din Graz-Austria, mai multe cadre didactice de la Colegiul Economic al Banatului Montan \u015fi mul\u0163i iubitori de poezie.<\/p>\n<p style=\"text-align: justify;\">\u00a0\u00a0\u00a0\u00a0\u00a0 \u00a0\u00centreaga sear\u0103 s-a dovedit a fi prieteneasc\u0103, sensibil\u0103 \u015fi ROM\u00c2NEASC\u0102!\u00a0 \u015ei sper\u0103m c\u0103 vom mai avea parte de asemenea bucurii. (<span style=\"font-size: 13px; line-height: 1.3;\">Pr. Petru Berbentia)<\/span><\/p>\n<p style=\"text-align: justify;\"><a href=\"http:\/\/semndecarte.metarsis.ro\/wp-content\/uploads\/2013\/11\/IMG_2037.jpg\" rel=\"lightbox[8203]\"><img loading=\"lazy\" class=\"alignleft size-thumbnail wp-image-8208\" title=\"IMG_2037\" src=\"http:\/\/semndecarte.metarsis.ro\/wp-content\/uploads\/2013\/11\/IMG_2037-95x95.jpg\" alt=\"\" width=\"95\" height=\"95\" \/><\/a><a href=\"http:\/\/semndecarte.metarsis.ro\/wp-content\/uploads\/2013\/11\/IMG_2020.jpg\" rel=\"lightbox[8203]\"><img loading=\"lazy\" class=\"alignleft size-thumbnail wp-image-8204\" title=\"IMG_2020\" src=\"http:\/\/semndecarte.metarsis.ro\/wp-content\/uploads\/2013\/11\/IMG_2020-95x95.jpg\" alt=\"\" width=\"95\" height=\"95\" \/><\/a><a href=\"http:\/\/semndecarte.metarsis.ro\/wp-content\/uploads\/2013\/11\/IMG_2088.jpg\" rel=\"lightbox[8203]\"><img loading=\"lazy\" class=\"alignleft size-thumbnail wp-image-8213\" title=\"IMG_2088\" src=\"http:\/\/semndecarte.metarsis.ro\/wp-content\/uploads\/2013\/11\/IMG_2088-95x95.jpg\" alt=\"\" width=\"95\" height=\"95\" \/><\/a><a href=\"http:\/\/semndecarte.metarsis.ro\/wp-content\/uploads\/2013\/11\/IMG_2030.jpg\" rel=\"lightbox[8203]\"><img loading=\"lazy\" class=\"alignleft size-thumbnail wp-image-8207\" title=\"IMG_2030\" src=\"http:\/\/semndecarte.metarsis.ro\/wp-content\/uploads\/2013\/11\/IMG_2030-95x95.jpg\" alt=\"\" width=\"95\" height=\"95\" \/><\/a><a href=\"http:\/\/semndecarte.metarsis.ro\/wp-content\/uploads\/2013\/11\/IMG_2077.jpg\" rel=\"lightbox[8203]\"><img loading=\"lazy\" class=\"alignleft size-thumbnail wp-image-8212\" title=\"IMG_2077\" src=\"http:\/\/semndecarte.metarsis.ro\/wp-content\/uploads\/2013\/11\/IMG_2077-95x95.jpg\" alt=\"\" width=\"95\" height=\"95\" \/><\/a><a href=\"http:\/\/semndecarte.metarsis.ro\/wp-content\/uploads\/2013\/11\/IMG_2021.jpg\" rel=\"lightbox[8203]\"><img loading=\"lazy\" class=\"alignleft size-thumbnail wp-image-8205\" title=\"IMG_2021\" src=\"http:\/\/semndecarte.metarsis.ro\/wp-content\/uploads\/2013\/11\/IMG_2021-95x95.jpg\" alt=\"\" width=\"95\" height=\"95\" \/><\/a><a href=\"http:\/\/semndecarte.metarsis.ro\/wp-content\/uploads\/2013\/11\/IMG_2075.jpg\" rel=\"lightbox[8203]\"><img loading=\"lazy\" class=\"alignleft size-thumbnail wp-image-8211\" title=\"IMG_2075\" src=\"http:\/\/semndecarte.metarsis.ro\/wp-content\/uploads\/2013\/11\/IMG_2075-95x95.jpg\" alt=\"\" width=\"95\" height=\"95\" \/><\/a><a href=\"http:\/\/semndecarte.metarsis.ro\/wp-content\/uploads\/2013\/11\/IMG_2059.jpg\" rel=\"lightbox[8203]\"><img loading=\"lazy\" class=\"alignleft size-thumbnail wp-image-8209\" title=\"IMG_2059\" src=\"http:\/\/semndecarte.metarsis.ro\/wp-content\/uploads\/2013\/11\/IMG_2059-95x95.jpg\" alt=\"\" width=\"95\" height=\"95\" \/><\/a><a href=\"http:\/\/semndecarte.metarsis.ro\/wp-content\/uploads\/2013\/11\/IMG_2074.jpg\" rel=\"lightbox[8203]\"><img loading=\"lazy\" class=\"alignleft size-thumbnail wp-image-8210\" title=\"IMG_2074\" src=\"http:\/\/semndecarte.metarsis.ro\/wp-content\/uploads\/2013\/11\/IMG_2074-95x95.jpg\" alt=\"\" width=\"95\" height=\"95\" \/><\/a><a href=\"http:\/\/semndecarte.metarsis.ro\/wp-content\/uploads\/2013\/11\/IMG_2024.jpg\" rel=\"lightbox[8203]\"><img loading=\"lazy\" class=\"alignleft size-thumbnail wp-image-8206\" title=\"IMG_2024\" src=\"http:\/\/semndecarte.metarsis.ro\/wp-content\/uploads\/2013\/11\/IMG_2024-95x95.jpg\" alt=\"\" width=\"95\" height=\"95\" \/><\/a><\/p>\n","protected":false},"excerpt":{"rendered":"<p>Adrian Paunescu &#8211; remember In fiecare an, in preajma datei de 5 noiembrie il comemoram pe marele Adrian Paunescu. Cu toate ca data ne trimite cu gandul la trecerea acestuia in nefiinta, eu consider ca este un moment de sarbatoare, de celebrare a poeziei sale. Am avut bucuria ca si-n acest an Libraria Semn de [&hellip;]<\/p>\n","protected":false},"author":1,"featured_media":0,"comment_status":"open","ping_status":"open","sticky":false,"template":"","format":"standard","meta":[],"categories":[7],"tags":[349],"_links":{"self":[{"href":"https:\/\/semndecarte.metarsis.ro\/index.php?rest_route=\/wp\/v2\/posts\/8203"}],"collection":[{"href":"https:\/\/semndecarte.metarsis.ro\/index.php?rest_route=\/wp\/v2\/posts"}],"about":[{"href":"https:\/\/semndecarte.metarsis.ro\/index.php?rest_route=\/wp\/v2\/types\/post"}],"author":[{"embeddable":true,"href":"https:\/\/semndecarte.metarsis.ro\/index.php?rest_route=\/wp\/v2\/users\/1"}],"replies":[{"embeddable":true,"href":"https:\/\/semndecarte.metarsis.ro\/index.php?rest_route=%2Fwp%2Fv2%2Fcomments&post=8203"}],"version-history":[{"count":0,"href":"https:\/\/semndecarte.metarsis.ro\/index.php?rest_route=\/wp\/v2\/posts\/8203\/revisions"}],"wp:attachment":[{"href":"https:\/\/semndecarte.metarsis.ro\/index.php?rest_route=%2Fwp%2Fv2%2Fmedia&parent=8203"}],"wp:term":[{"taxonomy":"category","embeddable":true,"href":"https:\/\/semndecarte.metarsis.ro\/index.php?rest_route=%2Fwp%2Fv2%2Fcategories&post=8203"},{"taxonomy":"post_tag","embeddable":true,"href":"https:\/\/semndecarte.metarsis.ro\/index.php?rest_route=%2Fwp%2Fv2%2Ftags&post=8203"}],"curies":[{"name":"wp","href":"https:\/\/api.w.org\/{rel}","templated":true}]}}