{"id":82,"date":"2010-05-28T22:41:30","date_gmt":"2010-05-28T22:41:30","guid":{"rendered":"http:\/\/librariasemndecarte.wordpress.com\/?p=82"},"modified":"2010-09-09T09:57:33","modified_gmt":"2010-09-09T09:57:33","slug":"semn-de-carte","status":"publish","type":"post","link":"https:\/\/semndecarte.metarsis.ro\/?p=82","title":{"rendered":"Semn de carte"},"content":{"rendered":"<p style=\"text-align: justify;\">\u201eCartea este ca un mesaj \u00eentr-o sticl\u0103: el poate fi g\u0103sit sau nu !\u201d,  scria \u00een 1980 Umberto Eco \u00een romanul s\u0103u \u201eNumele Trandafirului\u201d. Cu  acest \u00eendem literar, 30 de ani mai t\u00e2rziu, \u00een dup\u0103 amiaza zilei de 14  mai, a avut loc \u00een municipiul Re\u0219i\u021ba, inaugurarea libr\u0103riei private, \u201eSemn de carte\u201d. G\u0103zduit\u0103 \u015fic, \u00eentr-o cl\u0103dire aflat\u0103 la intersec\u0163ia  str\u0103zilor O\u0163elului \u015fi Libert\u0103\u0163ii din Re\u015fi\u0163a veche, incinta \u00eendeamn\u0103  iubitorii de carte s\u0103 pofteasc\u0103 \u00eentr-o ambian\u0163\u0103 prietenoas\u0103 \u015fi s\u0103  contempleze spiritul cuv\u00e2ntului tip\u0103rit \u00eentr-o atmosfer\u0103 relaxant\u0103  aromat\u0103 de ceai \u015fi cafea. Ac\u0163iunea din dup\u0103-amiaza de vineri, face parte  din proiectul \u201eMetarsis\u201d, care vizeaz\u0103 <!--more-->activit\u0103\u0163i \u015fi servicii de cultur\u0103 urban\u0103 \u015fi  art\u0103 contemporan\u0103.<br \/>\nLa inaugurarea l\u0103ca\u015fului de cultur\u0103 au fost prezen\u0163i litera\u0163i,  plasticieni, jurnali\u015fti, cititori, iubitori de art\u0103 \u015fi literatur\u0103 din  ora\u015ful de pe B\u00e2rzava. Lansarea propriu-zis\u0103 a libr\u0103riei \u00een sfera urban\u0103 a  cititorului a avut loc pe trotuarul str\u0103zii O\u0163elului unde grupa de  mimi, \u201eSociete Noire\u201d, a prezentat un impresionant spectacol de strad\u0103.  Partea a doua, a contactului direct cu cartea, s-a desfasurat \u00een  interiorul libr\u0103riei \u2013 biblioteci, \u00een mijlocul zecilor de iubitori de  crea\u0163ie \u015fi literatur\u0103. Fondul de carte expus este unul foarte vast.  \u00cencep\u00e2nd de la istorie \u015fi filosofie, p\u00e2n\u0103 la cartea tehnic\u0103, de la  cartea de colorat pentru pre\u015fcolari, pan\u0103 la romane de talie  interna\u0163ional\u0103, de la cartea de pove\u015fti p\u00e2n\u0103 la atlasurile lumii, de la  cartea clasic\u0103 de bucate a bunicii p\u00e2n\u0103 la tratate de medicin\u0103  naturist\u0103. Libr\u0103ria \u201cSemn de carte\u201d se vrea o oaz\u0103 de lini\u015fte \u015fi  reculegere \u00een cotidianul urban, mult prea tumultuous al ora\u015fului cu  poe\u0163i.<\/p>\n<p style=\"text-align: justify;\"><span style=\"font-weight: normal;\">Cititorul poate vizita aceast\u0103 \u201esal\u0103 de lectur\u0103  \u015fi cunoa\u015ftere\u201d, zilnic \u00eentre orele 9-19. Proiectul \u201eMetarsis\u201d aduce o  pat\u0103 de culoare \u00een cotidianul alb \u015fi negru al Re\u015fi\u0163ei de  alt\u0103dat\u0103. Partener Media al proiectului lansat vineri 15 mai, este  Studioul Regional Radio Re\u015fi\u0163a.<\/span><\/p>\n<p style=\"text-align: right;\"><span style=\"color: #ffffff;\">.<\/span><img loading=\"lazy\" class=\"alignright\" title=\"Gerhard Chwoika \" src=\"http:\/\/semndecarte.metarsis.ro\/wp-content\/uploads\/2010\/05\/HChwoika.jpg\" alt=\"\" width=\"62\" height=\"93\" \/><\/p>\n<p style=\"text-align: right;\"><strong>Articol scris de                 Gerhard Chwoika <\/strong><\/p>\n<address style=\"text-align: right;\">Articol publicat online pe www.radio-resita.ro \u00een 18.05.2010<\/address>\n<address style=\"text-align: right;\"> <a href=\"http:\/\/www.radio-resita.ro\/semn-de-carte-resitean\" target=\"_blank\">http:\/\/www.radioresita.ro<\/a><\/address>\n","protected":false},"excerpt":{"rendered":"<p>\u201cCartea este ca un mesaj \u00eentr-o sticl\u0103: el poate fi g\u0103sit sau nu !\u201d, scria \u00een 1980 Umberto Eco&#8230;30 de ani mai t\u00e2rziu&#8230;<\/p>\n","protected":false},"author":1,"featured_media":0,"comment_status":"open","ping_status":"open","sticky":false,"template":"","format":"standard","meta":[],"categories":[4],"tags":[227,162,63],"_links":{"self":[{"href":"https:\/\/semndecarte.metarsis.ro\/index.php?rest_route=\/wp\/v2\/posts\/82"}],"collection":[{"href":"https:\/\/semndecarte.metarsis.ro\/index.php?rest_route=\/wp\/v2\/posts"}],"about":[{"href":"https:\/\/semndecarte.metarsis.ro\/index.php?rest_route=\/wp\/v2\/types\/post"}],"author":[{"embeddable":true,"href":"https:\/\/semndecarte.metarsis.ro\/index.php?rest_route=\/wp\/v2\/users\/1"}],"replies":[{"embeddable":true,"href":"https:\/\/semndecarte.metarsis.ro\/index.php?rest_route=%2Fwp%2Fv2%2Fcomments&post=82"}],"version-history":[{"count":0,"href":"https:\/\/semndecarte.metarsis.ro\/index.php?rest_route=\/wp\/v2\/posts\/82\/revisions"}],"wp:attachment":[{"href":"https:\/\/semndecarte.metarsis.ro\/index.php?rest_route=%2Fwp%2Fv2%2Fmedia&parent=82"}],"wp:term":[{"taxonomy":"category","embeddable":true,"href":"https:\/\/semndecarte.metarsis.ro\/index.php?rest_route=%2Fwp%2Fv2%2Fcategories&post=82"},{"taxonomy":"post_tag","embeddable":true,"href":"https:\/\/semndecarte.metarsis.ro\/index.php?rest_route=%2Fwp%2Fv2%2Ftags&post=82"}],"curies":[{"name":"wp","href":"https:\/\/api.w.org\/{rel}","templated":true}]}}