{"id":8198,"date":"2013-11-08T16:27:11","date_gmt":"2013-11-08T14:27:11","guid":{"rendered":"http:\/\/semndecarte.metarsis.ro\/?p=8198"},"modified":"2013-11-08T16:27:11","modified_gmt":"2013-11-08T14:27:11","slug":"seara-de-poezie","status":"publish","type":"post","link":"https:\/\/semndecarte.metarsis.ro\/?p=8198","title":{"rendered":"Seara de poezie"},"content":{"rendered":"<p><strong>Rom\u00e2nii din \u00a0Sutjeska-Se\u010danj\u00a0(Serbia ) &#8211;\u00a0<\/strong><strong style=\"font-size: 13px; line-height: 1.3;\">Manifest pentru mileniul trei<\/strong><\/p>\n<p style=\"text-align: justify;\"><a href=\"http:\/\/semndecarte.metarsis.ro\/wp-content\/uploads\/2013\/11\/poezie1.jpg\" rel=\"lightbox[8198]\"><img loading=\"lazy\" class=\"alignleft size-full wp-image-8199\" title=\"poezie1\" src=\"http:\/\/semndecarte.metarsis.ro\/wp-content\/uploads\/2013\/11\/poezie1.jpg\" alt=\"\" width=\"520\" height=\"200\" srcset=\"https:\/\/semndecarte.metarsis.ro\/wp-content\/uploads\/2013\/11\/poezie1.jpg 520w, https:\/\/semndecarte.metarsis.ro\/wp-content\/uploads\/2013\/11\/poezie1-160x61.jpg 160w, https:\/\/semndecarte.metarsis.ro\/wp-content\/uploads\/2013\/11\/poezie1-163x62.jpg 163w\" sizes=\"(max-width: 520px) 100vw, 520px\" \/><\/a>S\u00e2mb\u0103t\u0103, 9 noiembrie 2013, libr\u0103ria Semn de Carte din Re\u0219ita, str. Libert\u0103\u021bii 13, g\u0103zduie\u0219te un dublu eveniment.<\/p>\n<p style=\"text-align: justify;\">\u00cencep\u00e2nd cu orele 16:00 va fi omagiat poetul Adrian P\u0103unescu, la trei ani de la deces. Un moment muzical va fi asigurat de Costel Popa, membru al grupului folk \u201cDoi \u0219i jum\u0103tate\u201d \u0219i chitara sa.<\/p>\n<p style=\"text-align: justify;\">Cu \u00eencepere de la orele 17:00 v\u0103 invit\u0103m la o dup\u0103-amiaz\u0103 de poezie \u00een grai b\u0103n\u0103\u021bean. Creatorii \u0219i \u00a0recitatorii sunt \u00a0oaspe\u021bi din Voivodina (Serbia), \u00a0mai exact din\u00a0localitatea \u00a0Sutjeska- apar\u021bin\u0103toare comunei Se\u010danj\u00a0(S\u0103rcia)- Serbia, tineri p\u0103str\u0103tori ai tradi\u021biei \u0219i graiului str\u0103bun, \u00eenso\u021bi\u021bi de Valeri Mosesku.<br \/>\n<!--more--><\/p>\n<p style=\"text-align: justify;\">Invita\u021bi speciali: Preaonoratul Protopop al Re\u0219i\u021bei &#8211; preot iconom stavrofor\u00a0Petru Berbentia, p<span style=\"font-size: 13px; line-height: 1.3;\">re\u0219edintele Uniunii Ziari\u0219tilor Profesioni\u0219ti din Rom\u00e2nia<\/span> <span style=\"font-size: 13px; line-height: 1.3;\">&#8211;<\/span> Doru-Dinu Gl\u0103van, r<span style=\"font-size: 13px; line-height: 1.3;\">ealizatorul de emisiuni \u00een grai la Radio Helsinki-Gratz, Austria<\/span> <span style=\"font-size: 13px; line-height: 1.3;\">&#8211;<\/span>Sergiu Taban.<span style=\"font-size: 13px; line-height: 1.3;\">\u00a0<\/span><\/p>\n<p style=\"text-align: justify;\">V\u0103 invit\u0103m la o dup\u0103 amiaz\u0103 de poezie, \u00eentre prieteni, cu rom\u00e2ni din banatul S\u00e2rbesc.<\/p>\n<p style=\"text-align: justify;\">Eveniment organizat de\u00a0Casa de Cultur\u0103 Studen\u021beasc\u0103 Re\u015fi\u0163a \u00een partenetiat cu\u00a0Universitatea \u201cEftimie Murgu\u201d Re\u015fi\u0163a, Prim\u0103ria Municipiului Re\u015fi\u0163a, Biblioteca Jude\u0163ean\u0103 \u201cPaul Iorgovici\u201d, Teatrul de Vest , Societatea pentru Cultur\u0103 \u201cMetarsis\u201d,\u00a0si Libr\u0103ria \u201dSemn de carte\u201d.<\/p>\n","protected":false},"excerpt":{"rendered":"<p>S\u00e2mb\u0103t\u0103, 9 noiembrie 2013, libr\u0103ria Semn de Carte din Re\u0219ita, str. Libert\u0103\u021bii 13, g\u0103zduie\u0219te un dublu eveniment.<br \/>\n\u00cencep\u00e2nd cu orele 16:00 va fi omagiat poetul Adrian P\u0103unescu, la trei ani de la deces. Un moment muzical va fi asigurat de Costel Popa, membru al grupului folk \u201cDoi \u0219i jum\u0103tate\u201d \u0219i chitara sa.<br \/>\nCu \u00eencepere de la orele 17:00 v\u0103 invit\u0103m la o dup\u0103-amiaz\u0103 de poezie \u00een grai b\u0103n\u0103\u021bean. Creatorii \u0219i  recitatorii sunt  oaspe\u021bi din Voivodina (Serbia),  mai exact din localitatea  Sutjeska- apar\u021bin\u0103toare comunei Se\u010danj (S\u0103rcia)- Serbia, tineri p\u0103str\u0103tori ai tradi\u021biei \u0219i graiului str\u0103bun, \u00eenso\u021bi\u021bi de Valeri Mosesku<\/p>\n","protected":false},"author":1,"featured_media":0,"comment_status":"open","ping_status":"open","sticky":false,"template":"","format":"standard","meta":[],"categories":[3],"tags":[349],"_links":{"self":[{"href":"https:\/\/semndecarte.metarsis.ro\/index.php?rest_route=\/wp\/v2\/posts\/8198"}],"collection":[{"href":"https:\/\/semndecarte.metarsis.ro\/index.php?rest_route=\/wp\/v2\/posts"}],"about":[{"href":"https:\/\/semndecarte.metarsis.ro\/index.php?rest_route=\/wp\/v2\/types\/post"}],"author":[{"embeddable":true,"href":"https:\/\/semndecarte.metarsis.ro\/index.php?rest_route=\/wp\/v2\/users\/1"}],"replies":[{"embeddable":true,"href":"https:\/\/semndecarte.metarsis.ro\/index.php?rest_route=%2Fwp%2Fv2%2Fcomments&post=8198"}],"version-history":[{"count":0,"href":"https:\/\/semndecarte.metarsis.ro\/index.php?rest_route=\/wp\/v2\/posts\/8198\/revisions"}],"wp:attachment":[{"href":"https:\/\/semndecarte.metarsis.ro\/index.php?rest_route=%2Fwp%2Fv2%2Fmedia&parent=8198"}],"wp:term":[{"taxonomy":"category","embeddable":true,"href":"https:\/\/semndecarte.metarsis.ro\/index.php?rest_route=%2Fwp%2Fv2%2Fcategories&post=8198"},{"taxonomy":"post_tag","embeddable":true,"href":"https:\/\/semndecarte.metarsis.ro\/index.php?rest_route=%2Fwp%2Fv2%2Ftags&post=8198"}],"curies":[{"name":"wp","href":"https:\/\/api.w.org\/{rel}","templated":true}]}}