{"id":8181,"date":"2013-10-24T13:19:51","date_gmt":"2013-10-24T11:19:51","guid":{"rendered":"http:\/\/semndecarte.metarsis.ro\/?p=8181"},"modified":"2013-10-24T13:22:13","modified_gmt":"2013-10-24T11:22:13","slug":"concert-simfonic","status":"publish","type":"post","link":"https:\/\/semndecarte.metarsis.ro\/?p=8181","title":{"rendered":"CONCERT SIMFONIC"},"content":{"rendered":"<p style=\"text-align: justify;\"><strong><a href=\"http:\/\/semndecarte.metarsis.ro\/wp-content\/uploads\/2013\/10\/LJO.jpg\" rel=\"lightbox[8181]\"><img loading=\"lazy\" class=\"alignleft size-full wp-image-8182\" title=\"LJO\" src=\"http:\/\/semndecarte.metarsis.ro\/wp-content\/uploads\/2013\/10\/LJO.jpg\" alt=\"\" width=\"520\" height=\"200\" srcset=\"https:\/\/semndecarte.metarsis.ro\/wp-content\/uploads\/2013\/10\/LJO.jpg 520w, https:\/\/semndecarte.metarsis.ro\/wp-content\/uploads\/2013\/10\/LJO-160x61.jpg 160w, https:\/\/semndecarte.metarsis.ro\/wp-content\/uploads\/2013\/10\/LJO-163x62.jpg 163w\" sizes=\"(max-width: 520px) 100vw, 520px\" \/><\/a>CONCERT SIMFONIC EXTRAORDINAR<\/strong><\/p>\n<p style=\"text-align: justify;\"><span style=\"font-size: 13px; line-height: 1.3;\">Societatea pentru Cultur\u0103 METARSIS-\u00a0activit\u0103\u021bi \u0219i servicii de cultur\u0103\u00a0urban\u0103\u00a0\u0219i art\u0103 contemporan\u0103,\u00a0PASSAGE Travel Concepts \u0219i CONSILIUL JUDE\u021aEAN CARA\u0218-SEVERIN \u00een parteneriat cu Liceul de Arte SABIN P\u0102U\u021aA din Re\u0219i\u021ba, cu sprijinul Colegiului Economic al BANATULUI MONTAN, Flor\u0103ria D\u2019Aida Royal Flowers \u0219i libr\u0103ria SEMN DE CARTE organizeaz\u0103\u00a0<\/span><span style=\"font-size: 13px; line-height: 1.3;\">miercuri, 30 octombrie 2013, de la orele 18:00,\u00a0<\/span><span style=\"font-size: 13px; line-height: 1.3;\">\u00a0\u00een sala LIRA a Liceului de Arte \u201cSabin P\u0103u\u021ba\u201d din Re\u0219i\u021ba un\u00a0<\/span><span style=\"font-size: 13px; line-height: 1.3;\">CONCERT SIMFONIC EXTRAORDINAR\u00a0<\/span><span style=\"font-size: 13px; line-height: 1.3;\">sus\u021binut de Orchestra Simfonic\u0103 de Tineret a Landului Saar- Germania- LANDES JUGEND-SYMPHONIE ORCHESTRER SAAR, DEUTSCHLAND<!--more--><\/span><\/p>\n<div style=\"text-align: justify;\">Vor urca pe scena s\u0103lii LIRA 80 (optzeci) de tineri muzicieni.<\/div>\n<p><img loading=\"lazy\" class=\"alignleft size-large wp-image-8187\" title=\"afis\" src=\"http:\/\/semndecarte.metarsis.ro\/wp-content\/uploads\/2013\/10\/afis-116x163.jpg\" alt=\"\" width=\"116\" height=\"163\" srcset=\"https:\/\/semndecarte.metarsis.ro\/wp-content\/uploads\/2013\/10\/afis-116x163.jpg 116w, https:\/\/semndecarte.metarsis.ro\/wp-content\/uploads\/2013\/10\/afis-114x160.jpg 114w, https:\/\/semndecarte.metarsis.ro\/wp-content\/uploads\/2013\/10\/afis.jpg 429w\" sizes=\"(max-width: 116px) 100vw, 116px\" \/><img loading=\"lazy\" class=\"alignleft size-large wp-image-8183\" style=\"font-size: 13px;\" title=\"Dirijor: Alexander Mayer\" src=\"http:\/\/semndecarte.metarsis.ro\/wp-content\/uploads\/2013\/10\/Dirijor-108x163.jpg\" alt=\"\" width=\"108\" height=\"163\" srcset=\"https:\/\/semndecarte.metarsis.ro\/wp-content\/uploads\/2013\/10\/Dirijor-108x163.jpg 108w, https:\/\/semndecarte.metarsis.ro\/wp-content\/uploads\/2013\/10\/Dirijor-106x160.jpg 106w, https:\/\/semndecarte.metarsis.ro\/wp-content\/uploads\/2013\/10\/Dirijor.jpg 401w\" sizes=\"(max-width: 108px) 100vw, 108px\" \/><img loading=\"lazy\" class=\"alignleft size-large wp-image-8184\" title=\"Julia Pfister - solist\u0103: \" src=\"http:\/\/semndecarte.metarsis.ro\/wp-content\/uploads\/2013\/10\/Solista-108x163.jpg\" alt=\"\" width=\"108\" height=\"163\" srcset=\"https:\/\/semndecarte.metarsis.ro\/wp-content\/uploads\/2013\/10\/Solista-108x163.jpg 108w, https:\/\/semndecarte.metarsis.ro\/wp-content\/uploads\/2013\/10\/Solista-106x160.jpg 106w, https:\/\/semndecarte.metarsis.ro\/wp-content\/uploads\/2013\/10\/Solista.jpg 400w\" sizes=\"(max-width: 108px) 100vw, 108px\" \/><img loading=\"lazy\" class=\"alignleft size-large wp-image-8185\" title=\"Erina Yashima - asistent muzical\" src=\"http:\/\/semndecarte.metarsis.ro\/wp-content\/uploads\/2013\/10\/Asistent-muzical-109x163.jpg\" alt=\"\" width=\"109\" height=\"163\" srcset=\"https:\/\/semndecarte.metarsis.ro\/wp-content\/uploads\/2013\/10\/Asistent-muzical-109x163.jpg 109w, https:\/\/semndecarte.metarsis.ro\/wp-content\/uploads\/2013\/10\/Asistent-muzical-107x160.jpg 107w, https:\/\/semndecarte.metarsis.ro\/wp-content\/uploads\/2013\/10\/Asistent-muzical.jpg 401w\" sizes=\"(max-width: 109px) 100vw, 109px\" \/><\/p>\n<div style=\"text-align: justify;\"><span style=\"font-size: 13px; line-height: 1.3;\">Alexander Mayer &#8211; dirijor,\u00a0<\/span><span style=\"font-size: 13px; line-height: 1.3;\">Julia Pfister &#8211;\u00a0solist\u0103,\u00a0<\/span><span style=\"font-size: 13px; line-height: 1.3;\">Erina Yashima &#8211; asistent muzical<\/span><\/div>\n<div style=\"text-align: justify;\"><span style=\"font-size: 13px; line-height: 1.3;\">Din program:<\/span><\/div>\n<div style=\"text-align: justify;\"><span style=\"font-size: 13px; line-height: 1.3;\">Piotr Ilici Ceaikowsky &#8211;\u00a0Romeo \u0219i Julieta, fantezie orchestral\u0103<\/span><\/div>\n<div style=\"text-align: justify;\">B\u00e9la Bart\u00f3k &#8211;\u00a0Rhapsodia Nr. 1 pentru vioar\u0103 \u0219i orchestr\u0103<br \/>\nCamille Saint-Sa\u00ebns &#8211;\u00a0Havaneza pentru vioar\u0103 \u0219i orchestr\u0103, op. 83<br \/>\nJohannes Brahms &#8211;\u00a0Sinfonia Nr. 2 \u00een Re Major, op. 73<\/div>\n<div style=\"text-align: justify;\">Mai multe detalii despre orchestra:\u00a0<a href=\"http:\/\/www.ljo-saar.de\/\" target=\"_blank\">www.ljo-saar.de<\/a><\/div>\n<div style=\"text-align: justify;\">Intrarea se va face doar pe baz\u0103 de invita\u021bii care se pot ridica de la libr\u0103ria SEMN DE CARTE din Re\u0219i\u021ba, str. Libert\u0103\u021bii 13 zilnic \u00eentre orele 10:00-19:00.<br \/>\nPentru mai multe informatii puteti contacta Societatea pentru Cultura METARSIS prin:\u00a0Camelia Duca 0734 749383,\u00a0Lucian Duca 0727 577287.<\/div>\n","protected":false},"excerpt":{"rendered":"<p>CONCERT SIMFONIC EXTRAORDINAR<br \/>\nSocietatea pentru Cultur\u0103 METARSIS- activit\u0103\u021bi \u0219i servicii de cultur\u0103 urban\u0103 \u0219i art\u0103 contemporan\u0103, PASSAGE Travel Concepts \u0219i CONSILIUL JUDE\u021aEAN CARA\u0218-SEVERIN \u00een parteneriat cu Liceul de Arte SABIN P\u0102U\u021aA din Re\u0219i\u021ba, cu sprijinul Colegiului Economic al BANATULUI MONTAN, Flor\u0103ria D\u2019Aida Royal Flowers \u0219i libr\u0103ria SEMN DE CARTE organizeaz\u0103 miercuri, 30 octombrie 2013, de la orele 18:00,  \u00een sala LIRA a Liceului de Arte \u201cSabin P\u0103u\u021ba\u201d din Re\u0219i\u021ba un CONCERT SIMFONIC EXTRAORDINAR sus\u021binut de Orchestra Simfonic\u0103 de Tineret a Landului Saar- Germania- LANDES JUGEND-SYMPHONIE ORCHESTRER SAAR, DEUTSCHLAND<\/p>\n","protected":false},"author":1,"featured_media":0,"comment_status":"open","ping_status":"open","sticky":false,"template":"","format":"standard","meta":[],"categories":[1],"tags":[],"_links":{"self":[{"href":"https:\/\/semndecarte.metarsis.ro\/index.php?rest_route=\/wp\/v2\/posts\/8181"}],"collection":[{"href":"https:\/\/semndecarte.metarsis.ro\/index.php?rest_route=\/wp\/v2\/posts"}],"about":[{"href":"https:\/\/semndecarte.metarsis.ro\/index.php?rest_route=\/wp\/v2\/types\/post"}],"author":[{"embeddable":true,"href":"https:\/\/semndecarte.metarsis.ro\/index.php?rest_route=\/wp\/v2\/users\/1"}],"replies":[{"embeddable":true,"href":"https:\/\/semndecarte.metarsis.ro\/index.php?rest_route=%2Fwp%2Fv2%2Fcomments&post=8181"}],"version-history":[{"count":0,"href":"https:\/\/semndecarte.metarsis.ro\/index.php?rest_route=\/wp\/v2\/posts\/8181\/revisions"}],"wp:attachment":[{"href":"https:\/\/semndecarte.metarsis.ro\/index.php?rest_route=%2Fwp%2Fv2%2Fmedia&parent=8181"}],"wp:term":[{"taxonomy":"category","embeddable":true,"href":"https:\/\/semndecarte.metarsis.ro\/index.php?rest_route=%2Fwp%2Fv2%2Fcategories&post=8181"},{"taxonomy":"post_tag","embeddable":true,"href":"https:\/\/semndecarte.metarsis.ro\/index.php?rest_route=%2Fwp%2Fv2%2Ftags&post=8181"}],"curies":[{"name":"wp","href":"https:\/\/api.w.org\/{rel}","templated":true}]}}