{"id":8170,"date":"2013-10-23T21:10:18","date_gmt":"2013-10-23T19:10:18","guid":{"rendered":"http:\/\/semndecarte.metarsis.ro\/?p=8170"},"modified":"2013-10-23T22:09:05","modified_gmt":"2013-10-23T20:09:05","slug":"emotie-de-toamna-cu-sabin-dorohoi","status":"publish","type":"post","link":"https:\/\/semndecarte.metarsis.ro\/?p=8170","title":{"rendered":"Emo\u0163ie de toamn\u0103 cu Sabin Dorohoi"},"content":{"rendered":"<p><strong><a href=\"http:\/\/semndecarte.metarsis.ro\/wp-content\/uploads\/2013\/10\/wts.jpg\" rel=\"lightbox[8170]\"><img loading=\"lazy\" class=\"alignleft size-full wp-image-8171\" title=\"wts\" src=\"http:\/\/semndecarte.metarsis.ro\/wp-content\/uploads\/2013\/10\/wts.jpg\" alt=\"\" width=\"520\" height=\"200\" srcset=\"https:\/\/semndecarte.metarsis.ro\/wp-content\/uploads\/2013\/10\/wts.jpg 520w, https:\/\/semndecarte.metarsis.ro\/wp-content\/uploads\/2013\/10\/wts-160x61.jpg 160w, https:\/\/semndecarte.metarsis.ro\/wp-content\/uploads\/2013\/10\/wts-163x62.jpg 163w\" sizes=\"(max-width: 520px) 100vw, 520px\" \/><\/a>Fata din Transilvania, Clopotul \u015fi WTS<\/strong><span style=\"font-size: 13px; line-height: 1.3;\">\u00a0<\/span><\/p>\n<p style=\"text-align: justify;\">\u201eA venit toamna, acoper\u0103-mi inima cu ceva,\/ cu umbra unui copac sau mai bine cu umbra ta&#8230;\u201d (Nichita St\u0103nescu). E toamn\u0103 (iar). Anotimpul \u00een care natura moare \u00eencet, nu \u00eenainte de a ne r\u0103sf\u0103\u0163a, ca ultim c\u00e2ntec de leb\u0103d\u0103, cu un regal de culori.\u00a0<!--more-->Plou\u0103, e trist afar\u0103 \u015fi \u00een sufletul meu. Nu \u015ftiu de ce \u00eemi vin \u00een minte, obsesiv, versurile lui Nichita.\u00a0M\u0103 uit \u00een jur. Caut o umbr\u0103 \u00een care s\u0103 m\u0103 ascund. Noi, oamenii, cre\u015ftem, unul \u00een umbra celuilalt. Copii fiind, cre\u015ftem \u00een umbra\u00a0p\u0103rin\u0163ilor \u015fi a bunicilor. Apoi, adolscen\u0163i fiind, ne descoperim propria umbr\u0103. Con\u015ftientiz\u0103m\u00a0umbra celorlal\u0163i \u015fi \u00eenv\u0103\u0163\u0103m s\u0103 cre\u015ftem \u00een umbra celor din jur. Tineri fiind ne alegem umbra pereche \u015fi sper\u0103m, cum spune rom\u00e2nul, \u201cs\u0103 nu facem umbr\u0103 degeaba P\u0103m\u00e2ntului\u201d. Maturi fiind c\u0103ut\u0103m umbre s\u0103 ne ad\u0103posteasc\u0103 bucuriile. Sau triste\u0163ile. \u015ei emo\u0163iile. Dac\u0103 avem noroc, \u00eent\u00e2lnim oameni mari, adev\u0103ra\u0163i, oameni vii,\u00a0ale c\u0103ror umbre au crescut exponen\u0163ial cu num\u0103rul celor pe care i-au emo\u0163ionat \u015fi pe care i-au ad\u0103postit cu bucurie.<\/p>\n<p style=\"text-align: justify;\"><a href=\"http:\/\/semndecarte.metarsis.ro\/wp-content\/uploads\/2013\/10\/881905_568700539846137_235790458_o.jpg\" rel=\"lightbox[8170]\"><img loading=\"lazy\" class=\"alignleft size-large wp-image-8173\" title=\"Sabin Dorohoi - regizor si producator\" src=\"http:\/\/semndecarte.metarsis.ro\/wp-content\/uploads\/2013\/10\/881905_568700539846137_235790458_o-108x163.jpg\" alt=\"\" width=\"108\" height=\"163\" srcset=\"https:\/\/semndecarte.metarsis.ro\/wp-content\/uploads\/2013\/10\/881905_568700539846137_235790458_o-108x163.jpg 108w, https:\/\/semndecarte.metarsis.ro\/wp-content\/uploads\/2013\/10\/881905_568700539846137_235790458_o-106x160.jpg 106w, https:\/\/semndecarte.metarsis.ro\/wp-content\/uploads\/2013\/10\/881905_568700539846137_235790458_o.jpg 400w\" sizes=\"(max-width: 108px) 100vw, 108px\" \/><\/a>La Semn de Carte, joi, a fost seara emo\u0163iilor \u00eemp\u0103rt\u0103\u015fite \u015fi a triste\u0163ilor spulberate. \u00cen prezen\u0163a compozitorului, muzicianului \u015fi dirijorului Sabin P\u0103u\u0163a, sosit cu o zi \u00een urm\u0103 din America, un alt Sabin, al lui Dorohoi, mult mai t\u00e2n\u0103r, \u00eenzestrat cu har \u015fi talent \u00een cinematografie, a prezentat dou\u0103 dintre filmele de scurt metraj realizate: <strong>Clopotul\u00a0<\/strong>(film studen\u0163esc, de licen\u0163\u0103, din 2009, prima produc\u0163ie care ne-a deschis por\u0163ile circuitului competi\u0163iilor de film din \u00eentreaga lume, filmat la Boc\u015fa, Re\u015fi\u0163a, Timi\u015foara, Bucure\u015fti, av\u00e2ndu-i ca protagoni\u015fti, printre al\u0163ii, pe Constantin Dinulescu \u015fi Ion Haiduc) \u015fi\u00a0<strong>Fata din Transilvania\u00a0<\/strong>(produc\u0163ie 2010, primul proiect care ne-a introdus \u00een circuitul festivalier profesionist din toat\u0103 lumea, fiind proiectat pe Sunset Boulevard, la Hollywood, av\u00e2nd-o \u00een rol principal pe Maia Morgenstern). \u00cenconjurat de prieteni apropia\u0163i de v\u00e2rsta sa,\u00a0\u00a0\u00eembr\u0103\u0163i\u015fat de familie, cu un mesaj emo\u0163ionant din partea sorei- Ancu\u0163a Dorohoi- care, din motive obiective a lipsit fizic,\u00een prezen\u0163a unui public numeros care a umplut p\u0103n\u0103 la refuz libr\u0103ria Semn de Carte, prezentat de Doru Dinu Gl\u0103van, pre\u015fedintele Uniunii Ziari\u015ftilor Profesioni\u015fti din Rom\u00e2nia- acest \u201cdestoinic voievod al microfonului rom\u00e2nesc\u201d dup\u0103 cum \u00eel caracteriza preotul scriitor Ioan P\u0103tra\u015f-Arbore,\u00a0Sabin Dorohoi a lansat oficial WTS- Western Transylvania Studios-\u00a0<a href=\"http:\/\/www.westerntransylvaniastudios.com\/\" target=\"_blank\">http:\/\/www.westerntransylvaniastudios.com\/<\/a>\u00a0, noile studiouri de film \u015fi singurele din aceast\u0103 parte a \u0163\u0103rii. \u201cConstruc\u0163ia \u015fi amenajarea fizic\u0103 va mai dura, probabil, ceva vreme, dar afacerea a demarat deja cu proiecte mai mici. \u015ei ne m\u00e2ndrim c\u0103 unul dintre acestea este un film documentar pentru \u201cIconoclastic Feature\u201d- partenerii no\u015ftri din Los Angeles-Hollywood. Proiectul a fost deja filmat la \u00eenceputul acestei luni \u015fi a ie\u015fit foarte bine, prietenii no\u015ftri de la Hollywood fiind foarte mul\u0163umi\u0163i de proverbiala amabilitate rom\u00e2neasc\u0103. A\u015fadar sunt deja \u00een discu\u0163ie viitoare proiecte din America pe care s\u0103 le execut\u0103m aici\u201d a declarat t\u00e2n\u0103rul regizor\u00a0remarcat la numeroase festivaluri interna\u0163ionale de film, Sabin Dorohoi.\u00a0<em><a href=\"http:\/\/www.sabinmovies.com\/\" target=\"_blank\">http:\/\/www.sabinmovies.com\/<\/a><\/em><\/p>\n<p style=\"text-align: justify;\">Evenimentul a fost deschis de Denisa \u0162anigoi, doina din Banat interpretat\u0103 de micu\u0163a \u00eembr\u0103cat\u0103 \u00een costum popular autentic st\u00e2rnind emo\u0163ie. Un l\u0103star care cre\u015fte frumos, o voce \u015fi un nume de care, cu siguran\u0163\u0103 vom mai auzi. \u015ei care va aduce, prin muzica popular\u0103 autentic\u0103, fala Banatului Montan. Asemeni lui Sabin Dorohoi \u00een cinematografie. Asemeni lui Sabin P\u0103u\u0163a \u00een muzic\u0103.<\/p>\n<p style=\"text-align: justify;\">La umbra acestor oameni frumo\u015fi, talenta\u0163i, vii, \u00eentr-o sear\u0103 ploioas\u0103 am sim\u0163it, \u00eentr-o emo\u0163ie de toamn\u0103, \u201cc\u0103 or s\u0103-mi creasc\u0103 aripi ascu\u0163ite p\u00e2n\u0103 la nori\u201d.<\/p>\n<p style=\"text-align: justify;\"><iframe src=\"http:\/\/www.youtube.com\/embed\/Xx9vzlGJS0Y\" frameborder=\"0\" align=\"left\" width=\"520\" height=\"428\"><\/iframe><\/p>\n<p style=\"text-align: justify;\"><a href=\"http:\/\/semndecarte.metarsis.ro\/wp-content\/uploads\/2013\/10\/1375889_214401858734599_1353120858_n.jpg\" rel=\"lightbox[8170]\"><img loading=\"lazy\" class=\"alignleft size-large wp-image-8179\" title=\"Interviuri cu Sabin Dorohoi\" src=\"http:\/\/semndecarte.metarsis.ro\/wp-content\/uploads\/2013\/10\/1375889_214401858734599_1353120858_n-163x108.jpg\" alt=\"\" width=\"163\" height=\"108\" srcset=\"https:\/\/semndecarte.metarsis.ro\/wp-content\/uploads\/2013\/10\/1375889_214401858734599_1353120858_n-163x108.jpg 163w, https:\/\/semndecarte.metarsis.ro\/wp-content\/uploads\/2013\/10\/1375889_214401858734599_1353120858_n-160x106.jpg 160w, https:\/\/semndecarte.metarsis.ro\/wp-content\/uploads\/2013\/10\/1375889_214401858734599_1353120858_n.jpg 599w\" sizes=\"(max-width: 163px) 100vw, 163px\" \/><\/a><a style=\"font-size: 13px;\" href=\"http:\/\/semndecarte.metarsis.ro\/wp-content\/uploads\/2013\/10\/1403560_568701473179377_1145693752_o.jpg\" rel=\"lightbox[8170]\"><img loading=\"lazy\" class=\"alignleft size-large wp-image-8172\" style=\"font-size: 13px;\" title=\"O prezentare reusita\" src=\"http:\/\/semndecarte.metarsis.ro\/wp-content\/uploads\/2013\/10\/1403560_568701473179377_1145693752_o-163x108.jpg\" alt=\"\" width=\"163\" height=\"108\" srcset=\"https:\/\/semndecarte.metarsis.ro\/wp-content\/uploads\/2013\/10\/1403560_568701473179377_1145693752_o-163x108.jpg 163w, https:\/\/semndecarte.metarsis.ro\/wp-content\/uploads\/2013\/10\/1403560_568701473179377_1145693752_o-160x106.jpg 160w, https:\/\/semndecarte.metarsis.ro\/wp-content\/uploads\/2013\/10\/1403560_568701473179377_1145693752_o.jpg 600w\" sizes=\"(max-width: 163px) 100vw, 163px\" \/><\/a><a href=\"http:\/\/semndecarte.metarsis.ro\/wp-content\/uploads\/2013\/10\/919458_568704833.jpg\" rel=\"lightbox[8170]\"><img loading=\"lazy\" class=\"alignleft size-large wp-image-8180\" title=\"Premiere resitene\" src=\"http:\/\/semndecarte.metarsis.ro\/wp-content\/uploads\/2013\/10\/919458_568704833-163x108.jpg\" alt=\"\" width=\"163\" height=\"108\" srcset=\"https:\/\/semndecarte.metarsis.ro\/wp-content\/uploads\/2013\/10\/919458_568704833-163x108.jpg 163w, https:\/\/semndecarte.metarsis.ro\/wp-content\/uploads\/2013\/10\/919458_568704833-160x106.jpg 160w, https:\/\/semndecarte.metarsis.ro\/wp-content\/uploads\/2013\/10\/919458_568704833.jpg 600w\" sizes=\"(max-width: 163px) 100vw, 163px\" \/><\/a><\/p>\n<p style=\"text-align: justify;\"><iframe src=\"http:\/\/www.youtube.com\/embed\/iv5F2t-WRX8\" frameborder=\"0\" align=\"left\" width=\"259\" height=\"213\"><\/iframe><iframe src=\"http:\/\/www.youtube.com\/embed\/UoC5UlkTJyk\" frameborder=\"0\" width=\"259\" height=\"213\"><\/iframe><\/p>\n","protected":false},"excerpt":{"rendered":"<p>La Semn de Carte, joi, a fost seara emo\u0163iilor \u00eemp\u0103rt\u0103\u015fite \u015fi a triste\u0163ilor spulberate. \u00cen prezen\u0163a compozitorului, muzicianului \u015fi dirijorului Sabin P\u0103u\u0163a, sosit cu o zi \u00een urm\u0103 din America, un alt Sabin, al lui Dorohoi, mult mai t\u00e2n\u0103r, \u00eenzestrat cu har \u015fi talent \u00een cinematografie, a prezentat dou\u0103 dintre filmele de scurt metraj realizate: Clopotul (film studen\u0163esc, de licen\u0163\u0103, din 2009, prima produc\u0163ie care ne-a deschis por\u0163ile circuitului competi\u0163iilor de film din \u00eentreaga lume, filmat la Boc\u015fa, Re\u015fi\u0163a, Timi\u015foara, Bucure\u015fti, av\u00e2ndu-i ca protagoni\u015fti, printre al\u0163ii, pe Constantin Dinulescu \u015fi Ion Haiduc) \u015fi Fata din Transilvania (produc\u0163ie 2010, primul proiect care ne-a introdus \u00een circuitul festivalier profesionist din toat\u0103 lumea, fiind proiectat pe Sunset Boulevard, la Hollywood, av\u00e2nd-o \u00een rol principal pe Maia Morgenstern). <\/p>\n","protected":false},"author":1,"featured_media":0,"comment_status":"open","ping_status":"open","sticky":false,"template":"","format":"standard","meta":[],"categories":[7],"tags":[295,390],"_links":{"self":[{"href":"https:\/\/semndecarte.metarsis.ro\/index.php?rest_route=\/wp\/v2\/posts\/8170"}],"collection":[{"href":"https:\/\/semndecarte.metarsis.ro\/index.php?rest_route=\/wp\/v2\/posts"}],"about":[{"href":"https:\/\/semndecarte.metarsis.ro\/index.php?rest_route=\/wp\/v2\/types\/post"}],"author":[{"embeddable":true,"href":"https:\/\/semndecarte.metarsis.ro\/index.php?rest_route=\/wp\/v2\/users\/1"}],"replies":[{"embeddable":true,"href":"https:\/\/semndecarte.metarsis.ro\/index.php?rest_route=%2Fwp%2Fv2%2Fcomments&post=8170"}],"version-history":[{"count":0,"href":"https:\/\/semndecarte.metarsis.ro\/index.php?rest_route=\/wp\/v2\/posts\/8170\/revisions"}],"wp:attachment":[{"href":"https:\/\/semndecarte.metarsis.ro\/index.php?rest_route=%2Fwp%2Fv2%2Fmedia&parent=8170"}],"wp:term":[{"taxonomy":"category","embeddable":true,"href":"https:\/\/semndecarte.metarsis.ro\/index.php?rest_route=%2Fwp%2Fv2%2Fcategories&post=8170"},{"taxonomy":"post_tag","embeddable":true,"href":"https:\/\/semndecarte.metarsis.ro\/index.php?rest_route=%2Fwp%2Fv2%2Ftags&post=8170"}],"curies":[{"name":"wp","href":"https:\/\/api.w.org\/{rel}","templated":true}]}}