{"id":8154,"date":"2013-09-30T22:11:47","date_gmt":"2013-09-30T20:11:47","guid":{"rendered":"http:\/\/semndecarte.metarsis.ro\/?p=8154"},"modified":"2013-09-30T22:22:18","modified_gmt":"2013-09-30T20:22:18","slug":"jazz-for-kids","status":"publish","type":"post","link":"https:\/\/semndecarte.metarsis.ro\/?p=8154","title":{"rendered":"Jazz for kids"},"content":{"rendered":"<p style=\"text-align: justify;\"><a href=\"http:\/\/semndecarte.metarsis.ro\/wp-content\/uploads\/2013\/09\/Jazz-for-kids.jpg\" rel=\"lightbox[8154]\"><img loading=\"lazy\" class=\"alignleft size-large wp-image-8156\" title=\"Jazz for kids\" src=\"http:\/\/semndecarte.metarsis.ro\/wp-content\/uploads\/2013\/09\/Jazz-for-kids-117x163.jpg\" alt=\"\" width=\"117\" height=\"163\" srcset=\"https:\/\/semndecarte.metarsis.ro\/wp-content\/uploads\/2013\/09\/Jazz-for-kids-117x163.jpg 117w, https:\/\/semndecarte.metarsis.ro\/wp-content\/uploads\/2013\/09\/Jazz-for-kids-115x160.jpg 115w, https:\/\/semndecarte.metarsis.ro\/wp-content\/uploads\/2013\/09\/Jazz-for-kids.jpg 450w\" sizes=\"(max-width: 117px) 100vw, 117px\" \/><\/a>S\u00e2mb\u0103t\u0103 a plouat tare de tot. Ne-am ad\u0103postit \u00eentr-un foi\u015for, unde copiii au \u00eenv\u0103\u0163at de la Lica Dolga c\u0103 \u00een jazz accentul cade pe timpii 2 \u015fi 4, Toni K\u00fchn a \u00eenv\u0103\u0163at un menuet la clape, iar eu de la ei to\u0163i c\u0103 oricine poate c\u00e2nta jazz atunci c\u00e2nd \u00eenca nu e vizitat de prejudec\u0103\u0163i. Duminic\u0103 pe la 3, de\u015fi norii treceau \u00een p\u00e2lcuri, ne-am hot\u0103r\u00e2t s\u0103 \u0163inem concertul \u00een fa\u0163a casei. Pe c\u00e2nd se instalau instrumentele a ie\u015fit \u015fi soarele. <!--more-->Pe tonul suav al flautului \u00een pia\u0163\u0103 s-a lasat o lini\u015fte frumoas\u0103 \u015fi u\u015file caselor au \u00eenceput s\u0103 se deschid\u0103 pe r\u00e2nd. Trio-ul lui Liviu Butoi a adus la Ciclova o muzic\u0103 nemaiauzit\u0103 \u2013 un jazz nediluat, de o mare fine\u0163e interpretativ\u0103 &#8211; care a sensibilizat peste a\u015ftept\u0103ri. Pe c\u00e2nd saxofoanele \u00ee\u015fi schimbau dimensiunea \u015fi tonul, iar temele se pulverizau \u00een impoviza\u0163ii eterice, spre completa mea uluire copiii au avut impulsul s\u0103 aplaude un solo. Adriana, din clasa a V-a, a c\u00e2ntat la vioar\u0103 Menuetul de Beethoven,Petraa c\u00e2ntat despre o piatr\u0103 alb\u0103, iar la sf\u00e2r\u015fit au urcat cu to\u0163ii pe \u201escen\u0103\u201d ca s\u0103 c\u00e2nte \u00eempreun\u0103 cu trupa despre o pl\u0103cint\u0103. Asta a fost, fra\u0163ilor. A fost grozav!\u00a0(Adriana C\u00e2rcu)<\/p>\n","protected":false},"excerpt":{"rendered":"<p>S\u00e2mb\u0103t\u0103 a plouat tare de tot. Ne-am ad\u0103postit \u00eentr-un foi\u015for, unde copiii au \u00eenv\u0103\u0163at de la Lica Dolga c\u0103 \u00een jazz accentul cade pe timpii 2 \u015fi 4, Toni K\u00fchn a \u00eenv\u0103\u0163at un menuet la clape, iar eu de la ei to\u0163i c\u0103 oricine poate c\u00e2nta jazz atunci c\u00e2nd \u00eenca nu e vizitat de prejudec\u0103\u0163i. [&hellip;]<\/p>\n","protected":false},"author":1,"featured_media":0,"comment_status":"open","ping_status":"open","sticky":false,"template":"","format":"standard","meta":[],"categories":[7],"tags":[334],"_links":{"self":[{"href":"https:\/\/semndecarte.metarsis.ro\/index.php?rest_route=\/wp\/v2\/posts\/8154"}],"collection":[{"href":"https:\/\/semndecarte.metarsis.ro\/index.php?rest_route=\/wp\/v2\/posts"}],"about":[{"href":"https:\/\/semndecarte.metarsis.ro\/index.php?rest_route=\/wp\/v2\/types\/post"}],"author":[{"embeddable":true,"href":"https:\/\/semndecarte.metarsis.ro\/index.php?rest_route=\/wp\/v2\/users\/1"}],"replies":[{"embeddable":true,"href":"https:\/\/semndecarte.metarsis.ro\/index.php?rest_route=%2Fwp%2Fv2%2Fcomments&post=8154"}],"version-history":[{"count":0,"href":"https:\/\/semndecarte.metarsis.ro\/index.php?rest_route=\/wp\/v2\/posts\/8154\/revisions"}],"wp:attachment":[{"href":"https:\/\/semndecarte.metarsis.ro\/index.php?rest_route=%2Fwp%2Fv2%2Fmedia&parent=8154"}],"wp:term":[{"taxonomy":"category","embeddable":true,"href":"https:\/\/semndecarte.metarsis.ro\/index.php?rest_route=%2Fwp%2Fv2%2Fcategories&post=8154"},{"taxonomy":"post_tag","embeddable":true,"href":"https:\/\/semndecarte.metarsis.ro\/index.php?rest_route=%2Fwp%2Fv2%2Ftags&post=8154"}],"curies":[{"name":"wp","href":"https:\/\/api.w.org\/{rel}","templated":true}]}}