{"id":8153,"date":"2013-09-30T22:20:18","date_gmt":"2013-09-30T20:20:18","guid":{"rendered":"http:\/\/semndecarte.metarsis.ro\/?p=8153"},"modified":"2013-09-30T22:21:48","modified_gmt":"2013-09-30T20:21:48","slug":"via-ferrata-in-dolomiti-2","status":"publish","type":"post","link":"https:\/\/semndecarte.metarsis.ro\/?p=8153","title":{"rendered":"Via Ferrata \u00een Dolomi\u0163i"},"content":{"rendered":"<p><strong><a href=\"http:\/\/semndecarte.metarsis.ro\/wp-content\/uploads\/2013\/09\/cop2.jpg\" rel=\"lightbox[8153]\"><img loading=\"lazy\" class=\"alignleft size-full wp-image-8162\" title=\"cop\" src=\"http:\/\/semndecarte.metarsis.ro\/wp-content\/uploads\/2013\/09\/cop2.jpg\" alt=\"\" width=\"520\" height=\"200\" srcset=\"https:\/\/semndecarte.metarsis.ro\/wp-content\/uploads\/2013\/09\/cop2.jpg 520w, https:\/\/semndecarte.metarsis.ro\/wp-content\/uploads\/2013\/09\/cop2-160x61.jpg 160w, https:\/\/semndecarte.metarsis.ro\/wp-content\/uploads\/2013\/09\/cop2-163x62.jpg 163w\" sizes=\"(max-width: 520px) 100vw, 520px\" \/><\/a>I shouldn\u2019t be alive !<\/strong><\/p>\n<p style=\"text-align: justify;\">\u00a0<span style=\"font-size: 13px; line-height: 1.3;\">Vf. Sasso Piatto, 2969 m. Abia z\u0103resc printre valuri de cea\u0163\u0103 o bucat\u0103 de cer, pe care se profileaz\u0103 crucea mult a\u015fteptat\u0103. Este marcajul cap\u0103tului Ferratei Oskar Schuster.\u00a0<!--more--><\/span><\/p>\n<p style=\"text-align: justify;\">Primul g\u00e2nd care mi-a trecut prin cap, c\u00e2nd am v\u0103zut grupul reunit \u00een fa\u0163a mea, a fost: cum de mai sunt \u00een via\u0163\u0103?!<\/p>\n<p style=\"text-align: justify;\">Pentru prima oar\u0103, dup\u0103 doi ani de c\u00e2nd &#8222;bat c\u00e2mpii&#8221; cu &#8222;Prietenii Mun\u0163ilor&#8221;, am reu\u015fit s\u0103 iau cu asalt un munte de-a dreptul prin m\u0103runtaiele lui, adic\u0103 pe o via ferrata.<\/p>\n<p style=\"text-align: justify;\">Senza\u0163ia cople\u015fitoare pe care mi-a l\u0103sat-o a fost c\u0103 via\u0163a mi-a at\u00e2rnat de un fir de a\u0163\u0103, hai s\u0103-i zicem cablu metalic (ce d\u0103 \u015fi numele de via ferrata, drumului c\u0103tre \u00een\u0103l\u0163imile cunoa\u015fterii de sine).<\/p>\n<p style=\"text-align: justify;\">Dictonul &#8222;Nosce te ipsum&#8221; (Cunoa\u015fte-te pe tine \u00eensu\u0163i!), nu credeam vreodat\u0103 c\u0103 o s\u0103-l urmez ag\u0103\u0163at\u0103 \u00een corzi pe un perete de st\u00e2nc\u0103, deasupra unei pr\u0103p\u0103stii f\u0103r\u0103 fund.<\/p>\n<p style=\"text-align: justify;\">Aici am aflat c\u0103 orice om poate s\u0103-\u015fi \u00eenfr\u00e2ng\u0103 cele mai negre temeri, dac\u0103 vrea. Dar pentru asta nu trebuie s\u0103-\u015fi lase cale de \u00eentoarcere.Victoriase ob\u0163ine privind numai \u00een sus. Asta m-a \u00eenv\u0103\u0163at pe mine Via Ferrata. Trebuie s\u0103 \u015fti\u0163i c\u0103 cine intr\u0103 pe via ferrata, nu se mai poate \u00eentoarce din drum.<\/p>\n<p style=\"text-align: justify;\">Oskar Schuster, Tridentina, Kaisejagersteig- Lagazuoi, Cesare Piazzetta, Laurenzi, Masare sunt nume de ferrate pe care un grup de re\u015fi\u0163eni format din Tim Rupa, Bebe Hri\u0163cu, Diana \u015fi Doru Ionescu, Ernest Velea \u015fi subsemnata, al\u0103turi de membrii ai Asocia\u0163iei &#8222;Concordia&#8221; din Lugoj, condus\u0103 de inimosul Calin \u0162\u00e2ru \u015fi reprezentat\u0103 cu mare onoare de Dl. Nelu Berariu, al\u0103turi de Nu\u0163u Icma, Adriana Zubac \u015fi al\u0163i lugojeni dar \u015fi multi tineri montagnarzi din Timi\u015foara, le-au luat cu asalt la sf\u00e2r\u015fitul lunii august, \u00een Tirolul de Sud, \u00een Dolomi\u0163i.<\/p>\n<p style=\"text-align: justify;\">To\u0163i ace\u015fti oameni, cu v\u00e2rste cuprinse \u00eentre 20 \u015fi 71 de ani, au fost m\u00e2na\u0163i de acela\u015fi impuls ce i-a legat timp de mai bine de o s\u0103pt\u0103m\u00e2n\u0103- to\u0163i iubesc cu disperare Muntele \u015fi Libertatea. Libertatea florii de col\u0163 \u015fi a caprei negre (nu degeaba sunt capricorn).<\/p>\n<p style=\"text-align: justify;\">Decanul nostru de v\u00e2rst\u0103, lugojanul de nest\u0103vilit, Dl Berariu poveste\u015fte c\u0103 vine pentru a noua oar\u0103 \u00een Dolomi\u0163i. Ce s\u0103 \u00eensemne acest lucru, oare?<\/p>\n<p style=\"text-align: justify;\">Pur \u015fi simplu acest munte te vr\u0103je\u015fte cu dantel\u0103ria crestelor sale, cu frumuse\u0163ea satelor vechi aruncate \u00een fundul v\u0103ilor ad\u00e2nci, Val di Fassa, Val Gardena, etc, dar \u015fi cu oferta activit\u0103\u0163ilor out-door, nelimitat\u0103 : trekking, hiking, climbing, paragliding, ski-ing (sa nu mai vorbim!).<\/p>\n<p style=\"text-align: justify;\">Deja mi-e dor de Canazei (1460 m), raiul montagnarzilor, de Passo Sella (2244 m), Falzarego (2105 m), Cima Lagazuoi (2778 m), Valparola \u00a0(2192 m), Sass Pordoi (2950 m), Porta Vescovo (2478 m), Passo Fedaia (2057 m ), Piz Boe (3151 m), Marmolada (3342 m), sau minunatele sta\u0163iuni exclusiviste Corvara, Cortina D\u2019Ampezzo, nume ce \u00eennobileaz\u0103 lista vacan\u0163elor de vis, ale oricarui om.\u00a0<span style=\"font-size: 13px; line-height: 1.3;\">(Elena Rupa)<\/span><\/p>\n","protected":false},"excerpt":{"rendered":"<p>I shouldn\u2019t be alive ! \u00a0Vf. Sasso Piatto, 2969 m. Abia z\u0103resc printre valuri de cea\u0163\u0103 o bucat\u0103 de cer, pe care se profileaz\u0103 crucea mult a\u015fteptat\u0103. Este marcajul cap\u0103tului Ferratei Oskar Schuster.\u00a0<\/p>\n","protected":false},"author":1,"featured_media":0,"comment_status":"open","ping_status":"open","sticky":false,"template":"","format":"standard","meta":[],"categories":[7],"tags":[388],"_links":{"self":[{"href":"https:\/\/semndecarte.metarsis.ro\/index.php?rest_route=\/wp\/v2\/posts\/8153"}],"collection":[{"href":"https:\/\/semndecarte.metarsis.ro\/index.php?rest_route=\/wp\/v2\/posts"}],"about":[{"href":"https:\/\/semndecarte.metarsis.ro\/index.php?rest_route=\/wp\/v2\/types\/post"}],"author":[{"embeddable":true,"href":"https:\/\/semndecarte.metarsis.ro\/index.php?rest_route=\/wp\/v2\/users\/1"}],"replies":[{"embeddable":true,"href":"https:\/\/semndecarte.metarsis.ro\/index.php?rest_route=%2Fwp%2Fv2%2Fcomments&post=8153"}],"version-history":[{"count":0,"href":"https:\/\/semndecarte.metarsis.ro\/index.php?rest_route=\/wp\/v2\/posts\/8153\/revisions"}],"wp:attachment":[{"href":"https:\/\/semndecarte.metarsis.ro\/index.php?rest_route=%2Fwp%2Fv2%2Fmedia&parent=8153"}],"wp:term":[{"taxonomy":"category","embeddable":true,"href":"https:\/\/semndecarte.metarsis.ro\/index.php?rest_route=%2Fwp%2Fv2%2Fcategories&post=8153"},{"taxonomy":"post_tag","embeddable":true,"href":"https:\/\/semndecarte.metarsis.ro\/index.php?rest_route=%2Fwp%2Fv2%2Ftags&post=8153"}],"curies":[{"name":"wp","href":"https:\/\/api.w.org\/{rel}","templated":true}]}}