{"id":8151,"date":"2013-09-30T22:07:52","date_gmt":"2013-09-30T20:07:52","guid":{"rendered":"http:\/\/semndecarte.metarsis.ro\/?p=8151"},"modified":"2013-09-30T22:23:22","modified_gmt":"2013-09-30T20:23:22","slug":"copiii-si-scoala-de-vara-2","status":"publish","type":"post","link":"https:\/\/semndecarte.metarsis.ro\/?p=8151","title":{"rendered":"Copiii \u015fi \u015ecoala de var\u0103"},"content":{"rendered":"<p style=\"text-align: justify;\"><a href=\"http:\/\/semndecarte.metarsis.ro\/wp-content\/uploads\/2013\/09\/1102539_699498456743185_1675460107_o.jpg\" rel=\"lightbox[8151]\"><img loading=\"lazy\" class=\"alignleft size-full wp-image-8157\" title=\"1102539_699498456743185_1675460107_o\" src=\"http:\/\/semndecarte.metarsis.ro\/wp-content\/uploads\/2013\/09\/1102539_699498456743185_1675460107_o.jpg\" alt=\"\" width=\"520\" height=\"200\" srcset=\"https:\/\/semndecarte.metarsis.ro\/wp-content\/uploads\/2013\/09\/1102539_699498456743185_1675460107_o.jpg 520w, https:\/\/semndecarte.metarsis.ro\/wp-content\/uploads\/2013\/09\/1102539_699498456743185_1675460107_o-160x61.jpg 160w, https:\/\/semndecarte.metarsis.ro\/wp-content\/uploads\/2013\/09\/1102539_699498456743185_1675460107_o-163x62.jpg 163w\" sizes=\"(max-width: 520px) 100vw, 520px\" \/><\/a>Elevii clasei a II-a B de la \u015ecoala Gimnazial\u0103 Nr. 2 din Re\u015fi\u0163a, av\u00e2nd ca parteneri Organiza\u0163ia \u201cSalva\u0163i copiii\u201d, Asocia\u0163ia Umanitar\u0103 \u201cIni\u0163iativa DA\u201d \u015fi Societatea pentru Cultur\u0103 \u201cMetarsis\u201d prin libr\u0103ria Semn de Carte deruleaz\u0103, \u00een perioada 13-30 august 2013, a doua edi\u0163ie a proiectului \u201c<strong><em>\u015ecoala de var\u0103<\/em><\/strong>&#8211;\u00a0<strong><em>Joc \u015fi crea\u0163ie<\/em><\/strong>\u201d coordona\u0163i fiind de prof. \u00eenv. primar Ozana Dr\u0103gil\u0103.\u00a0<!--more-->Proiectul se deruleaz\u0103 la \u015fcoal\u0103, dar mai ales la libr\u0103ria Semn de Carte, deoarece cea care a c\u00e2nt\u0103rit cel mai mult \u00een acest demers a fost\u00a0<strong><em>CARTEA<\/em><\/strong>&#8211;\u00a0<strong><em>prietena copiilor,<\/em><\/strong>\u00a0de care st\u0103m aproape, prin\u00a0<strong><em>joc \u015fi crea\u0163ie,\u00a0<\/em><\/strong>pe tot parcursul acestui proiect. \u00cendruma\u0163i de \u00eenv\u0103\u0163\u0103toarea lor, Ozana Dr\u0103gil\u0103 \u015fi de profesoara de limb\u0103 englez\u0103, Adina T\u00eempa, de gazdele de la Semn de Carte: Camelia \u0219i Lucian Duca, elevii sunt introdu\u015fi \u00eentr-o admosfer\u0103 creativ\u0103, pl\u0103cut\u0103 \u015fi relaxant\u0103, \u00een care-\u015fi petrec o parte din vacan\u0163a mare. Le este al\u0103turi \u00een toate atelierele derulate: lectur\u0103, scriere, pictur\u0103, muzic\u0103, sport- voluntarul de la \u201cSalva\u0163i copiii\u201d Vanesa D\u0103escu, elev\u0103 a Colegiului Na\u0163ional \u201cTraian Lalescu\u201d. Al\u0103turi de educa\u0163ia nonformal\u0103 \u015fi informal\u0103 axat\u0103 pe descoperirea \u015fi dezvoltarea poten\u0163ialului copilului,\u00a0<strong><em>\u015ecoala de var\u0103\u00a0<\/em><\/strong> promoveaz\u0103 copilul creativ, copilul care are curajul de a privi p\u00e2na dincolo\u2026 \u015fi mai departe. (Prof. \u00eenv. primar Ozana Dr\u0103gil\u0103, \u015ecoala Gimnazial\u0103 nr. 2Re\u015fi\u0163a.)<\/p>\n","protected":false},"excerpt":{"rendered":"<p>Elevii clasei a II-a B de la \u015ecoala Gimnazial\u0103 Nr. 2 din Re\u015fi\u0163a, av\u00e2nd ca parteneri Organiza\u0163ia \u201cSalva\u0163i copiii\u201d, Asocia\u0163ia Umanitar\u0103 \u201cIni\u0163iativa DA\u201d \u015fi Societatea pentru Cultur\u0103 \u201cMetarsis\u201d prin libr\u0103ria Semn de Carte deruleaz\u0103, \u00een perioada 13-30 august 2013, a doua edi\u0163ie a proiectului \u201c\u015ecoala de var\u0103&#8211;\u00a0Joc \u015fi crea\u0163ie\u201d coordona\u0163i fiind de prof. \u00eenv. primar [&hellip;]<\/p>\n","protected":false},"author":1,"featured_media":0,"comment_status":"open","ping_status":"open","sticky":false,"template":"","format":"standard","meta":[],"categories":[7],"tags":[367],"_links":{"self":[{"href":"https:\/\/semndecarte.metarsis.ro\/index.php?rest_route=\/wp\/v2\/posts\/8151"}],"collection":[{"href":"https:\/\/semndecarte.metarsis.ro\/index.php?rest_route=\/wp\/v2\/posts"}],"about":[{"href":"https:\/\/semndecarte.metarsis.ro\/index.php?rest_route=\/wp\/v2\/types\/post"}],"author":[{"embeddable":true,"href":"https:\/\/semndecarte.metarsis.ro\/index.php?rest_route=\/wp\/v2\/users\/1"}],"replies":[{"embeddable":true,"href":"https:\/\/semndecarte.metarsis.ro\/index.php?rest_route=%2Fwp%2Fv2%2Fcomments&post=8151"}],"version-history":[{"count":0,"href":"https:\/\/semndecarte.metarsis.ro\/index.php?rest_route=\/wp\/v2\/posts\/8151\/revisions"}],"wp:attachment":[{"href":"https:\/\/semndecarte.metarsis.ro\/index.php?rest_route=%2Fwp%2Fv2%2Fmedia&parent=8151"}],"wp:term":[{"taxonomy":"category","embeddable":true,"href":"https:\/\/semndecarte.metarsis.ro\/index.php?rest_route=%2Fwp%2Fv2%2Fcategories&post=8151"},{"taxonomy":"post_tag","embeddable":true,"href":"https:\/\/semndecarte.metarsis.ro\/index.php?rest_route=%2Fwp%2Fv2%2Ftags&post=8151"}],"curies":[{"name":"wp","href":"https:\/\/api.w.org\/{rel}","templated":true}]}}