{"id":8147,"date":"2013-09-02T16:06:51","date_gmt":"2013-09-02T14:06:51","guid":{"rendered":"http:\/\/semndecarte.metarsis.ro\/?p=8147"},"modified":"2013-09-02T16:31:52","modified_gmt":"2013-09-02T14:31:52","slug":"slavomir-almajan","status":"publish","type":"post","link":"https:\/\/semndecarte.metarsis.ro\/?p=8147","title":{"rendered":"SLAVOMIR ALM\u0102JAN"},"content":{"rendered":"<p><strong><a href=\"http:\/\/semndecarte.metarsis.ro\/wp-content\/uploads\/2013\/09\/Libraria_Semn_de_carte_3.jpg\" rel=\"lightbox[8147]\"><img loading=\"lazy\" class=\"alignleft size-full wp-image-8149\" title=\"Libraria_Semn_de_carte\" src=\"http:\/\/semndecarte.metarsis.ro\/wp-content\/uploads\/2013\/09\/Libraria_Semn_de_carte_3.jpg\" alt=\"\" width=\"520\" height=\"200\" srcset=\"https:\/\/semndecarte.metarsis.ro\/wp-content\/uploads\/2013\/09\/Libraria_Semn_de_carte_3.jpg 520w, https:\/\/semndecarte.metarsis.ro\/wp-content\/uploads\/2013\/09\/Libraria_Semn_de_carte_3-160x61.jpg 160w, https:\/\/semndecarte.metarsis.ro\/wp-content\/uploads\/2013\/09\/Libraria_Semn_de_carte_3-163x62.jpg 163w\" sizes=\"(max-width: 520px) 100vw, 520px\" \/><\/a>Lansare \u201cZbor c\u0103zut\u00a0\u00a0\u00eentre aripi\u201d<\/strong><\/p>\n<p style=\"text-align: justify;\"><span style=\"font-size: 13px; line-height: 1.3;\">Mar\u0163i 3 septembrie 2013 orele 17:30 libr\u0103ria Semn de Carte din Re\u015fi\u0163a, str. Libert\u0103\u0163ii 13 g\u0103zduie\u015fte lansarea volumului de eseuri religioase \u015fi literare- volum semnat Slavomir Almajan: \u201dZbor c\u0103zut \u00eentre aripi\u201d.<!--more--><\/span><\/p>\n<p style=\"text-align: justify;\">Invita\u0163i speciali: editorul \u015fi criticul Gheorghe Jurma, poetul Gherghe Zincescu \u015fi forma\u0163ia re\u015fi\u0163eana INSIDE US (Vlad Cr\u00e2nganu- chitar\u0103 \u015fi voce, Partick Schmied- clape \u015fi Alina Ehrmann- voce).<\/p>\n<p style=\"text-align: justify;\">V\u0103 invit\u0103m la o sear\u0103 \u00eentre prieteni.<\/p>\n","protected":false},"excerpt":{"rendered":"<p>Lansare \u201cZbor c\u0103zut\u00a0\u00a0\u00eentre aripi\u201d Mar\u0163i 3 septembrie 2013 orele 17:30 libr\u0103ria Semn de Carte din Re\u015fi\u0163a, str. Libert\u0103\u0163ii 13 g\u0103zduie\u015fte lansarea volumului de eseuri religioase \u015fi literare- volum semnat Slavomir Almajan: \u201dZbor c\u0103zut \u00eentre aripi\u201d.<\/p>\n","protected":false},"author":1,"featured_media":0,"comment_status":"open","ping_status":"open","sticky":false,"template":"","format":"standard","meta":[],"categories":[3],"tags":[69],"_links":{"self":[{"href":"https:\/\/semndecarte.metarsis.ro\/index.php?rest_route=\/wp\/v2\/posts\/8147"}],"collection":[{"href":"https:\/\/semndecarte.metarsis.ro\/index.php?rest_route=\/wp\/v2\/posts"}],"about":[{"href":"https:\/\/semndecarte.metarsis.ro\/index.php?rest_route=\/wp\/v2\/types\/post"}],"author":[{"embeddable":true,"href":"https:\/\/semndecarte.metarsis.ro\/index.php?rest_route=\/wp\/v2\/users\/1"}],"replies":[{"embeddable":true,"href":"https:\/\/semndecarte.metarsis.ro\/index.php?rest_route=%2Fwp%2Fv2%2Fcomments&post=8147"}],"version-history":[{"count":0,"href":"https:\/\/semndecarte.metarsis.ro\/index.php?rest_route=\/wp\/v2\/posts\/8147\/revisions"}],"wp:attachment":[{"href":"https:\/\/semndecarte.metarsis.ro\/index.php?rest_route=%2Fwp%2Fv2%2Fmedia&parent=8147"}],"wp:term":[{"taxonomy":"category","embeddable":true,"href":"https:\/\/semndecarte.metarsis.ro\/index.php?rest_route=%2Fwp%2Fv2%2Fcategories&post=8147"},{"taxonomy":"post_tag","embeddable":true,"href":"https:\/\/semndecarte.metarsis.ro\/index.php?rest_route=%2Fwp%2Fv2%2Ftags&post=8147"}],"curies":[{"name":"wp","href":"https:\/\/api.w.org\/{rel}","templated":true}]}}