{"id":8143,"date":"2013-08-31T11:05:00","date_gmt":"2013-08-31T09:05:00","guid":{"rendered":"http:\/\/semndecarte.metarsis.ro\/?p=8143"},"modified":"2013-08-31T12:02:21","modified_gmt":"2013-08-31T10:02:21","slug":"finisajul-unei-vieti-de-artist","status":"publish","type":"post","link":"https:\/\/semndecarte.metarsis.ro\/?p=8143","title":{"rendered":"Finisajul unei vie\u021bi de artist"},"content":{"rendered":"<p><strong><span style=\"font-size: 13px; line-height: 1.3;\"><a href=\"http:\/\/semndecarte.metarsis.ro\/wp-content\/uploads\/2013\/08\/Vernisaj-Bebe-Ioana_050.jpg\" rel=\"lightbox[8143]\"><img loading=\"lazy\" class=\"size-large wp-image-8036 alignright\" title=\"Iulian Vitalis (Bebe) Cojocariu\" src=\"http:\/\/semndecarte.metarsis.ro\/wp-content\/uploads\/2013\/08\/Vernisaj-Bebe-Ioana_050-108x163.jpg\" alt=\"\" width=\"108\" height=\"163\" srcset=\"https:\/\/semndecarte.metarsis.ro\/wp-content\/uploads\/2013\/08\/Vernisaj-Bebe-Ioana_050-108x163.jpg 108w, https:\/\/semndecarte.metarsis.ro\/wp-content\/uploads\/2013\/08\/Vernisaj-Bebe-Ioana_050-106x160.jpg 106w, https:\/\/semndecarte.metarsis.ro\/wp-content\/uploads\/2013\/08\/Vernisaj-Bebe-Ioana_050.jpg 531w\" sizes=\"(max-width: 108px) 100vw, 108px\" \/><\/a>IULIAN VITALIS (BEBE) COJOCARIU\u00a0<\/span><\/strong><span style=\"font-size: 13px; line-height: 1.3;\">(10.01.1939- 30.08.2013)<\/span><span style=\"font-size: 13px; line-height: 1.3;\">\u00a0<\/span><\/p>\n<p style=\"text-align: justify;\">\u00cen 24 iulie 2013, la Muzeul Banatului Montan,\u00a0a fost vernisat\u0103 SIMULTAN, expozi\u0163ia de art\u0103 vizual\u0103 av\u00e2ndu-i ca protagoni\u015fti pe Iulian Vitalis Cojocariu \u015fi Ioana Cojocariu. Prima oar\u0103, tat\u0103 \u015fi fiic\u0103, au expus \u00eempreun\u0103. Tata- pictur\u0103, fiica instala\u0163ie video \u015fi fotografie. Dou\u0103 procese artistice total diferite, dou\u0103 personalit\u0103\u0163i bine definite, au comunicat \u0219i\u00a0 comunic\u0103 creativ, conceptual, simultan, \u00eentre ele \u015fi cu privitorul, \u00eentr-un dialog al genera\u0163iilor \u015fi al viziunilor artistice.<\/p>\n<p style=\"text-align: justify;\">Expozi\u021bia trebuia s\u0103 aibe finisajul duminic\u0103, 1 septembrie 2013. Oscilam, \u00eempreun\u0103 cu Ioana Cojocariu, asupra datei. Nu \u0219tiam dac\u0103 va fi \u00een 30, 31 august sau 1 septambrie. Trebuiau potrivite mai multe lucruri. Ioana locuie\u0219te \u00een Suedia, Dorinel este plecat cu treburi, Ada scrie \u0219i traduce prins\u0103 \u00een meandrele \u0219i, accidental, \u00een subteranele literaturii pe care le vrea sc\u0103ldate \u00een lumin\u0103, Geta se dedic\u0103, supravegeaz\u0103, ocrote\u0219te \u00een permanen\u021ba \u0219i \u00eei \u00eencurajeaz\u0103, <!--more-->Bebe se las\u0103 r\u0103sf\u0103\u021bat \u0219i\u00a0 \u00eencearc\u0103 s\u0103 reziste redefinind, dup\u0103 accidentul vascular, pictura \u0219i bucuria \u00eent\u00e2lnirii cu prietenii la o cea\u0219c\u0103 de fie ce-o fi, numai vorbit\u0103 sa fie.\u00a0 Noi, ceilal\u021bi, de disip\u0103m i\u00een at\u00e2tea direc\u021bii ignor\u00e2nd, de prea multe ori, esen\u021bialul\u2026.. Nimic nu este aleatoriu. Iat\u0103 c\u0103 la 1 septembrie 2013 va fi, totu\u0219i, un finisaj.\u00a0 Dar nu al ezpozitiei ci al \u00eentregii cariere de artist plastic. Al unui OM de o noble\u021be sufleteasc\u0103 rar\u0103 \u0219i un talent unanim recunoscut.\u00a0\u00a0<strong>Iulian Vitalis (Bebe) Cojocariu,<\/strong>\u00a0nume de referin\u0163\u0103 \u00een arta plastic\u0103 rom\u00e2neasc\u0103, a devenit \u201cPaznic al cerului\u201d \u0219i va urca, duminica,\u00a0sus \u00een deal, l\u00e2ng\u0103 str\u0103bunii s\u0103i s\u0103 se odihneasc\u0103 pu\u021bin, veghiind, cu un sur\u00e2s \u0219\u0103galnic, asupra noastra.<\/p>\n<p style=\"text-align: justify;\">Odihn\u0103 ve\u0219nic\u0103 MAESTRE!<\/p>\n","protected":false},"excerpt":{"rendered":"<p>IULIAN VITALIS (BEBE) COJOCARIU\u00a0(10.01.1939- 30.08.2013)\u00a0 \u00cen 24 iulie 2013, la Muzeul Banatului Montan,\u00a0a fost vernisat\u0103 SIMULTAN, expozi\u0163ia de art\u0103 vizual\u0103 av\u00e2ndu-i ca protagoni\u015fti pe Iulian Vitalis Cojocariu \u015fi Ioana Cojocariu. Prima oar\u0103, tat\u0103 \u015fi fiic\u0103, au expus \u00eempreun\u0103. Tata- pictur\u0103, fiica instala\u0163ie video \u015fi fotografie. Dou\u0103 procese artistice total diferite, dou\u0103 personalit\u0103\u0163i bine definite, au [&hellip;]<\/p>\n","protected":false},"author":1,"featured_media":0,"comment_status":"open","ping_status":"open","sticky":false,"template":"","format":"standard","meta":[],"categories":[3],"tags":[387],"_links":{"self":[{"href":"https:\/\/semndecarte.metarsis.ro\/index.php?rest_route=\/wp\/v2\/posts\/8143"}],"collection":[{"href":"https:\/\/semndecarte.metarsis.ro\/index.php?rest_route=\/wp\/v2\/posts"}],"about":[{"href":"https:\/\/semndecarte.metarsis.ro\/index.php?rest_route=\/wp\/v2\/types\/post"}],"author":[{"embeddable":true,"href":"https:\/\/semndecarte.metarsis.ro\/index.php?rest_route=\/wp\/v2\/users\/1"}],"replies":[{"embeddable":true,"href":"https:\/\/semndecarte.metarsis.ro\/index.php?rest_route=%2Fwp%2Fv2%2Fcomments&post=8143"}],"version-history":[{"count":0,"href":"https:\/\/semndecarte.metarsis.ro\/index.php?rest_route=\/wp\/v2\/posts\/8143\/revisions"}],"wp:attachment":[{"href":"https:\/\/semndecarte.metarsis.ro\/index.php?rest_route=%2Fwp%2Fv2%2Fmedia&parent=8143"}],"wp:term":[{"taxonomy":"category","embeddable":true,"href":"https:\/\/semndecarte.metarsis.ro\/index.php?rest_route=%2Fwp%2Fv2%2Fcategories&post=8143"},{"taxonomy":"post_tag","embeddable":true,"href":"https:\/\/semndecarte.metarsis.ro\/index.php?rest_route=%2Fwp%2Fv2%2Ftags&post=8143"}],"curies":[{"name":"wp","href":"https:\/\/api.w.org\/{rel}","templated":true}]}}