{"id":8062,"date":"2013-08-22T16:15:43","date_gmt":"2013-08-22T14:15:43","guid":{"rendered":"http:\/\/semndecarte.metarsis.ro\/?p=8062"},"modified":"2013-08-28T20:54:26","modified_gmt":"2013-08-28T18:54:26","slug":"povestea-continua-2","status":"publish","type":"post","link":"https:\/\/semndecarte.metarsis.ro\/?p=8062","title":{"rendered":"\u201cPovestea continu\u0103\u201d"},"content":{"rendered":"<p><strong><span style=\"font-size: 13px; line-height: 1.3;\"><a href=\"http:\/\/semndecarte.metarsis.ro\/wp-content\/uploads\/2013\/08\/cop.jpg\" rel=\"lightbox[8062]\"><img loading=\"lazy\" class=\"alignleft size-full wp-image-8089\" title=\"cop\" src=\"http:\/\/semndecarte.metarsis.ro\/wp-content\/uploads\/2013\/08\/cop.jpg\" alt=\"\" width=\"519\" height=\"200\" srcset=\"https:\/\/semndecarte.metarsis.ro\/wp-content\/uploads\/2013\/08\/cop.jpg 519w, https:\/\/semndecarte.metarsis.ro\/wp-content\/uploads\/2013\/08\/cop-160x61.jpg 160w, https:\/\/semndecarte.metarsis.ro\/wp-content\/uploads\/2013\/08\/cop-163x62.jpg 163w\" sizes=\"(max-width: 519px) 100vw, 519px\" \/><\/a>Nicolas Simion, Sorin Romanescu \u015fi Puba Hromadka<\/span><\/strong><\/p>\n<p style=\"text-align: justify;\">S\u00e2mb\u0103t\u0103 10 august, \u00een \u201ccatedrala\u201d din Brebu Nou, biserica romano-catolic\u0103 a\u015fezat\u0103 \u00eentre brazi \u015fi ridicat\u0103 la rang de catdral\u0103 de Florian Lungu, moderator al \u00eentalnirilor de jazz, s-a consumat un nou capitol din best seller-ul muzical scris \u00een timpul Festivalului International de Jazz\u00a0\u00a0de la G\u0103r\u00e2na, din Mun\u0163ii Semenicului de Nicolas Simion \u015fi Sorin Romanescu.<!--more--> Calificata drept \u201cistorie muzical\u0103\u201d de dou\u0103 voci autorizate: Sabin Pautza \u0219i Florian Lungu\u00a0\u201cPoveste improvizata\u201d din 14 iulie 2013\u00a0\u00a0a continuat. F\u0103r\u0103 Florian Lungu dar, din fericire, cu Sabin Pautza- narator. Magia sunetelor, c\u0103ut\u0103rile \u015fi r\u0103spunsurile, jocul dragostei \u00eentre saxofonul \u015fi clarinetul\u00a0\u00a0m\u00e2nuite de Nicolas Simion \u015fi chitara lui Sorin Romanescu au fost \u00eentregite, \u00een povestea de august, de bateria lui Puba Hromadka. O poveste pe care am a\u0219teptat-o la fel cum copiii \u00ee\u015fi a\u015fteapt\u0103 povestea de sear\u0103. Curio\u015fi, cu nelini\u015fte \u015fi ner\u0103bdare, cu \u00eentreb\u0103ri \u015fi c\u0103ut\u0103ri de r\u0103spunsuri. Dac\u0103 \u00een iulie am tr\u0103it acea stare de gra\u0163ie care-\u0163i umple sufletul de bucurie \u015fi-\u0163i a\u015fterne pe chip un z\u00e2mbet greu de \u015fters, de data aceasta\u00a0\u00a0programul din care n-au lipsit\u00a0\u00a0\u201cColind din Hunedoara\u201d, \u201cMy duchess\u201d, piesa dedicat\u0103\u00a0\u00a0prin\u0163esei lui Sorin Romanescu \u015fi \u201cHappy b-day Ana-Maria\u201d- pies\u0103 dedicat\u0103 unei foarte bune prietene, tributul adus lui Bela Bartok\u00a0\u00a0in \u201cThinking at Bartok\u201d dar \u015fi \u201cJocul cu mingea\u201d scris \u00een 1956 de Janscy Korossy (trecut la cele ve\u0219nice \u00een decembrie 2012), \u201cTransilvania wood\u201d \u015fi \u201cBlues\u201d din Simphonietta semnat\u0103 Sabin Pautza,\u00a0\u00a0\u201cAndante religioso\u201d\u00a0\u00a0de Nicolae Coman\u00a0piesa pentru org\u0103 c\u00e2ntat\u0103 de Nicolas Simion,\u00a0au emo\u0163ionat p\u00e2n\u0103 la lacrimi. O poveste \u00eemp\u0103rt\u0103\u015fit\u0103 \u00eentr-un l\u0103ca\u015f sf\u00e2nt, \u00eentr-un \u021binut de basm, poveste semnat\u0103\u00a0\u00a0Nicolas Simion \u015fi Sorin Romanescu, contrasemnat\u0103\u00a0\u00a0de Puba Hromadka, poate fi\u00a0ascultat\u0103 la nesf\u00e2r\u015fit. \u015ei care merit\u0103 dat\u0103 mai departe \u0219i\u00a0\u00a0reeditat\u0103.<\/p>\n<p style=\"text-align: justify;\">Eveniment marca METARSIS cu sprijinul Consiliului Jude\u021bean Cara\u0219-Severin.<\/p>\n<p style=\"text-align: justify;\">Mul\u021bumiri speciale Monseniorului Joseph Csaba Pall, arhidiacon al Banatului Montan.<\/p>\n<p style=\"text-align: justify;\"><iframe src=\"http:\/\/www.youtube.com\/embed\/DO-XAizo09s\" frameborder=\"0\" align=\"left\" width=\"520\" height=\"428\"><\/iframe><\/p>\n<p style=\"text-align: justify;\"><a href=\"http:\/\/semndecarte.metarsis.ro\/wp-content\/uploads\/2013\/08\/Jazz-Brebu-Nou_197.jpg\" rel=\"lightbox[8062]\"><img loading=\"lazy\" class=\"alignleft size-thumbnail wp-image-8088\" title=\"Povestea continua... jazz la Brebu Nou\" src=\"http:\/\/semndecarte.metarsis.ro\/wp-content\/uploads\/2013\/08\/Jazz-Brebu-Nou_197-95x95.jpg\" alt=\"\" width=\"95\" height=\"95\" \/><\/a><a href=\"http:\/\/semndecarte.metarsis.ro\/wp-content\/uploads\/2013\/08\/Jazz-Brebu-Nou_010.jpg\" rel=\"lightbox[8062]\"><img loading=\"lazy\" class=\"alignleft size-thumbnail wp-image-8063\" title=\"Povestea continua... jazz la Brebu Nou\" src=\"http:\/\/semndecarte.metarsis.ro\/wp-content\/uploads\/2013\/08\/Jazz-Brebu-Nou_010-95x95.jpg\" alt=\"\" width=\"95\" height=\"95\" \/><\/a><a href=\"http:\/\/semndecarte.metarsis.ro\/wp-content\/uploads\/2013\/08\/Jazz-Brebu-Nou_186.jpg\" rel=\"lightbox[8062]\"><img loading=\"lazy\" class=\"alignleft size-thumbnail wp-image-8086\" title=\"Povestea continua... jazz la Brebu Nou\" src=\"http:\/\/semndecarte.metarsis.ro\/wp-content\/uploads\/2013\/08\/Jazz-Brebu-Nou_186-95x95.jpg\" alt=\"\" width=\"95\" height=\"95\" \/><\/a><a href=\"http:\/\/semndecarte.metarsis.ro\/wp-content\/uploads\/2013\/08\/Jazz-Brebu-Nou_183.jpg\" rel=\"lightbox[8062]\"><img loading=\"lazy\" class=\"alignleft size-thumbnail wp-image-8085\" title=\"Povestea continua... jazz la Brebu Nou\" src=\"http:\/\/semndecarte.metarsis.ro\/wp-content\/uploads\/2013\/08\/Jazz-Brebu-Nou_183-95x95.jpg\" alt=\"\" width=\"95\" height=\"95\" \/><img loading=\"lazy\" class=\"alignleft size-thumbnail wp-image-8087\" title=\"Povestea continua... jazz la Brebu Nou\" src=\"http:\/\/semndecarte.metarsis.ro\/wp-content\/uploads\/2013\/08\/Jazz-Brebu-Nou_193-95x95.jpg\" alt=\"\" width=\"95\" height=\"95\" \/><\/a><a href=\"http:\/\/semndecarte.metarsis.ro\/wp-content\/uploads\/2013\/08\/Jazz-Brebu-Nou_181.jpg\" rel=\"lightbox[8062]\"><img loading=\"lazy\" class=\"alignleft size-thumbnail wp-image-8084\" title=\"Povestea continua... jazz la Brebu Nou\" src=\"http:\/\/semndecarte.metarsis.ro\/wp-content\/uploads\/2013\/08\/Jazz-Brebu-Nou_181-95x95.jpg\" alt=\"\" width=\"95\" height=\"95\" \/><\/a><a href=\"http:\/\/semndecarte.metarsis.ro\/wp-content\/uploads\/2013\/08\/Jazz-Brebu-Nou_176.jpg\" rel=\"lightbox[8062]\"><img loading=\"lazy\" class=\"alignleft size-thumbnail wp-image-8083\" title=\"Povestea continua... jazz la Brebu Nou\" src=\"http:\/\/semndecarte.metarsis.ro\/wp-content\/uploads\/2013\/08\/Jazz-Brebu-Nou_176-95x95.jpg\" alt=\"\" width=\"95\" height=\"95\" \/><\/a><a href=\"http:\/\/semndecarte.metarsis.ro\/wp-content\/uploads\/2013\/08\/Jazz-Brebu-Nou_171.jpg\" rel=\"lightbox[8062]\"><img loading=\"lazy\" class=\"alignleft size-thumbnail wp-image-8082\" title=\"Povestea continua... jazz la Brebu Nou\" src=\"http:\/\/semndecarte.metarsis.ro\/wp-content\/uploads\/2013\/08\/Jazz-Brebu-Nou_171-95x95.jpg\" alt=\"\" width=\"95\" height=\"95\" \/><\/a><a href=\"http:\/\/semndecarte.metarsis.ro\/wp-content\/uploads\/2013\/08\/Jazz-Brebu-Nou_147.jpg\" rel=\"lightbox[8062]\"><img loading=\"lazy\" class=\"alignleft size-thumbnail wp-image-8081\" title=\"Povestea continua... jazz la Brebu Nou\" src=\"http:\/\/semndecarte.metarsis.ro\/wp-content\/uploads\/2013\/08\/Jazz-Brebu-Nou_147-95x95.jpg\" alt=\"\" width=\"95\" height=\"95\" \/><\/a><a href=\"http:\/\/semndecarte.metarsis.ro\/wp-content\/uploads\/2013\/08\/Jazz-Brebu-Nou_123.jpg\" rel=\"lightbox[8062]\"><img loading=\"lazy\" class=\"alignleft size-thumbnail wp-image-8080\" title=\"Povestea continua... jazz la Brebu Nou\" src=\"http:\/\/semndecarte.metarsis.ro\/wp-content\/uploads\/2013\/08\/Jazz-Brebu-Nou_123-95x95.jpg\" alt=\"\" width=\"95\" height=\"95\" \/><\/a><a href=\"http:\/\/semndecarte.metarsis.ro\/wp-content\/uploads\/2013\/08\/Jazz-Brebu-Nou_121.jpg\" rel=\"lightbox[8062]\"><img loading=\"lazy\" class=\"alignleft size-thumbnail wp-image-8079\" title=\"Povestea continua... jazz la Brebu Nou\" src=\"http:\/\/semndecarte.metarsis.ro\/wp-content\/uploads\/2013\/08\/Jazz-Brebu-Nou_121-95x95.jpg\" alt=\"\" width=\"95\" height=\"95\" \/><\/a><a href=\"http:\/\/semndecarte.metarsis.ro\/wp-content\/uploads\/2013\/08\/Jazz-Brebu-Nou_088.jpg\" rel=\"lightbox[8062]\"><img loading=\"lazy\" class=\"alignleft size-thumbnail wp-image-8077\" title=\"Povestea continua... jazz la Brebu Nou\" src=\"http:\/\/semndecarte.metarsis.ro\/wp-content\/uploads\/2013\/08\/Jazz-Brebu-Nou_088-95x95.jpg\" alt=\"\" width=\"95\" height=\"95\" \/><\/a><a href=\"http:\/\/semndecarte.metarsis.ro\/wp-content\/uploads\/2013\/08\/Jazz-Brebu-Nou_037.jpg\" rel=\"lightbox[8062]\"><img loading=\"lazy\" class=\"alignleft size-thumbnail wp-image-8066\" title=\"Povestea continua... jazz la Brebu Nou\" src=\"http:\/\/semndecarte.metarsis.ro\/wp-content\/uploads\/2013\/08\/Jazz-Brebu-Nou_037-95x95.jpg\" alt=\"\" width=\"95\" height=\"95\" \/><\/a><a href=\"http:\/\/semndecarte.metarsis.ro\/wp-content\/uploads\/2013\/08\/Jazz-Brebu-Nou_084.jpg\" rel=\"lightbox[8062]\"><img loading=\"lazy\" class=\"alignleft size-thumbnail wp-image-8076\" title=\"Povestea continua... jazz la Brebu Nou\" src=\"http:\/\/semndecarte.metarsis.ro\/wp-content\/uploads\/2013\/08\/Jazz-Brebu-Nou_084-95x95.jpg\" alt=\"\" width=\"95\" height=\"95\" \/><\/a><a href=\"http:\/\/semndecarte.metarsis.ro\/wp-content\/uploads\/2013\/08\/Jazz-Brebu-Nou_081.jpg\" rel=\"lightbox[8062]\"><img loading=\"lazy\" class=\"alignleft size-thumbnail wp-image-8075\" title=\"Povestea continua... jazz la Brebu Nou\" src=\"http:\/\/semndecarte.metarsis.ro\/wp-content\/uploads\/2013\/08\/Jazz-Brebu-Nou_081-95x95.jpg\" alt=\"\" width=\"95\" height=\"95\" \/><\/a><a href=\"http:\/\/semndecarte.metarsis.ro\/wp-content\/uploads\/2013\/08\/Jazz-Brebu-Nou_076.jpg\" rel=\"lightbox[8062]\"><img loading=\"lazy\" class=\"alignleft size-thumbnail wp-image-8074\" title=\"Povestea continua... jazz la Brebu Nou\" src=\"http:\/\/semndecarte.metarsis.ro\/wp-content\/uploads\/2013\/08\/Jazz-Brebu-Nou_076-95x95.jpg\" alt=\"\" width=\"95\" height=\"95\" \/><\/a><a href=\"http:\/\/semndecarte.metarsis.ro\/wp-content\/uploads\/2013\/08\/Jazz-Brebu-Nou_074.jpg\" rel=\"lightbox[8062]\"><img loading=\"lazy\" class=\"alignleft size-thumbnail wp-image-8073\" title=\"Povestea continua... jazz la Brebu Nou\" src=\"http:\/\/semndecarte.metarsis.ro\/wp-content\/uploads\/2013\/08\/Jazz-Brebu-Nou_074-95x95.jpg\" alt=\"\" width=\"95\" height=\"95\" \/><\/a><a href=\"http:\/\/semndecarte.metarsis.ro\/wp-content\/uploads\/2013\/08\/Jazz-Brebu-Nou_067.jpg\" rel=\"lightbox[8062]\"><img loading=\"lazy\" class=\"alignleft size-thumbnail wp-image-8072\" title=\"Povestea continua... jazz la Brebu Nou\" src=\"http:\/\/semndecarte.metarsis.ro\/wp-content\/uploads\/2013\/08\/Jazz-Brebu-Nou_067-95x95.jpg\" alt=\"\" width=\"95\" height=\"95\" \/><\/a><a href=\"http:\/\/semndecarte.metarsis.ro\/wp-content\/uploads\/2013\/08\/Jazz-Brebu-Nou_065.jpg\" rel=\"lightbox[8062]\"><img loading=\"lazy\" class=\"alignleft size-thumbnail wp-image-8071\" title=\"Povestea continua... jazz la Brebu Nou\" src=\"http:\/\/semndecarte.metarsis.ro\/wp-content\/uploads\/2013\/08\/Jazz-Brebu-Nou_065-95x95.jpg\" alt=\"\" width=\"95\" height=\"95\" \/><\/a><a href=\"http:\/\/semndecarte.metarsis.ro\/wp-content\/uploads\/2013\/08\/Jazz-Brebu-Nou_054.jpg\" rel=\"lightbox[8062]\"><img loading=\"lazy\" class=\"alignleft size-thumbnail wp-image-8069\" title=\"Povestea continua... jazz la Brebu Nou\" src=\"http:\/\/semndecarte.metarsis.ro\/wp-content\/uploads\/2013\/08\/Jazz-Brebu-Nou_054-95x95.jpg\" alt=\"\" width=\"95\" height=\"95\" \/><\/a><a href=\"http:\/\/semndecarte.metarsis.ro\/wp-content\/uploads\/2013\/08\/Jazz-Brebu-Nou_053.jpg\" rel=\"lightbox[8062]\"><img loading=\"lazy\" class=\"alignleft size-thumbnail wp-image-8068\" title=\"Povestea continua... jazz la Brebu Nou\" src=\"http:\/\/semndecarte.metarsis.ro\/wp-content\/uploads\/2013\/08\/Jazz-Brebu-Nou_053-95x95.jpg\" alt=\"\" width=\"95\" height=\"95\" \/><\/a><a href=\"http:\/\/semndecarte.metarsis.ro\/wp-content\/uploads\/2013\/08\/Jazz-Brebu-Nou_039.jpg\" rel=\"lightbox[8062]\"><img loading=\"lazy\" class=\"alignleft size-thumbnail wp-image-8067\" title=\"Povestea continua... jazz la Brebu Nou\" src=\"http:\/\/semndecarte.metarsis.ro\/wp-content\/uploads\/2013\/08\/Jazz-Brebu-Nou_039-95x95.jpg\" alt=\"\" width=\"95\" height=\"95\" \/><\/a><a href=\"http:\/\/semndecarte.metarsis.ro\/wp-content\/uploads\/2013\/08\/Jazz-Brebu-Nou_026.jpg\" rel=\"lightbox[8062]\"><img loading=\"lazy\" class=\"alignleft size-thumbnail wp-image-8065\" title=\"Povestea continua... jazz la Brebu Nou\" src=\"http:\/\/semndecarte.metarsis.ro\/wp-content\/uploads\/2013\/08\/Jazz-Brebu-Nou_026-95x95.jpg\" alt=\"\" width=\"95\" height=\"95\" \/><img loading=\"lazy\" class=\"alignleft size-thumbnail wp-image-8078\" title=\"Povestea continua... jazz la Brebu Nou\" src=\"http:\/\/semndecarte.metarsis.ro\/wp-content\/uploads\/2013\/08\/Jazz-Brebu-Nou_102-95x95.jpg\" alt=\"\" width=\"95\" height=\"95\" \/><\/a><a href=\"http:\/\/semndecarte.metarsis.ro\/wp-content\/uploads\/2013\/08\/Jazz-Brebu-Nou_024.jpg\" rel=\"lightbox[8062]\"><img loading=\"lazy\" class=\"alignleft size-thumbnail wp-image-8064\" title=\"Povestea continua... jazz la Brebu Nou\" src=\"http:\/\/semndecarte.metarsis.ro\/wp-content\/uploads\/2013\/08\/Jazz-Brebu-Nou_024-95x95.jpg\" alt=\"\" width=\"95\" height=\"95\" \/><\/a><\/p>\n","protected":false},"excerpt":{"rendered":"<p>S\u00e2mb\u0103t\u0103 10 august, \u00een \u201ccatedrala\u201d din Brebu Nou, biserica romano-catolic\u0103 a\u015fezat\u0103 \u00eentre brazi \u015fi ridicat\u0103 la rang de catdral\u0103 de Florian Lungu, moderator al \u00eentalnirilor de jazz, s-a consumat un nou capitol din best seller-ul muzical scris \u00een timpul Festivalului International de Jazz  de la G\u0103r\u00e2na, din Mun\u0163ii Semenicului de Nicolas Simion \u015fi Sorin Romanescu.<\/p>\n","protected":false},"author":1,"featured_media":0,"comment_status":"open","ping_status":"open","sticky":false,"template":"","format":"standard","meta":[],"categories":[7],"tags":[334],"_links":{"self":[{"href":"https:\/\/semndecarte.metarsis.ro\/index.php?rest_route=\/wp\/v2\/posts\/8062"}],"collection":[{"href":"https:\/\/semndecarte.metarsis.ro\/index.php?rest_route=\/wp\/v2\/posts"}],"about":[{"href":"https:\/\/semndecarte.metarsis.ro\/index.php?rest_route=\/wp\/v2\/types\/post"}],"author":[{"embeddable":true,"href":"https:\/\/semndecarte.metarsis.ro\/index.php?rest_route=\/wp\/v2\/users\/1"}],"replies":[{"embeddable":true,"href":"https:\/\/semndecarte.metarsis.ro\/index.php?rest_route=%2Fwp%2Fv2%2Fcomments&post=8062"}],"version-history":[{"count":0,"href":"https:\/\/semndecarte.metarsis.ro\/index.php?rest_route=\/wp\/v2\/posts\/8062\/revisions"}],"wp:attachment":[{"href":"https:\/\/semndecarte.metarsis.ro\/index.php?rest_route=%2Fwp%2Fv2%2Fmedia&parent=8062"}],"wp:term":[{"taxonomy":"category","embeddable":true,"href":"https:\/\/semndecarte.metarsis.ro\/index.php?rest_route=%2Fwp%2Fv2%2Fcategories&post=8062"},{"taxonomy":"post_tag","embeddable":true,"href":"https:\/\/semndecarte.metarsis.ro\/index.php?rest_route=%2Fwp%2Fv2%2Ftags&post=8062"}],"curies":[{"name":"wp","href":"https:\/\/api.w.org\/{rel}","templated":true}]}}