{"id":8023,"date":"2013-08-02T13:37:50","date_gmt":"2013-08-02T11:37:50","guid":{"rendered":"http:\/\/semndecarte.metarsis.ro\/?p=8023"},"modified":"2013-08-02T13:37:50","modified_gmt":"2013-08-02T11:37:50","slug":"simultan-de-suflete","status":"publish","type":"post","link":"https:\/\/semndecarte.metarsis.ro\/?p=8023","title":{"rendered":"SIMULTAN de suflet(e)"},"content":{"rendered":"<p style=\"text-align: justify;\"><a href=\"http:\/\/semndecarte.metarsis.ro\/wp-content\/uploads\/2013\/07\/SIMULTAN.jpg\" rel=\"lightbox[8023]\"><img loading=\"lazy\" class=\"alignleft size-full wp-image-8021\" title=\"SIMULTAN\" src=\"http:\/\/semndecarte.metarsis.ro\/wp-content\/uploads\/2013\/07\/SIMULTAN.jpg\" alt=\"\" width=\"520\" height=\"195\" srcset=\"https:\/\/semndecarte.metarsis.ro\/wp-content\/uploads\/2013\/07\/SIMULTAN.jpg 520w, https:\/\/semndecarte.metarsis.ro\/wp-content\/uploads\/2013\/07\/SIMULTAN-160x60.jpg 160w, https:\/\/semndecarte.metarsis.ro\/wp-content\/uploads\/2013\/07\/SIMULTAN-163x61.jpg 163w\" sizes=\"(max-width: 520px) 100vw, 520px\" \/><\/a><\/p>\n<p style=\"text-align: justify;\">Miercuri, 24 iulie 2013. orele 18:30, la Muzeul Banatului Montan a fost vernisat\u0103 SIMULTAN, expozi\u0163ia de art\u0103 vizual\u0103 av\u00e2ndu-i ca protagoni\u015fti pe Iulian Vitalis Cojocariu \u015fi Ioana Cojocariu. Prima oar\u0103, tat\u0103 \u015fi fiic\u0103, expun \u00eempreun\u0103.Tata- pictur\u0103, fiica instala\u0163ie video \u015fi fotografie. Dou\u0103 procese artistice total diferite, dou\u0103 personalit\u0103\u0163i bine definite, comunic\u0103 creativ, conceptual, simultan, \u00eentre ele \u015fi cu privitorul, \u00eentr-un dialog al genera\u0163iilor \u015fi al viziunilor artistice.<!--more--><\/p>\n<p style=\"text-align: justify;\">&#8222;Este o \u015fans\u0103 s\u0103 fii contemporan cu frumosul \u00een stare pur\u0103. Dincolo de culori \u015fi forme se afl\u0103 experien\u0163\u0103 de via\u0163\u0103 lung\u0103 \u015fi durut\u0103, este iubire p\u0103tima\u015f\u0103 de\u00a0 oameni, este voin\u0163a de a-\u0163i dep\u0103\u015fi limitele impuse. Probabil c\u0103 acestea sunt ingredientele unor opere de art\u0103 perene, dar lor li se mai adaug\u0103 venera\u0163ia lui Iulian Vitalis Cojocariu pentru spiritul b\u0103n\u0103\u0163ean, pentru a\u015fez\u0103rile, oamenii, peisajele molcome ori mai fr\u0103m\u00e2ntate, precum sufletul locuitorilor s\u0103i. Un Banat sintetizat, un Banat care \u00eenseamn\u0103 pentru noi acas\u0103. Al\u0103turi de picturile minunate \u015fi at\u00e2t de expresive ale maestrului Cojocariu, o experien\u0163\u0103 inedit\u0103, fotogafiile Ioanei Cojocariu, fiica sa, absolvent\u0103 de Arte Plastice la Timi\u015foara \u015fi de Arte Fotografice \u00een Suedia. Studii umane, o lume nou\u0103 pentru suedezii \u00een\u015fi\u015fi, oameni a\u015feza\u0163i \u00een \u0163ara nordic\u0103 departe de obiceiurile lor, figuri aparte, construind din priviri o alt\u0103 existen\u0163\u0103. Fotografia\u0163i \u015fi \u00een\u0163ele\u015fi, la r\u00e2ndul ei, de o nou\u0103 cet\u0103\u0163ean\u0103 a acelei patrii. \u00centre vechi, arhaic, a\u015fezat \u015fi tulbur\u0103toare priviri \u00een c\u0103utare de echilibru \u015fi nevoia \u00eemp\u0103m\u00e2ntenirii, expozi\u0163ia \u201eSimultan\u201d devine eveniment, prilej de reflec\u0163ie, \u015fi, nu \u015ftiu de ce, de bucurie ad\u00e2nc\u0103 de a fi participat la vernisarea ei. Evenimentul a avut loc la Muzeul Banatului Montan din Re\u015fi\u0163a, \u015fi au participat nea\u015fteptat de mul\u0163i privitori \u015fi admiratori ai operei celor doi plasticieni, era doar 24 iulie, miez de var\u0103 \u015fi o zi fierbinte din toate punctele de vedere. Lume mult\u0103, lume bun\u0103, care a \u00een\u0163eles invita\u0163ia muzeului, gazda, \u015fi a organizatorului expozi\u0163iei, libr\u0103ria \u201eSemn de carte\u201d, cu at\u00e2t de inimo\u015fii so\u0163i Duca drept o provocare ce merit\u0103 toate sacrificiile. Au vorbit pe \u00eendelete, din suflet, Ada Cuceanu, critic \u015fi istoric literar \u015fi de art\u0103, Ioan Cocora, poet \u015fi editorul c\u0103r\u0163ii \u201ePaznicul cerului\u201d, care a fost lansat\u0103 \u00een a doua sa edi\u0163ie, o biografie a pictorului Cojocariu scris\u0103 \u00eempreun\u0103 cu Vasile Bogdan, Ioana Cojocariu cu m\u0103rturisiri emo\u0163ionante de dincolo de Marea Baltic\u0103, iar Vasile Bogdan a vorbit despre prietenie \u015fi trud\u0103, despre cum l-a \u00een\u0163eles cinematografic pe Bebe \u00een lunga lui c\u0103utare a adev\u0103rului. A recitat \u00een deschidere actri\u0163a Geta Pocea. Totul, sub calde \u00eenv\u0103luiri sentimentale ale doamnei Camelia Duca. Sub privirile \u00een\u0163eleg\u0103toare ale maestrului, s-au spus lucruri care merit\u0103 consemnate \u00eentr-o istorie a artelor plastice b\u0103n\u0103\u0163ene, m\u0103car. Expozi\u0163ia este deschis\u0103 p\u00e2n\u0103 \u00een 1 septembrie la Muzeul Banatului Montan \u015fi merit\u0103 efortul de a o str\u0103bate \u00een pas de suflet.&#8221; (Sunt p\u0103rerile lui Vasile Bogdan)<\/p>\n<p style=\"text-align: justify;\">Evenimentul a fost orgnizat de Muzeul Banatului Montan, Societatea pentru Cultur\u0103 METARSIS- activit\u0103\u0163i \u015fi servicii de cultur\u0103 urban\u0103 \u015fi art\u0103 contemporan\u0103 \u015fi\u00a0libr\u0103ria Semn de Carte.<\/p>\n<p style=\"text-align: justify;\"><a href=\"http:\/\/semndecarte.metarsis.ro\/wp-content\/uploads\/2013\/08\/Vernisaj-Bebe-Ioana_057.jpg\" rel=\"lightbox[8023]\"><img loading=\"lazy\" class=\"alignleft size-thumbnail wp-image-8037\" title=\"Vernisaj SIMULTAN\" src=\"http:\/\/semndecarte.metarsis.ro\/wp-content\/uploads\/2013\/08\/Vernisaj-Bebe-Ioana_057-95x95.jpg\" alt=\"\" width=\"95\" height=\"95\" \/><\/a><a style=\"font-size: 13px;\" href=\"http:\/\/semndecarte.metarsis.ro\/wp-content\/uploads\/2013\/08\/Vernisaj-Bebe-Ioana_003.jpg\" rel=\"lightbox[8023]\"><img loading=\"lazy\" class=\"alignleft size-thumbnail wp-image-8024\" style=\"font-size: 13px;\" title=\"Vernisaj SIMULTAN\" src=\"http:\/\/semndecarte.metarsis.ro\/wp-content\/uploads\/2013\/08\/Vernisaj-Bebe-Ioana_003-95x95.jpg\" alt=\"\" width=\"95\" height=\"95\" \/><\/a><a href=\"http:\/\/semndecarte.metarsis.ro\/wp-content\/uploads\/2013\/08\/Vernisaj-Bebe-Ioana_065.jpg\" rel=\"lightbox[8023]\"><img loading=\"lazy\" class=\"alignleft size-thumbnail wp-image-8038\" title=\"Vernisaj SIMULTAN\" src=\"http:\/\/semndecarte.metarsis.ro\/wp-content\/uploads\/2013\/08\/Vernisaj-Bebe-Ioana_065-95x95.jpg\" alt=\"\" width=\"95\" height=\"95\" \/><\/a><a href=\"http:\/\/semndecarte.metarsis.ro\/wp-content\/uploads\/2013\/08\/Vernisaj-Bebe-Ioana_050.jpg\" rel=\"lightbox[8023]\"><img loading=\"lazy\" class=\"alignleft size-thumbnail wp-image-8036\" title=\"Vernisaj SIMULTAN\" src=\"http:\/\/semndecarte.metarsis.ro\/wp-content\/uploads\/2013\/08\/Vernisaj-Bebe-Ioana_050-95x95.jpg\" alt=\"\" width=\"95\" height=\"95\" \/><\/a><a href=\"http:\/\/semndecarte.metarsis.ro\/wp-content\/uploads\/2013\/08\/Vernisaj-Bebe-Ioana_047.jpg\" rel=\"lightbox[8023]\"><img loading=\"lazy\" class=\"alignleft size-thumbnail wp-image-8035\" title=\"Vernisaj SIMULTAN\" src=\"http:\/\/semndecarte.metarsis.ro\/wp-content\/uploads\/2013\/08\/Vernisaj-Bebe-Ioana_047-95x95.jpg\" alt=\"\" width=\"95\" height=\"95\" \/><\/a><a href=\"http:\/\/semndecarte.metarsis.ro\/wp-content\/uploads\/2013\/08\/Vernisaj-Bebe-Ioana_035.jpg\" rel=\"lightbox[8023]\"><img loading=\"lazy\" class=\"alignleft size-thumbnail wp-image-8034\" title=\"Vernisaj SIMULTAN\" src=\"http:\/\/semndecarte.metarsis.ro\/wp-content\/uploads\/2013\/08\/Vernisaj-Bebe-Ioana_035-95x95.jpg\" alt=\"\" width=\"95\" height=\"95\" \/><\/a><a href=\"http:\/\/semndecarte.metarsis.ro\/wp-content\/uploads\/2013\/08\/Vernisaj-Bebe-Ioana_032.jpg\" rel=\"lightbox[8023]\"><img loading=\"lazy\" class=\"alignleft size-thumbnail wp-image-8033\" title=\"Vernisaj SIMULTAN\" src=\"http:\/\/semndecarte.metarsis.ro\/wp-content\/uploads\/2013\/08\/Vernisaj-Bebe-Ioana_032-95x95.jpg\" alt=\"\" width=\"95\" height=\"95\" \/><\/a><a href=\"http:\/\/semndecarte.metarsis.ro\/wp-content\/uploads\/2013\/08\/Vernisaj-Bebe-Ioana_030.jpg\" rel=\"lightbox[8023]\"><img loading=\"lazy\" class=\"alignleft size-thumbnail wp-image-8032\" title=\"Vernisaj SIMULTAN\" src=\"http:\/\/semndecarte.metarsis.ro\/wp-content\/uploads\/2013\/08\/Vernisaj-Bebe-Ioana_030-95x95.jpg\" alt=\"\" width=\"95\" height=\"95\" \/><\/a><a href=\"http:\/\/semndecarte.metarsis.ro\/wp-content\/uploads\/2013\/08\/Vernisaj-Bebe-Ioana_012.jpg\" rel=\"lightbox[8023]\"><img loading=\"lazy\" class=\"alignleft size-thumbnail wp-image-8028\" title=\"Vernisaj SIMULTAN\" src=\"http:\/\/semndecarte.metarsis.ro\/wp-content\/uploads\/2013\/08\/Vernisaj-Bebe-Ioana_012-95x95.jpg\" alt=\"\" width=\"95\" height=\"95\" \/><\/a><a href=\"http:\/\/semndecarte.metarsis.ro\/wp-content\/uploads\/2013\/08\/Vernisaj-Bebe-Ioana_027.jpg\" rel=\"lightbox[8023]\"><img loading=\"lazy\" class=\"alignleft size-thumbnail wp-image-8031\" title=\"Vernisaj SIMULTAN\" src=\"http:\/\/semndecarte.metarsis.ro\/wp-content\/uploads\/2013\/08\/Vernisaj-Bebe-Ioana_027-95x95.jpg\" alt=\"\" width=\"95\" height=\"95\" \/><\/a><a href=\"http:\/\/semndecarte.metarsis.ro\/wp-content\/uploads\/2013\/08\/Vernisaj-Bebe-Ioana_025.jpg\" rel=\"lightbox[8023]\"><img loading=\"lazy\" class=\"alignleft size-thumbnail wp-image-8030\" title=\"Vernisaj SIMULTAN\" src=\"http:\/\/semndecarte.metarsis.ro\/wp-content\/uploads\/2013\/08\/Vernisaj-Bebe-Ioana_025-95x95.jpg\" alt=\"\" width=\"95\" height=\"95\" \/><\/a><a href=\"http:\/\/semndecarte.metarsis.ro\/wp-content\/uploads\/2013\/08\/Vernisaj-Bebe-Ioana_009.jpg\" rel=\"lightbox[8023]\"><img loading=\"lazy\" class=\"alignleft size-thumbnail wp-image-8027\" title=\"Vernisaj SIMULTAN\" src=\"http:\/\/semndecarte.metarsis.ro\/wp-content\/uploads\/2013\/08\/Vernisaj-Bebe-Ioana_009-95x95.jpg\" alt=\"\" width=\"95\" height=\"95\" \/><\/a><a href=\"http:\/\/semndecarte.metarsis.ro\/wp-content\/uploads\/2013\/08\/Vernisaj-Bebe-Ioana_017.jpg\" rel=\"lightbox[8023]\"><img loading=\"lazy\" class=\"alignleft size-thumbnail wp-image-8029\" title=\"Vernisaj SIMULTAN\" src=\"http:\/\/semndecarte.metarsis.ro\/wp-content\/uploads\/2013\/08\/Vernisaj-Bebe-Ioana_017-95x95.jpg\" alt=\"\" width=\"95\" height=\"95\" \/><\/a><a href=\"http:\/\/semndecarte.metarsis.ro\/wp-content\/uploads\/2013\/08\/Vernisaj-Bebe-Ioana_007.jpg\" rel=\"lightbox[8023]\"><img loading=\"lazy\" class=\"alignleft size-thumbnail wp-image-8026\" title=\"Vernisaj SIMULTAN\" src=\"http:\/\/semndecarte.metarsis.ro\/wp-content\/uploads\/2013\/08\/Vernisaj-Bebe-Ioana_007-95x95.jpg\" alt=\"\" width=\"95\" height=\"95\" \/><\/a><a href=\"http:\/\/semndecarte.metarsis.ro\/wp-content\/uploads\/2013\/08\/Vernisaj-Bebe-Ioana_004.jpg\" rel=\"lightbox[8023]\"><img loading=\"lazy\" class=\"alignleft size-thumbnail wp-image-8025\" title=\"Vernisaj SIMULTAN\" src=\"http:\/\/semndecarte.metarsis.ro\/wp-content\/uploads\/2013\/08\/Vernisaj-Bebe-Ioana_004-95x95.jpg\" alt=\"\" width=\"95\" height=\"95\" \/><\/a><\/p>\n","protected":false},"excerpt":{"rendered":"<p>Miercuri, 24 iulie 2013. orele 18:30, la Muzeul Banatului Montan a fost vernisat\u0103 SIMULTAN, expozi\u0163ia de art\u0103 vizual\u0103 av\u00e2ndu-i ca protagoni\u015fti pe Iulian Vitalis Cojocariu \u015fi Ioana Cojocariu. Prima oar\u0103, tat\u0103 \u015fi fiic\u0103, expun \u00eempreun\u0103.Tata- pictur\u0103, fiica instala\u0163ie video \u015fi fotografie. Dou\u0103 procese artistice total diferite, dou\u0103 personalit\u0103\u0163i bine definite, comunic\u0103 creativ, conceptual, simultan, \u00eentre ele \u015fi cu privitorul, \u00eentr-un dialog al genera\u0163iilor \u015fi al viziunilor artistice.<\/p>\n","protected":false},"author":1,"featured_media":0,"comment_status":"open","ping_status":"open","sticky":false,"template":"","format":"standard","meta":[],"categories":[7],"tags":[241],"_links":{"self":[{"href":"https:\/\/semndecarte.metarsis.ro\/index.php?rest_route=\/wp\/v2\/posts\/8023"}],"collection":[{"href":"https:\/\/semndecarte.metarsis.ro\/index.php?rest_route=\/wp\/v2\/posts"}],"about":[{"href":"https:\/\/semndecarte.metarsis.ro\/index.php?rest_route=\/wp\/v2\/types\/post"}],"author":[{"embeddable":true,"href":"https:\/\/semndecarte.metarsis.ro\/index.php?rest_route=\/wp\/v2\/users\/1"}],"replies":[{"embeddable":true,"href":"https:\/\/semndecarte.metarsis.ro\/index.php?rest_route=%2Fwp%2Fv2%2Fcomments&post=8023"}],"version-history":[{"count":0,"href":"https:\/\/semndecarte.metarsis.ro\/index.php?rest_route=\/wp\/v2\/posts\/8023\/revisions"}],"wp:attachment":[{"href":"https:\/\/semndecarte.metarsis.ro\/index.php?rest_route=%2Fwp%2Fv2%2Fmedia&parent=8023"}],"wp:term":[{"taxonomy":"category","embeddable":true,"href":"https:\/\/semndecarte.metarsis.ro\/index.php?rest_route=%2Fwp%2Fv2%2Fcategories&post=8023"},{"taxonomy":"post_tag","embeddable":true,"href":"https:\/\/semndecarte.metarsis.ro\/index.php?rest_route=%2Fwp%2Fv2%2Ftags&post=8023"}],"curies":[{"name":"wp","href":"https:\/\/api.w.org\/{rel}","templated":true}]}}