{"id":8005,"date":"2013-07-20T21:14:12","date_gmt":"2013-07-20T19:14:12","guid":{"rendered":"http:\/\/semndecarte.metarsis.ro\/?p=8005"},"modified":"2013-07-22T00:40:42","modified_gmt":"2013-07-21T22:40:42","slug":"bruxelles-resita-viatimisoara","status":"publish","type":"post","link":"https:\/\/semndecarte.metarsis.ro\/?p=8005","title":{"rendered":"Bruxelles- Re\u015fi\u0163a, viaTimi\u015foara"},"content":{"rendered":"<p style=\"text-align: justify;\"><span style=\"font-size: 13px; line-height: 1.3;\"><a href=\"http:\/\/semndecarte.metarsis.ro\/wp-content\/uploads\/2013\/07\/Spectacol-de-strada.jpg\" rel=\"lightbox[8005]\"><img loading=\"lazy\" class=\"alignleft size-full wp-image-8006\" title=\"Spectacol de strada\" src=\"http:\/\/semndecarte.metarsis.ro\/wp-content\/uploads\/2013\/07\/Spectacol-de-strada.jpg\" alt=\"\" width=\"520\" height=\"200\" srcset=\"https:\/\/semndecarte.metarsis.ro\/wp-content\/uploads\/2013\/07\/Spectacol-de-strada.jpg 520w, https:\/\/semndecarte.metarsis.ro\/wp-content\/uploads\/2013\/07\/Spectacol-de-strada-160x61.jpg 160w, https:\/\/semndecarte.metarsis.ro\/wp-content\/uploads\/2013\/07\/Spectacol-de-strada-163x62.jpg 163w\" sizes=\"(max-width: 520px) 100vw, 520px\" \/><\/a>Joi, 18 iulie 2013, la Re\u015fi\u0163a a avut loc, \u00een premier\u0103, un spectacol de strad\u0103. C\u00e2rcota\u015fii ar putea afirma c\u0103 spectacole de strada s-au mai f\u0103cut la Re\u015fi\u0163a, g\u00e2ndindu-se la parade sau la concerte \u00een aer liber. \u201eUn spectacol de strad\u0103 trebuie g\u00e2ndit pentru publicul care trece, s\u0103 \u00eencorporezi toate zgomotele str\u0103zii, ambian\u0163a, lucrurile pe care nu le-am luat \u00een considerare.\u00a0Am admirat mereu genul \u0103sta de manifestare\u201d (Florin Piersic jr.). Peste tot \u00een lume, \u00een ora\u015fele mai mari sau mai mici, spectacolele de strad\u0103 au un rol bine definit, d\u00e2nd identitate, marc\u00e2nd \u015fi p\u0103str\u00e2nd amprenta cultural\u0103.\u00a0Sunt manifest\u0103ri care dau via\u0163\u0103 spa\u0163iului public. A\u015fa a fost cel de joi. Antrenant \u015fi viu.<!--more--><\/span><\/p>\n<p style=\"text-align: justify;\">\u00cen societate consumist\u0103 \u00een care tr\u0103im \u015fi ne educ\u0103m copiii, adaptabilitatea \u0219i creativitatea sunt esen\u0163iale. Fiecare dintre noi are ceva de oferit celuilalt iar \u00eempreun\u0103 putem g\u0103si pun\u0163i de comunicare \u015fi ini\u0163iative comune. \u00cempreun\u0103 putem face\u00a0\u00a0societatea mai bun\u0103. Putem \u00eencuraja exprimarea liber\u0103, imagina\u0163ia \u015fi creativitatea, putem petrece mai mult timp \u00eempreun\u0103.<\/p>\n<p style=\"text-align: justify;\">Joi seara, 12 belgieni \u015fi 12 rom\u00e2ni (\u00eentre care \u0219i 5 re\u015fi\u0163eni) au oferit trec\u0103torilor din Parcul Pia\u0163a Tricolorului din Re\u015fi\u0163a un spectacol de strada sub genericul \u201cCirc contact\u201d. Un spectacol conceput, regizat \u015fi jucat de ei. Tinerii, cuprin\u015fi \u00een proiectul european \u201cSocial dialog trought circus\u201d (Dialog social prin circ) ini\u0163iat de Organiza\u0163ia Pentru Art\u0103 \u015fi Cultur\u0103 din Timi\u015foara \u015fi L\u2019 Ecole de cirque de Bruxelles\u2013 Belgia au urmat un stagiu de 7 zile \u00een Belgia \u015fi 7 \u00een Rom\u00e2nia,\u00a0\u00a0promov\u00e2nd prin spectacole de strad\u0103 sus\u0163inute la Bruxelles, Timi\u015foara \u015fi iat\u0103, la Re\u015fi\u0163a, tehnici de educa\u0163ie non-formal\u0103.<\/p>\n<p style=\"text-align: justify;\">La Re\u015fi\u0163a spectacolul a fost precedat de ateliere de jonglerie, acroba\u0163ie \u015fi echilibru.<\/p>\n<p style=\"text-align: justify;\">Beneficiarii au fost, \u00een special, copiii prezen\u0163i \u00een parc al\u0103turi de p\u0103rin\u0163i \u015fi bunici. La \u00eenceput timizi apoi din ce \u00een ce mai curajo\u015fi\u00a0\u00a0au jonglat cu diabolo, cercuri, bile \u015fi m\u0103ciuci, au mers pe minge mare \u015fi, mai ales, au \u00eencercat mersul pe s\u00e2rm\u0103, supravegea\u0163i atent de organizatori \u015fi p\u0103rin\u0163i.<\/p>\n<p style=\"text-align: justify;\">O experien\u0163a inedit\u0103 pe care, conform celor spuse, doresc s\u0103 o repete.<\/p>\n<p style=\"text-align: justify;\">Tomaso, Zara, Hellene, Michill, Nico, Luca, Schumi, Claire, Lea, Juliette, Gladies, Moni, Mima, Manu, \u0218tefan, Ana, Ian, Cristina, Peril, \u00eempreuna cu Uca, Imi \u0219i Vetzi au adus bucuria spectacolului \u015fi exuberan\u0163a tinere\u0163ii de la Bruxelles la Re\u015fi\u0163a, via Timi\u015foara.<\/p>\n<p style=\"text-align: justify;\">Eveniment marca\u00a0\u00a0Metarsis- activit\u0103\u0163i \u015fi servicii de cultur\u0103 urban\u0103 \u015fi art\u0103 contemporan\u0103 \u00een parteneriat cu OPAC\u00a0\u00a0Timi\u015foara, L\u2019ecole de Cirque de Bruxelles \u015fi libr\u0103ria Semn de Carte, \u00een colaborare cu Prim\u0103ria Re\u015fi\u0163a.<\/p>\n<p style=\"text-align: justify;\"><a href=\"http:\/\/semndecarte.metarsis.ro\/wp-content\/uploads\/2013\/07\/012.jpg\" rel=\"lightbox[8005]\"><img loading=\"lazy\" class=\"alignleft size-thumbnail wp-image-8008\" title=\"Spectacol de strada\" src=\"http:\/\/semndecarte.metarsis.ro\/wp-content\/uploads\/2013\/07\/012-95x95.jpg\" alt=\"\" width=\"95\" height=\"95\" \/><\/a><a href=\"http:\/\/semndecarte.metarsis.ro\/wp-content\/uploads\/2013\/07\/022.jpg\" rel=\"lightbox[8005]\"><img loading=\"lazy\" class=\"alignleft size-thumbnail wp-image-8009\" title=\"Spectacol de strada\" src=\"http:\/\/semndecarte.metarsis.ro\/wp-content\/uploads\/2013\/07\/022-95x95.jpg\" alt=\"\" width=\"95\" height=\"95\" \/><\/a><a href=\"http:\/\/semndecarte.metarsis.ro\/wp-content\/uploads\/2013\/07\/032.jpg\" rel=\"lightbox[8005]\"><img loading=\"lazy\" class=\"alignleft size-thumbnail wp-image-8010\" title=\"Spectacol de strada\" src=\"http:\/\/semndecarte.metarsis.ro\/wp-content\/uploads\/2013\/07\/032-95x95.jpg\" alt=\"\" width=\"95\" height=\"95\" \/><\/a><a href=\"http:\/\/semndecarte.metarsis.ro\/wp-content\/uploads\/2013\/07\/042.jpg\" rel=\"lightbox[8005]\"><img loading=\"lazy\" class=\"alignleft size-thumbnail wp-image-8011\" title=\"Spectacol de strada\" src=\"http:\/\/semndecarte.metarsis.ro\/wp-content\/uploads\/2013\/07\/042-95x95.jpg\" alt=\"\" width=\"95\" height=\"95\" \/><\/a><a href=\"http:\/\/semndecarte.metarsis.ro\/wp-content\/uploads\/2013\/07\/052.jpg\" rel=\"lightbox[8005]\"><img loading=\"lazy\" class=\"alignleft size-thumbnail wp-image-8012\" title=\"Spectacol de strada\" src=\"http:\/\/semndecarte.metarsis.ro\/wp-content\/uploads\/2013\/07\/052-95x95.jpg\" alt=\"\" width=\"95\" height=\"95\" \/><\/a><a href=\"http:\/\/semndecarte.metarsis.ro\/wp-content\/uploads\/2013\/07\/062.jpg\" rel=\"lightbox[8005]\"><img loading=\"lazy\" class=\"alignleft size-thumbnail wp-image-8013\" title=\"Spectacol de strada\" src=\"http:\/\/semndecarte.metarsis.ro\/wp-content\/uploads\/2013\/07\/062-95x95.jpg\" alt=\"\" width=\"95\" height=\"95\" \/><\/a><a href=\"http:\/\/semndecarte.metarsis.ro\/wp-content\/uploads\/2013\/07\/072.jpg\" rel=\"lightbox[8005]\"><img loading=\"lazy\" class=\"alignleft size-thumbnail wp-image-8014\" title=\"Spectacol de strada\" src=\"http:\/\/semndecarte.metarsis.ro\/wp-content\/uploads\/2013\/07\/072-95x95.jpg\" alt=\"\" width=\"95\" height=\"95\" \/><\/a><a href=\"http:\/\/semndecarte.metarsis.ro\/wp-content\/uploads\/2013\/07\/082.jpg\" rel=\"lightbox[8005]\"><img loading=\"lazy\" class=\"alignleft size-thumbnail wp-image-8015\" title=\"Spectacol de strada\" src=\"http:\/\/semndecarte.metarsis.ro\/wp-content\/uploads\/2013\/07\/082-95x95.jpg\" alt=\"\" width=\"95\" height=\"95\" \/><\/a><a href=\"http:\/\/semndecarte.metarsis.ro\/wp-content\/uploads\/2013\/07\/092.jpg\" rel=\"lightbox[8005]\"><img loading=\"lazy\" class=\"alignleft size-thumbnail wp-image-8016\" title=\"Spectacol de strada\" src=\"http:\/\/semndecarte.metarsis.ro\/wp-content\/uploads\/2013\/07\/092-95x95.jpg\" alt=\"\" width=\"95\" height=\"95\" \/><\/a><a href=\"http:\/\/semndecarte.metarsis.ro\/wp-content\/uploads\/2013\/07\/102.jpg\" rel=\"lightbox[8005]\"><img loading=\"lazy\" class=\"alignleft size-thumbnail wp-image-8017\" title=\"Spectacol de strada\" src=\"http:\/\/semndecarte.metarsis.ro\/wp-content\/uploads\/2013\/07\/102-95x95.jpg\" alt=\"\" width=\"95\" height=\"95\" \/><iframe src=\"http:\/\/www.youtube.com\/embed\/yXrqr9DXAXE\" frameborder=\"0\" align=\"left\" width=\"520\" height=\"428\"><\/iframe><\/a><\/p>\n","protected":false},"excerpt":{"rendered":"<p>Joi, 18 iulie 2013, laRe\u015fi\u0163aa avut loc, \u00een premier\u0103, un spectacol de strad\u0103. C\u00e2rcota\u015fii ar putea afirma c\u0103 spectacole de strada s-au mai f\u0103cut laRe\u015fi\u0163a, g\u00e2ndindu-se la parade sau la concerte \u00een aer liber. \u201eUn spectacol de strad\u0103 trebuie g\u00e2ndit pentru publicul care trece, s\u0103 \u00eencorporezi toate zgomotele str\u0103zii, ambian\u0163a, lucrurile pe care nu le-am luat \u00een considerare. Am admirat mereu genul \u0103sta de manifestare\u201d (Florin Piersic jr.). Peste tot \u00een lume, \u00een ora\u015fele mai mari sau mai mici, spectacolele de strad\u0103 au un rol bine definit, d\u00e2nd identitate, marc\u00e2nd \u015fi p\u0103str\u00e2nd amprenta cultural\u0103. Sunt manifest\u0103ri care dau via\u0163\u0103 spa\u0163iului public. A\u015fa a fost cel de joi. Antrenant \u015fi viu<\/p>\n","protected":false},"author":1,"featured_media":0,"comment_status":"open","ping_status":"open","sticky":false,"template":"","format":"standard","meta":[],"categories":[7],"tags":[384,385],"_links":{"self":[{"href":"https:\/\/semndecarte.metarsis.ro\/index.php?rest_route=\/wp\/v2\/posts\/8005"}],"collection":[{"href":"https:\/\/semndecarte.metarsis.ro\/index.php?rest_route=\/wp\/v2\/posts"}],"about":[{"href":"https:\/\/semndecarte.metarsis.ro\/index.php?rest_route=\/wp\/v2\/types\/post"}],"author":[{"embeddable":true,"href":"https:\/\/semndecarte.metarsis.ro\/index.php?rest_route=\/wp\/v2\/users\/1"}],"replies":[{"embeddable":true,"href":"https:\/\/semndecarte.metarsis.ro\/index.php?rest_route=%2Fwp%2Fv2%2Fcomments&post=8005"}],"version-history":[{"count":0,"href":"https:\/\/semndecarte.metarsis.ro\/index.php?rest_route=\/wp\/v2\/posts\/8005\/revisions"}],"wp:attachment":[{"href":"https:\/\/semndecarte.metarsis.ro\/index.php?rest_route=%2Fwp%2Fv2%2Fmedia&parent=8005"}],"wp:term":[{"taxonomy":"category","embeddable":true,"href":"https:\/\/semndecarte.metarsis.ro\/index.php?rest_route=%2Fwp%2Fv2%2Fcategories&post=8005"},{"taxonomy":"post_tag","embeddable":true,"href":"https:\/\/semndecarte.metarsis.ro\/index.php?rest_route=%2Fwp%2Fv2%2Ftags&post=8005"}],"curies":[{"name":"wp","href":"https:\/\/api.w.org\/{rel}","templated":true}]}}