{"id":7888,"date":"2013-06-17T20:16:23","date_gmt":"2013-06-17T18:16:23","guid":{"rendered":"http:\/\/semndecarte.metarsis.ro\/?p=7888"},"modified":"2013-06-17T20:16:23","modified_gmt":"2013-06-17T18:16:23","slug":"expo-fotogafie","status":"publish","type":"post","link":"https:\/\/semndecarte.metarsis.ro\/?p=7888","title":{"rendered":"Expo fotogafie"},"content":{"rendered":"<p><!--[if gte mso 9]><xml>\n<w:WordDocument>\n<w:View>Normal<\/w:View>\n<w:Zoom>0<\/w:Zoom>\n<w:PunctuationKerning\/>\n<w:ValidateAgainstSchemas\/>\n<w:SaveIfXMLInvalid>false<\/w:SaveIfXMLInvalid>\n<w:IgnoreMixedContent>false<\/w:IgnoreMixedContent>\n<w:AlwaysShowPlaceholderText>false<\/w:AlwaysShowPlaceholderText>\n<w:Compatibility>\n<w:BreakWrappedTables\/>\n<w:SnapToGridInCell\/>\n<w:WrapTextWithPunct\/>\n<w:UseAsianBreakRules\/>\n<w:DontGrowAutofit\/>\n<\/w:Compatibility>\n<w:BrowserLevel>MicrosoftInternetExplorer4<\/w:BrowserLevel>\n<\/w:WordDocument>\n<\/xml><![endif]--><\/p>\n<p><!--[if gte mso 9]><xml>\n<w:LatentStyles DefLockedState=\"false\" LatentStyleCount=\"156\">\n<\/w:LatentStyles>\n<\/xml><![endif]--><!--[if gte mso 10]>\n\n\n\n<style>\n \/* Style Definitions *\/\n table.MsoNormalTable\n\t{mso-style-name:\"Table Normal\";\n\tmso-tstyle-rowband-size:0;\n\tmso-tstyle-colband-size:0;\n\tmso-style-noshow:yes;\n\tmso-style-parent:\"\";\n\tmso-padding-alt:0cm 5.4pt 0cm 5.4pt;\n\tmso-para-margin:0cm;\n\tmso-para-margin-bottom:.0001pt;\n\tmso-pagination:widow-orphan;\n\tfont-size:10.0pt;\n\tfont-family:\"Times New Roman\";\n\tmso-ansi-language:#0400;\n\tmso-fareast-language:#0400;\n\tmso-bidi-language:#0400;}\n<\/style>\n\n<![endif]--><\/p>\n<p class=\"MsoNormal\" style=\"text-align: justify;\"><strong>Francisc Hipp (1932-2009)<\/strong><\/p>\n<p class=\"MsoNormal\" style=\"text-align: justify;\"><a href=\"http:\/\/semndecarte.metarsis.ro\/wp-content\/uploads\/2013\/06\/cop1.jpg\" rel=\"lightbox[7888]\"><img loading=\"lazy\" class=\"alignleft size-full wp-image-7892\" title=\"Vernisaj\" src=\"http:\/\/semndecarte.metarsis.ro\/wp-content\/uploads\/2013\/06\/cop1.jpg\" alt=\"\" width=\"520\" height=\"200\" srcset=\"https:\/\/semndecarte.metarsis.ro\/wp-content\/uploads\/2013\/06\/cop1.jpg 520w, https:\/\/semndecarte.metarsis.ro\/wp-content\/uploads\/2013\/06\/cop1-160x61.jpg 160w, https:\/\/semndecarte.metarsis.ro\/wp-content\/uploads\/2013\/06\/cop1-163x62.jpg 163w\" sizes=\"(max-width: 520px) 100vw, 520px\" \/><\/a><\/p>\n<p class=\"MsoNormal\" style=\"text-align: justify;\">\u201cA fotografia a fost marele meu hobby. Acum sunt uimit c\u00e2t de multe ustensile s-au adunat \u00een decursul anilor. Privesc cu drag fiecare &lt;obiect de inventar&gt; care m-a slujit cu credin<span style=\"font-family: Tahoma;\">\u021b<\/span>\u0103 at\u00e2<span style=\"font-family: Tahoma;\">\u021b<\/span>ia ani. \u00cen domeniul fotografiilor s-au f\u0103cut progrese mari\u2026 Cele c\u00e2teva obiective foto, lentile, inele intermediare, filtre, solu<span style=\"font-family: Tahoma;\">\u021b<\/span>ii revelator- fixator, personal\u00a0preparate, exponometru, stativ, doze de developat, t\u0103vi de diferite dimensiuni, aparat de m\u0103rit\u2026 <span style=\"font-family: Tahoma;\">\u0219<\/span>i multe altele\u2026 Toate \u00eemi ocup\u0103\u00a0 spa<span style=\"font-family: Tahoma;\">\u021b<\/span>iul bibliotecii. Nu m\u0103 \u00eendur s\u0103 m\u0103 despart de ele <!--more-->pentru c\u0103 mi-au fost prieteni fideli mul<span style=\"font-family: Tahoma;\">\u021b<\/span>i ani. Am petrecut ore multe \u00een camera obscur\u0103, \u00een mirosul puternic, \u00een<span style=\"font-family: Tahoma;\">\u021b<\/span>epator, al solu<span style=\"font-family: Tahoma;\">\u021b<\/span>iilor de developat, evit\u00e2nd orice raz\u0103 de lumin\u0103, \u00eenconjurat total de \u00eentuneric ca \u00eentr-un cavou. Ce progres ast\u0103zi\u2026 Cu un aparat digital fotografia se poate vedea imediat, se poate relua <span style=\"font-family: Tahoma;\">\u0219<\/span>i trimite lumii \u00eentregi prin Internet\u2026 Chiar acum iau \u00een m\u00e2n\u0103 primul meu aparat de fotografiat, \u00eel <span style=\"font-family: Tahoma;\">\u0219<\/span>terg de praf cu drag \u00een timp ce amintirile m\u0103 coplesesc\u2026 T\u00e2n\u0103r fiind am economisit timp \u00eendelungat renun<span style=\"font-family: Tahoma;\">\u021b<\/span>\u00e2nd la multe lucruri pentru a-mi putea cump\u0103ra acest aparat foto. Cunoscusem o fata blond\u0103 cu ochi alba<span style=\"font-family: Tahoma;\">\u0219<\/span>tri, cozi groase <span style=\"font-family: Tahoma;\">\u0219<\/span>i z\u00e2mbet cald\u2026 \u00cemi doream s\u0103 fotografiez acei ochi str\u0103lucitori\u2026 L-am cump\u0103rat, am plecat imediat \u00een Retezat <span style=\"font-family: Tahoma;\">\u0219<\/span>i, acolo sus, i-am f\u0103cut prima fotografie. A mai fost un minunat r\u0103s\u0103rit de soare potrivit perfect cu tinere<span style=\"font-family: Tahoma;\">\u021b<\/span>ea noastr\u0103 de atunci\u2026 Fotografia fetei st\u0103 <span style=\"font-family: Tahoma;\">\u0219<\/span>i azi \u00een camera mea\u2026 C\u0103ile Domnului sau soarta sunt de nep\u0103truns, unesc sau despart destine\u2026 \u00cemi pun aparatul la loc. <span style=\"mso-ansi-language: DE;\" lang=\"DE\">Privesc \u00eenc\u0103 o dat\u0103 spre fotografia fetei blonde din trecut\u2026 <\/span>O voce cald\u0103 m\u0103 cheam\u0103 la cina. In cadrul u<span style=\"font-family: Tahoma;\">\u0219<\/span>ii st\u0103 so<span style=\"font-family: Tahoma;\">\u021b<\/span>ia mea. Fata blond\u0103 are deja p\u0103rul gri. Ochii au r\u0103mas aceia<span style=\"font-family: Tahoma;\">\u0219<\/span>i\u2026 E deja sear\u0103 <span style=\"font-family: Tahoma;\">\u0219<\/span>i o ultim\u0103 raz\u0103 de soare m\u00e2ng\u00e2ie, \u00eenca o dat\u0103, fotografia fetei blonde\u2026\u201d\u00a0Aceasta este m\u0103rturisirea f\u0103cut\u0103, de dincolo de moarte, <span style=\"font-family: Tahoma;\">\u0219<\/span>i scris\u0103 \u00eentr-un moment greu- atunci c\u00e2nd a aflat un diagnostic necru<span style=\"font-family: Tahoma;\">\u021b<\/span>\u0103tor, de protagonistul expozi<span style=\"font-family: Tahoma;\">\u021b<\/span>iei retrospective, Francisc Hipp <span style=\"font-family: Tahoma;\">\u0219<\/span>i preg\u0103tit\u0103, cu migal\u0103, de so<span style=\"font-family: Tahoma;\">\u021b<\/span>ia sa, fata blonda cu ochi alba<span style=\"font-family: Tahoma;\">\u0219<\/span>tri si cu suflet cald- Elisabeta Hipp, dup\u0103 o c\u0103snicie de 47 de ani.<\/p>\n<p class=\"MsoNormal\" style=\"text-align: justify;\">Fotografii excelente \u00eentr-o expozi<span style=\"font-family: Tahoma;\">\u021b<\/span>ie organizat\u0103 de Societatea pentru Cultur\u0103 Metarsis <span style=\"font-family: Tahoma;\">\u0219<\/span>i Forunul Democratic al Germanilor din Banatul Montan al c\u0103rui pre<span style=\"font-family: Tahoma;\">\u0219<\/span>edinte, Erwin Josef <span style=\"font-family: Tahoma;\">\u021a<\/span>igla a citit, \u00een premier\u0103, fragmente din autobiografia lui Francisc Hipp \u00een care stau m\u0103rturisiri despre una dintre personalit\u0103<span style=\"font-family: Tahoma;\">\u021b<\/span>ile Banatului Montan, Alexander Tietz.<\/p>\n<p class=\"MsoNormal\" style=\"text-align: justify;\"><a href=\"http:\/\/semndecarte.metarsis.ro\/wp-content\/uploads\/2013\/06\/41.jpg\" rel=\"lightbox[7888]\"><img loading=\"lazy\" class=\"alignleft size-thumbnail wp-image-7896\" title=\"Vernisaj\" src=\"http:\/\/semndecarte.metarsis.ro\/wp-content\/uploads\/2013\/06\/41-95x95.jpg\" alt=\"\" width=\"95\" height=\"95\" \/><\/a><a href=\"http:\/\/semndecarte.metarsis.ro\/wp-content\/uploads\/2013\/06\/14.jpg\" rel=\"lightbox[7888]\"><img loading=\"lazy\" class=\"alignleft size-thumbnail wp-image-7893\" title=\"Vernisaj\" src=\"http:\/\/semndecarte.metarsis.ro\/wp-content\/uploads\/2013\/06\/14-95x95.jpg\" alt=\"\" width=\"95\" height=\"95\" \/><\/a><a href=\"http:\/\/semndecarte.metarsis.ro\/wp-content\/uploads\/2013\/06\/3.jpg\" rel=\"lightbox[7888]\"><img loading=\"lazy\" class=\"alignleft size-thumbnail wp-image-7895\" title=\"Vernisaj\" src=\"http:\/\/semndecarte.metarsis.ro\/wp-content\/uploads\/2013\/06\/3-95x95.jpg\" alt=\"\" width=\"95\" height=\"95\" \/><\/a><a href=\"http:\/\/semndecarte.metarsis.ro\/wp-content\/uploads\/2013\/06\/51.jpg\" rel=\"lightbox[7888]\"><img loading=\"lazy\" class=\"alignleft size-thumbnail wp-image-7897\" title=\"Vernisaj\" src=\"http:\/\/semndecarte.metarsis.ro\/wp-content\/uploads\/2013\/06\/51-95x95.jpg\" alt=\"\" width=\"95\" height=\"95\" \/><\/a><a href=\"http:\/\/semndecarte.metarsis.ro\/wp-content\/uploads\/2013\/06\/21.jpg\" rel=\"lightbox[7888]\"><img loading=\"lazy\" class=\"alignleft size-thumbnail wp-image-7894\" title=\"Vernisaj\" src=\"http:\/\/semndecarte.metarsis.ro\/wp-content\/uploads\/2013\/06\/21-95x95.jpg\" alt=\"\" width=\"95\" height=\"95\" \/><\/a><\/p>\n","protected":false},"excerpt":{"rendered":"<p>Fotografii excelente \u00eentr-o expozi\u021bie organizat\u0103 de Societatea pentru Cultur\u0103 Metarsis \u0219i Forunul Democratic al Germanilor din Banatul Montan al c\u0103rui pre\u0219edinte, Erwin Josef \u021aigla a citit, \u00een premier\u0103, fragmente din autobiografia lui Francisc Hipp \u00een care stau m\u0103rturisiri despre una dintre personalit\u0103\u021bile Banatului Montan, Alexander Tietz.<\/p>\n","protected":false},"author":1,"featured_media":0,"comment_status":"open","ping_status":"open","sticky":false,"template":"","format":"standard","meta":[],"categories":[7],"tags":[348],"_links":{"self":[{"href":"https:\/\/semndecarte.metarsis.ro\/index.php?rest_route=\/wp\/v2\/posts\/7888"}],"collection":[{"href":"https:\/\/semndecarte.metarsis.ro\/index.php?rest_route=\/wp\/v2\/posts"}],"about":[{"href":"https:\/\/semndecarte.metarsis.ro\/index.php?rest_route=\/wp\/v2\/types\/post"}],"author":[{"embeddable":true,"href":"https:\/\/semndecarte.metarsis.ro\/index.php?rest_route=\/wp\/v2\/users\/1"}],"replies":[{"embeddable":true,"href":"https:\/\/semndecarte.metarsis.ro\/index.php?rest_route=%2Fwp%2Fv2%2Fcomments&post=7888"}],"version-history":[{"count":0,"href":"https:\/\/semndecarte.metarsis.ro\/index.php?rest_route=\/wp\/v2\/posts\/7888\/revisions"}],"wp:attachment":[{"href":"https:\/\/semndecarte.metarsis.ro\/index.php?rest_route=%2Fwp%2Fv2%2Fmedia&parent=7888"}],"wp:term":[{"taxonomy":"category","embeddable":true,"href":"https:\/\/semndecarte.metarsis.ro\/index.php?rest_route=%2Fwp%2Fv2%2Fcategories&post=7888"},{"taxonomy":"post_tag","embeddable":true,"href":"https:\/\/semndecarte.metarsis.ro\/index.php?rest_route=%2Fwp%2Fv2%2Ftags&post=7888"}],"curies":[{"name":"wp","href":"https:\/\/api.w.org\/{rel}","templated":true}]}}