{"id":7861,"date":"2013-06-13T22:04:44","date_gmt":"2013-06-13T20:04:44","guid":{"rendered":"http:\/\/semndecarte.metarsis.ro\/?p=7861"},"modified":"2013-06-13T22:04:44","modified_gmt":"2013-06-13T20:04:44","slug":"jacob-neubauer","status":"publish","type":"post","link":"https:\/\/semndecarte.metarsis.ro\/?p=7861","title":{"rendered":"\u201eJacob Neubauer\u201c"},"content":{"rendered":"<p><!--[if gte mso 9]><xml>\n<w:WordDocument>\n<w:View>Normal<\/w:View>\n<w:Zoom>0<\/w:Zoom>\n<w:PunctuationKerning\/>\n<w:ValidateAgainstSchemas\/>\n<w:SaveIfXMLInvalid>false<\/w:SaveIfXMLInvalid>\n<w:IgnoreMixedContent>false<\/w:IgnoreMixedContent>\n<w:AlwaysShowPlaceholderText>false<\/w:AlwaysShowPlaceholderText>\n<w:Compatibility>\n<w:BreakWrappedTables\/>\n<w:SnapToGridInCell\/>\n<w:WrapTextWithPunct\/>\n<w:UseAsianBreakRules\/>\n<w:DontGrowAutofit\/>\n<\/w:Compatibility>\n<w:BrowserLevel>MicrosoftInternetExplorer4<\/w:BrowserLevel>\n<\/w:WordDocument>\n<\/xml><![endif]--><\/p>\n<p><!--[if gte mso 9]><xml>\n<w:LatentStyles DefLockedState=\"false\" LatentStyleCount=\"156\">\n<\/w:LatentStyles>\n<\/xml><![endif]--><!--[if gte mso 10]>\n\n\n\n<style>\n \/* Style Definitions *\/\n table.MsoNormalTable\n\t{mso-style-name:\"Table Normal\";\n\tmso-tstyle-rowband-size:0;\n\tmso-tstyle-colband-size:0;\n\tmso-style-noshow:yes;\n\tmso-style-parent:\"\";\n\tmso-padding-alt:0cm 5.4pt 0cm 5.4pt;\n\tmso-para-margin:0cm;\n\tmso-para-margin-bottom:.0001pt;\n\tmso-pagination:widow-orphan;\n\tfont-size:10.0pt;\n\tfont-family:\"Times New Roman\";\n\tmso-ansi-language:#0400;\n\tmso-fareast-language:#0400;\n\tmso-bidi-language:#0400;}\n<\/style>\n\n<![endif]--><\/p>\n<p class=\"MsoNormal\" style=\"mso-margin-top-alt: auto; mso-margin-bottom-alt: auto;\"><strong><span lang=\"NL\">Cercul de sculptur\u0103 \u201eJacob Neubauer\u201c al FDGBM<\/span><\/strong><\/p>\n<p class=\"MsoNormal\" style=\"mso-margin-top-alt: auto; mso-margin-bottom-alt: auto;\"><a href=\"http:\/\/semndecarte.metarsis.ro\/wp-content\/uploads\/2013\/06\/11.jpg\" rel=\"lightbox[7861]\"><img loading=\"lazy\" class=\"alignleft size-full wp-image-7862\" title=\"Vernisaj\" src=\"http:\/\/semndecarte.metarsis.ro\/wp-content\/uploads\/2013\/06\/11.jpg\" alt=\"\" width=\"520\" height=\"200\" srcset=\"https:\/\/semndecarte.metarsis.ro\/wp-content\/uploads\/2013\/06\/11.jpg 520w, https:\/\/semndecarte.metarsis.ro\/wp-content\/uploads\/2013\/06\/11-160x61.jpg 160w, https:\/\/semndecarte.metarsis.ro\/wp-content\/uploads\/2013\/06\/11-163x62.jpg 163w\" sizes=\"(max-width: 520px) 100vw, 520px\" \/><\/a><\/p>\n<p>&nbsp;<\/p>\n<p class=\"MsoNormal\" style=\"text-align: justify;\"><span style=\"mso-ansi-language: NL;\" lang=\"NL\">Mar\u0163i seara Cercul de sculptur\u0103 \u201cJacob Neubauer\u201d al Forumului Democratic al Germanilor din Banatul Montan coordonat de George Molin a umplut curtea libr\u0103riei Semn de Carte din Re\u015fi\u0163a cu lucr\u0103ri de sculptur\u0103 executate \u00een lemn. <\/span>Membri cercului au organizat, pe l\u00e2ng\u0103 expozi\u0163ie, un atelier de art\u0103 prezent\u00e2nd etapele importante, materiale \u015fi unelte de lucru folosite \u00een des\u0103v\u00e2r\u015firea sculpturilor de mici dimensiuni executate \u00een lemn. <!--more-->Cuv\u00e2ntul de deschidere, importan\u0163a evenimentelor desf\u0103\u015furate pe tot parcursul lunii iunie\u00a0precum activitatea cercului si cursan\u0163ii, cel mai mic \u00een v\u00e2rst\u00e2 de 6 ani- Grigorie Molin, cea mai nou\u0103 &#8211; Mariane Florea (50+) au fost prezentate de Cristian Chioncel- vicepre\u015fedinte al Forumului Democratic al Germanilor din Cara\u015f-Severin. Despre personalitatea lui Jacob Neubauer (1922-2001), polisportiv \u015fi sculptor, fondator al Cercului de sculptur\u0103 din cadrul Forumului a vorbit George Molin, ucenic \u015fi prieten, cel care a preluat activitatea cercului dup\u0103 decesul lui Jacob Neubauer. Rare\u015f Stoian, Denis Popescu \u015fi Vladimir Veselin, elevi \u00een clasa a III-a B- sec\u0163ie german\u0103 (prof. Yvonne Demeny, Liceul \u00a0Teoretic Diaconivici-Tietz) au recitat poezii de Eminescu \u015fi Alecsandri iar \u015eerban Modrigan (pian- clasa prof. Remus Hoss), Valentina Cernescu (pian- clasa prof. Cornelia Nica) \u015fi Nicola B\u0103lan (pian- clasa prof. Cornelia Nica), elevi ai clasei a III-e Step by step, prof. Eleonora Negroiu, Liceul de Arta \u201cSabin P\u0103u\u0163a\u201d au sus\u0163inut un minirecital de pian. O sear\u0103 \u00een care artele s-au \u00eempletit fericit, \u00eentre mari \u015fi mici, \u00eentre rom\u00e2ni, germani \u015fi cehi, urm\u00e2nd, parc\u0103, \u00eendemnul lui Johann Wolfgang von Goe<span style=\"mso-ansi-language: RO;\" lang=\"RO\">the \u201eS\u0103 nu la\u015fi s\u0103 treac\u0103 o zi f\u0103r\u0103 s\u0103 cite\u015fti, s\u0103 auzi sau s\u0103 faci ceva frumos\u201d. <\/span><\/p>\n<p>&nbsp;<\/p>\n<p class=\"MsoNormal\" style=\"text-align: justify;\"><a href=\"http:\/\/semndecarte.metarsis.ro\/wp-content\/uploads\/2013\/06\/13.jpg\" rel=\"lightbox[7861]\"><img loading=\"lazy\" class=\"alignleft size-thumbnail wp-image-7864\" title=\"Vladimir Veselin,  clasa a III-a B- sec\u0163ie german\u0103,  Liceul  Teoretic Diaconivici-Tietz, prof. Yvonne Demeny\" src=\"http:\/\/semndecarte.metarsis.ro\/wp-content\/uploads\/2013\/06\/13-95x95.jpg\" alt=\"\" width=\"95\" height=\"95\" \/><\/a><a href=\"http:\/\/semndecarte.metarsis.ro\/wp-content\/uploads\/2013\/06\/10.jpg\" rel=\"lightbox[7861]\"><img loading=\"lazy\" class=\"alignleft size-thumbnail wp-image-7873\" title=\"Pianisti in devenire\" src=\"http:\/\/semndecarte.metarsis.ro\/wp-content\/uploads\/2013\/06\/10-95x95.jpg\" alt=\"\" width=\"95\" height=\"95\" \/><\/a><a href=\"http:\/\/semndecarte.metarsis.ro\/wp-content\/uploads\/2013\/06\/8.jpg\" rel=\"lightbox[7861]\"><img loading=\"lazy\" class=\"alignleft size-thumbnail wp-image-7871\" title=\"Denis Popescu, clasa a III-a B- sec\u0163ie german\u0103,  Liceul  Teoretic Diaconivici-Tietz, prof. Yvonne Demeny\" src=\"http:\/\/semndecarte.metarsis.ro\/wp-content\/uploads\/2013\/06\/8-95x95.jpg\" alt=\"\" width=\"95\" height=\"95\" \/><\/a><a href=\"http:\/\/semndecarte.metarsis.ro\/wp-content\/uploads\/2013\/06\/9.jpg\" rel=\"lightbox[7861]\"><img loading=\"lazy\" class=\"alignleft size-thumbnail wp-image-7872\" title=\"Rare\u015f Stoian,  clasa a III-a B- sec\u0163ie german\u0103,  Liceul  Teoretic Diaconivici-Tietz, prof. Yvonne Demeny\" src=\"http:\/\/semndecarte.metarsis.ro\/wp-content\/uploads\/2013\/06\/9-95x95.jpg\" alt=\"\" width=\"95\" height=\"95\" \/><\/a><a href=\"http:\/\/semndecarte.metarsis.ro\/wp-content\/uploads\/2013\/06\/7.jpg\" rel=\"lightbox[7861]\"><img loading=\"lazy\" class=\"alignleft size-thumbnail wp-image-7870\" title=\"Vernisaj\" src=\"http:\/\/semndecarte.metarsis.ro\/wp-content\/uploads\/2013\/06\/7-95x95.jpg\" alt=\"\" width=\"95\" height=\"95\" \/><\/a><a href=\"http:\/\/semndecarte.metarsis.ro\/wp-content\/uploads\/2013\/06\/6.jpg\" rel=\"lightbox[7861]\"><img loading=\"lazy\" class=\"alignleft size-thumbnail wp-image-7869\" title=\"La vernisaj\" src=\"http:\/\/semndecarte.metarsis.ro\/wp-content\/uploads\/2013\/06\/6-95x95.jpg\" alt=\"\" width=\"95\" height=\"95\" \/><\/a><a href=\"http:\/\/semndecarte.metarsis.ro\/wp-content\/uploads\/2013\/06\/5.jpg\" rel=\"lightbox[7861]\"><img loading=\"lazy\" class=\"alignleft size-thumbnail wp-image-7868\" title=\"La vernisaj\" src=\"http:\/\/semndecarte.metarsis.ro\/wp-content\/uploads\/2013\/06\/5-95x95.jpg\" alt=\"\" width=\"95\" height=\"95\" \/><\/a><a href=\"http:\/\/semndecarte.metarsis.ro\/wp-content\/uploads\/2013\/06\/4.jpg\" rel=\"lightbox[7861]\"><img loading=\"lazy\" class=\"alignleft size-thumbnail wp-image-7867\" title=\"Atelier de lucru\" src=\"http:\/\/semndecarte.metarsis.ro\/wp-content\/uploads\/2013\/06\/4-95x95.jpg\" alt=\"\" width=\"95\" height=\"95\" \/><\/a><a href=\"http:\/\/semndecarte.metarsis.ro\/wp-content\/uploads\/2013\/06\/2.jpg\" rel=\"lightbox[7861]\"><img loading=\"lazy\" class=\"alignleft size-thumbnail wp-image-7866\" title=\"Serban Modrigan\" src=\"http:\/\/semndecarte.metarsis.ro\/wp-content\/uploads\/2013\/06\/2-95x95.jpg\" alt=\"\" width=\"95\" height=\"95\" \/><\/a><a href=\"http:\/\/semndecarte.metarsis.ro\/wp-content\/uploads\/2013\/06\/1.jpg\" rel=\"lightbox[7861]\"><img loading=\"lazy\" class=\"alignleft size-thumbnail wp-image-7865\" title=\"Ochi si urechi...\" src=\"http:\/\/semndecarte.metarsis.ro\/wp-content\/uploads\/2013\/06\/1-95x95.jpg\" alt=\"\" width=\"95\" height=\"95\" \/><\/a><\/p>\n","protected":false},"excerpt":{"rendered":"<p>Mar\u0163i seara Cercul de sculptur\u0103 \u201cJacob Neubauer\u201d al Forumului Democratic al Germanilor din Banatul Montan coordonat de George Molin a umplut curtea libr\u0103riei Semn de Carte din Re\u015fi\u0163a cu lucr\u0103ri de sculptur\u0103 executate \u00een lemn. Membri cercului au organizat, pe l\u00e2ng\u0103 expozi\u0163ie, un atelier de art\u0103 prezent\u00e2nd etapele importante, materiale \u015fi unelte de lucru folosite \u00een des\u0103v\u00e2r\u015firea sculpturilor de mici dimensiuni executate \u00een lemn. <\/p>\n","protected":false},"author":1,"featured_media":0,"comment_status":"open","ping_status":"open","sticky":false,"template":"","format":"standard","meta":[],"categories":[7],"tags":[240],"_links":{"self":[{"href":"https:\/\/semndecarte.metarsis.ro\/index.php?rest_route=\/wp\/v2\/posts\/7861"}],"collection":[{"href":"https:\/\/semndecarte.metarsis.ro\/index.php?rest_route=\/wp\/v2\/posts"}],"about":[{"href":"https:\/\/semndecarte.metarsis.ro\/index.php?rest_route=\/wp\/v2\/types\/post"}],"author":[{"embeddable":true,"href":"https:\/\/semndecarte.metarsis.ro\/index.php?rest_route=\/wp\/v2\/users\/1"}],"replies":[{"embeddable":true,"href":"https:\/\/semndecarte.metarsis.ro\/index.php?rest_route=%2Fwp%2Fv2%2Fcomments&post=7861"}],"version-history":[{"count":0,"href":"https:\/\/semndecarte.metarsis.ro\/index.php?rest_route=\/wp\/v2\/posts\/7861\/revisions"}],"wp:attachment":[{"href":"https:\/\/semndecarte.metarsis.ro\/index.php?rest_route=%2Fwp%2Fv2%2Fmedia&parent=7861"}],"wp:term":[{"taxonomy":"category","embeddable":true,"href":"https:\/\/semndecarte.metarsis.ro\/index.php?rest_route=%2Fwp%2Fv2%2Fcategories&post=7861"},{"taxonomy":"post_tag","embeddable":true,"href":"https:\/\/semndecarte.metarsis.ro\/index.php?rest_route=%2Fwp%2Fv2%2Ftags&post=7861"}],"curies":[{"name":"wp","href":"https:\/\/api.w.org\/{rel}","templated":true}]}}