{"id":7852,"date":"2013-06-09T16:01:39","date_gmt":"2013-06-09T14:01:39","guid":{"rendered":"http:\/\/semndecarte.metarsis.ro\/?p=7852"},"modified":"2013-06-09T16:01:39","modified_gmt":"2013-06-09T14:01:39","slug":"supercalifragilisticexpiralidous","status":"publish","type":"post","link":"https:\/\/semndecarte.metarsis.ro\/?p=7852","title":{"rendered":"Supercalifragilisticexpiralidous"},"content":{"rendered":"<p><strong><span style=\"font-size: 13px; line-height: 1.3;\">Mary Poppins la Re\u015fi\u0163a<\/span><\/strong><\/p>\n<p style=\"text-align: justify;\"><span style=\"font-size: 13px; line-height: 1.3;\"><a href=\"http:\/\/semndecarte.metarsis.ro\/wp-content\/uploads\/2013\/06\/mary-popp.jpg\" rel=\"lightbox[7852]\"><img loading=\"lazy\" class=\"alignleft size-large wp-image-7857\" title=\"mary poppins\" src=\"http:\/\/semndecarte.metarsis.ro\/wp-content\/uploads\/2013\/06\/mary-popp-115x163.jpg\" alt=\"\" width=\"115\" height=\"163\" srcset=\"https:\/\/semndecarte.metarsis.ro\/wp-content\/uploads\/2013\/06\/mary-popp-115x163.jpg 115w, https:\/\/semndecarte.metarsis.ro\/wp-content\/uploads\/2013\/06\/mary-popp-113x160.jpg 113w, https:\/\/semndecarte.metarsis.ro\/wp-content\/uploads\/2013\/06\/mary-popp.jpg 566w\" sizes=\"(max-width: 115px) 100vw, 115px\" \/><\/a>Miercuri, 12 iunie 2013 de la orele 11:00\u00a0\u00a0la cinematograful Dacia, trupa timi\u015forean\u0103 \u201cFascina\u0163ia sunetului\u201d va aduce opereta \u201cMary Poppins\u201d \u015fi magicul \u201c<\/span><wbr><span style=\"font-size: 13px; line-height: 1.3;\">supercalifragilisticexpiralido<\/span><wbr><span style=\"font-size: 13px; line-height: 1.3;\">cious\u201d publicului re\u015fi\u0163ean, \u00eentr-o premier\u0103 absolut\u0103 pentru ora\u015ful de pa B\u00e2rzava. Fascinanta poveste a superd\u0103dacei Mary, a familiei Banks \u015fi \u201c\u00eembl\u00e2nzirea\u201d copiilor\u00a0\u00a0Jane \u015fi Michael, va avea \u00een distribu\u0163ie, \u00een rol principal, pe re\u015fi\u0163eanca Ana-Maria St\u0103noia solist\u0103, la fel ca \u015fi ceilal\u0163i protagoni\u015fti, a\u00a0\u00a0Operei din Timi\u015foara.<!--more--><\/span><\/wbr><\/wbr><\/p>\n<p style=\"text-align: justify;\">Evenimentul este organizat de Societatea pentru Cultur\u0103 \u201cMetarsis\u201d prin libr\u0103ria Semn de Carte \u00een parteneriat cu Prim\u0103ria municipiuli Re\u015fi\u0163a.<\/p>\n<p style=\"text-align: justify;\">Biletele (7 lei)\u00a0\u00a0pot fi procurate de la libr\u0103ria Semn de Carte din Re\u015fi\u0163a, str. Libert\u0103\u0163ii 13, zilnic \u00eentre orele 9-19.<\/p>\n<p><iframe src=\"http:\/\/www.youtube.com\/embed\/rymjTZ_O2-8\" frameborder=\"0\" align=\"left\" width=\"520\" height=\"428\"><\/iframe><\/p>\n","protected":false},"excerpt":{"rendered":"<p>Miercuri, 12 iunie 2013 de la orele 11:00  la cinematograful Dacia, trupa timi\u015forean\u0103 \u201cFascina\u0163ia sunetului\u201d va aduce opereta \u201cMary Poppins\u201d \u015fi magicul \u201csupercalifragilisticexpiralidocious\u201d publicului re\u015fi\u0163ean, \u00eentr-o premier\u0103 absolut\u0103 pentru ora\u015ful de pa B\u00e2rzava. Fascinanta poveste a superd\u0103dacei Mary, a familiei Banks \u015fi \u201c\u00eembl\u00e2nzirea\u201d copiilor  Jane \u015fi Michael, va avea \u00een distribu\u0163ie, \u00een rol principal, pe re\u015fi\u0163eanca Ana-Maria St\u0103noia solist\u0103, la fel ca \u015fi ceilal\u0163i protagoni\u015fti, a  Operei din Timi\u015foara.<\/p>\n","protected":false},"author":1,"featured_media":0,"comment_status":"open","ping_status":"open","sticky":false,"template":"","format":"standard","meta":[],"categories":[1],"tags":[],"_links":{"self":[{"href":"https:\/\/semndecarte.metarsis.ro\/index.php?rest_route=\/wp\/v2\/posts\/7852"}],"collection":[{"href":"https:\/\/semndecarte.metarsis.ro\/index.php?rest_route=\/wp\/v2\/posts"}],"about":[{"href":"https:\/\/semndecarte.metarsis.ro\/index.php?rest_route=\/wp\/v2\/types\/post"}],"author":[{"embeddable":true,"href":"https:\/\/semndecarte.metarsis.ro\/index.php?rest_route=\/wp\/v2\/users\/1"}],"replies":[{"embeddable":true,"href":"https:\/\/semndecarte.metarsis.ro\/index.php?rest_route=%2Fwp%2Fv2%2Fcomments&post=7852"}],"version-history":[{"count":0,"href":"https:\/\/semndecarte.metarsis.ro\/index.php?rest_route=\/wp\/v2\/posts\/7852\/revisions"}],"wp:attachment":[{"href":"https:\/\/semndecarte.metarsis.ro\/index.php?rest_route=%2Fwp%2Fv2%2Fmedia&parent=7852"}],"wp:term":[{"taxonomy":"category","embeddable":true,"href":"https:\/\/semndecarte.metarsis.ro\/index.php?rest_route=%2Fwp%2Fv2%2Fcategories&post=7852"},{"taxonomy":"post_tag","embeddable":true,"href":"https:\/\/semndecarte.metarsis.ro\/index.php?rest_route=%2Fwp%2Fv2%2Ftags&post=7852"}],"curies":[{"name":"wp","href":"https:\/\/api.w.org\/{rel}","templated":true}]}}