{"id":7847,"date":"2013-05-21T21:40:03","date_gmt":"2013-05-21T19:40:03","guid":{"rendered":"http:\/\/semndecarte.metarsis.ro\/?p=7847"},"modified":"2013-05-30T10:55:19","modified_gmt":"2013-05-30T08:55:19","slug":"de-la-waldkirchen-si-timisoara-la-resita","status":"publish","type":"post","link":"https:\/\/semndecarte.metarsis.ro\/?p=7847","title":{"rendered":"Muzica educ\u0103, hr\u0103ne\u015fte \u015fi une\u015fte."},"content":{"rendered":"<p class=\"MsoNormal\"><strong><span style=\"font-size: 13px; line-height: 1.3;\"><a href=\"http:\/\/semndecarte.metarsis.ro\/wp-content\/uploads\/2013\/05\/Concert-Resita.jpg\" rel=\"lightbox[7847]\"><img loading=\"lazy\" class=\"alignleft size-full wp-image-7851\" title=\"Concert Resita\" src=\"http:\/\/semndecarte.metarsis.ro\/wp-content\/uploads\/2013\/05\/Concert-Resita.jpg\" alt=\"\" width=\"520\" height=\"200\" srcset=\"https:\/\/semndecarte.metarsis.ro\/wp-content\/uploads\/2013\/05\/Concert-Resita.jpg 520w, https:\/\/semndecarte.metarsis.ro\/wp-content\/uploads\/2013\/05\/Concert-Resita-160x61.jpg 160w, https:\/\/semndecarte.metarsis.ro\/wp-content\/uploads\/2013\/05\/Concert-Resita-163x62.jpg 163w\" sizes=\"(max-width: 520px) 100vw, 520px\" \/><\/a>Ion Vidu \u015fi\u00a0\u00a0Stadtischemusikschule Waldkirch la Re\u015fi\u0163a<\/span><\/strong><span style=\"font-size: 13px; line-height: 1.3;\">\u00a0<\/span><\/p>\n<p>Sala Casei de Cultur\u0103 a Sindicatelor din Re\u015fi\u0163a a g\u0103zduit miercuri, 22 mai 2013, o premier\u0103. Sau poate c\u0103, \u0163in\u00e2nd cont de vechimea ei \u015fi de faptul c\u0103 Re\u015fi\u0163a a fost un spa\u0163iu multicultural demn de luat \u00een seam\u0103 av\u00e2nd, la un moment dat: orchestr\u0103 semisimfonic\u0103, operet\u0103 german\u0103, operet\u0103 maghiar\u0103, cor \u015fi coral\u0103 de camer\u0103, ansambluri folclorice \u015fi dixi-band, cenacluri literare \u015fi artistice, teatru profesionist \u015fi teatru de amatori, spectacolul nu a fost o premier\u0103, pe scena institutiei evoluand, de-a lungul anilor, artsti\u00a0\u00a0amatori \u015fi profesioni\u015fti din Re\u015fi\u0163a, din Rom\u00e2nia \u015fi din str\u0103inatate.<!--more--> Ineditul concertului de mar\u0163i l-a constituit nu repertoriul- extrem de bine ales ci interpre\u0163ii \u015fi, mai ales, numarul lor aproape 100 de tineri muzicieni, cu v\u00e2rste cuprinse \u00eentre 11- 19 ani, elevi ai doua Institu\u0163ii de renume: Colegiul Na\u0163ional de Arta \u201cIon Vidu\u201d din Timi\u015foara \u015fi orchestra de tineri suflatori a Stadtischemusikschule Waldkirch- Germania. Concertul a fost\u00a0\u00a0prezentat de Aurel Manciu, rom\u00e2n stabilit, cu ani \u00een urm\u0103, \u00een Germania, dirijor al Orchestrei de suflatori din Freiburg, profesor de trompet\u0103, trombon \u015fi euphoniu al prestigioasei Institu\u0163ii din Waldkirch \u00een cadrul c\u0103reia profeseaz\u0103, de altfel, \u00eenc\u0103 trei rom\u00e2ni: Renate Manciu- pian, org\u0103, kayboard,\u00a0\u00a0Hans Skarba- trombon \u015fi c\u0103r\u0103\u015feanca- de la Iertof- Victoria Ifrim- percu\u0163ie.\u00a0\u00a0Concertul a debutat cu recitalul tinerilor muzicieni germani care au interpretat, sub bagheta profesorului Otfried Weis:\u00a0\u00a0\u201cFlight of the Piasa\u201d de Robert Sheldon, aranjament de Franco Cesarini din \u201cNabucco\u201d de Giuseppe Verdi, \u201cVirginia\u201d de Jacob de Haan, \u201cSymphonic Marches\u201d de John Williams- aranjament Maurice Hamers \u015fi \u201cTanz der Vampir\u201d de Jim Steinman \u00een aranjamentul semnat Wolfgang Wossner. Dup\u0103 scurta istorie \u015fi prezentarea Stadtischemusikschule Waldkirch &#8211; cea mai veche \u015fcoal\u0103 de muzic\u0103 din Germania- fondata la 1741, Aurel Manciu \u015fi dr. Romeo Dumitrescu, mijlocitorul evenimentului desf\u0103\u015furat la Re\u015fi\u0163a, au invitat \u00een scena tinerii muzicieni timi\u015foreni. Sub bagheta prof. Lauren\u0163iu Muntean au fost interpretate: \u201cMoment for Morricone\u201d de E.Morricone\/ J. de Mey;\u00a0\u00a0Michael Kamen\/ aranjament J.Bocook- coloana sonor\u0103 din filmul \u201cRoobin Hood\u201d; John Miles\/ ar.Philip Sparke-\u201cMusic\u201d;\u00a0\u00a0Michael Jackson\/ ar. Ron Sebreght- \u201cHeal the World\u201d; Abba\/ ar.F.Bernaerts-\u201cThank you for the music\u201d; Andrew Lloyd Webber-\u201cFantoma de la Opera\u201d \u015fi aranjamentul semnat Dorin Cuibaru \u201cCiocarlia\u201d. Concertul s-a \u00eencheiat cu orchestrele reunite care au interpretat: Ron Sebreght \u201cThe Cream of Clapton\u201d sub bagheta prof. Otfried Weis \u015fi\u00a0\u00a0Michael Jackson\/ ar. Ron Sebreght \u201cHeal the world\u201d sub bagheta prof. Lauren\u0163iu Muntean- pies\u0103 reluat\u0103 la bis. Un concert tonic \u00een care tinere\u0163ea, exuberan\u0163a \u015fi energiile tinerilor muzicieni au fost transmise publicului prezent \u00eentr-o \u00eengem\u0103nare de stiluri muzicale de la prelucr\u0103ri de oper\u0103 \u015fi simfonii, coloane sonore ale unor celebre filme, la orchestra\u0163ii de piese muzicale pop \u015fi rock. O dovad\u0103 real\u0103, o certitudine a faptului a c\u0103 muzica educ\u0103, hrane\u015fte sufletul \u015fi une\u015fte oamenii.<\/p>\n<p>&nbsp;<\/p>\n<p class=\"MsoNormal\"><strong><br \/>\n<\/strong><\/p>\n","protected":false},"excerpt":{"rendered":"<p>Miercuri, 22 mai 2013 orele 19:00,  la Casa de Cultur\u0103 a Sindicatelor Re\u0219i\u021ba va avea loc un concert extraordinar sus\u021binut de Orchestra de suflatori-percu\u021bie a Liceului de Arta \u201cIon Vidu\u201d din Timi\u0219oara \u0219i de Orchestra de tineri suflatori de la \u0218coala de Muzic\u0103 din Waldkirchen-Germania.<\/p>\n","protected":false},"author":1,"featured_media":0,"comment_status":"open","ping_status":"open","sticky":false,"template":"","format":"standard","meta":[],"categories":[7],"tags":[257],"_links":{"self":[{"href":"https:\/\/semndecarte.metarsis.ro\/index.php?rest_route=\/wp\/v2\/posts\/7847"}],"collection":[{"href":"https:\/\/semndecarte.metarsis.ro\/index.php?rest_route=\/wp\/v2\/posts"}],"about":[{"href":"https:\/\/semndecarte.metarsis.ro\/index.php?rest_route=\/wp\/v2\/types\/post"}],"author":[{"embeddable":true,"href":"https:\/\/semndecarte.metarsis.ro\/index.php?rest_route=\/wp\/v2\/users\/1"}],"replies":[{"embeddable":true,"href":"https:\/\/semndecarte.metarsis.ro\/index.php?rest_route=%2Fwp%2Fv2%2Fcomments&post=7847"}],"version-history":[{"count":0,"href":"https:\/\/semndecarte.metarsis.ro\/index.php?rest_route=\/wp\/v2\/posts\/7847\/revisions"}],"wp:attachment":[{"href":"https:\/\/semndecarte.metarsis.ro\/index.php?rest_route=%2Fwp%2Fv2%2Fmedia&parent=7847"}],"wp:term":[{"taxonomy":"category","embeddable":true,"href":"https:\/\/semndecarte.metarsis.ro\/index.php?rest_route=%2Fwp%2Fv2%2Fcategories&post=7847"},{"taxonomy":"post_tag","embeddable":true,"href":"https:\/\/semndecarte.metarsis.ro\/index.php?rest_route=%2Fwp%2Fv2%2Ftags&post=7847"}],"curies":[{"name":"wp","href":"https:\/\/api.w.org\/{rel}","templated":true}]}}