{"id":7768,"date":"2013-04-08T12:24:15","date_gmt":"2013-04-08T10:24:15","guid":{"rendered":"http:\/\/semndecarte.metarsis.ro\/?p=7768"},"modified":"2013-04-08T12:24:15","modified_gmt":"2013-04-08T10:24:15","slug":"scoala-altfel","status":"publish","type":"post","link":"https:\/\/semndecarte.metarsis.ro\/?p=7768","title":{"rendered":"\u0218coala altfel"},"content":{"rendered":"<p style=\"text-align: justify;\"><a href=\"http:\/\/semndecarte.metarsis.ro\/wp-content\/uploads\/2013\/04\/scoala-altfel-ldir.jpg\" rel=\"lightbox[7768]\"><img loading=\"lazy\" class=\"alignleft size-full wp-image-7778\" title=\"scoala-altfel-ldir\" src=\"http:\/\/semndecarte.metarsis.ro\/wp-content\/uploads\/2013\/04\/scoala-altfel-ldir.jpg\" alt=\"\" width=\"520\" height=\"193\" srcset=\"https:\/\/semndecarte.metarsis.ro\/wp-content\/uploads\/2013\/04\/scoala-altfel-ldir.jpg 520w, https:\/\/semndecarte.metarsis.ro\/wp-content\/uploads\/2013\/04\/scoala-altfel-ldir-160x59.jpg 160w, https:\/\/semndecarte.metarsis.ro\/wp-content\/uploads\/2013\/04\/scoala-altfel-ldir-163x60.jpg 163w\" sizes=\"(max-width: 520px) 100vw, 520px\" \/><\/a>Pe tot parcursul s\u0103pt\u0103m\u00e2nii trecute at\u00e2t libr\u0103ria Semn de Carte c\u00e2t \u0219i Societatea pentru Cultur\u0103 METARSIS au fost implicate \u00een numeroase proiecte \u00een cadrul programului \u0218coala altfel.<!--more--><\/p>\n<p style=\"text-align: justify;\"><strong>Luni, 1 aprilie<\/strong><\/p>\n<p style=\"text-align: justify;\" align=\"left\"><strong>\u00cempreun\u0103 \u00een lumea c\u0103r\u0163ilor<\/strong><\/p>\n<p style=\"text-align: justify;\"><a href=\"http:\/\/semndecarte.metarsis.ro\/wp-content\/uploads\/2013\/04\/cop.jpg\" rel=\"lightbox[7768]\"><img loading=\"lazy\" class=\"alignleft size-full wp-image-7740\" title=\"In vizita\" src=\"http:\/\/semndecarte.metarsis.ro\/wp-content\/uploads\/2013\/04\/cop.jpg\" alt=\"\" width=\"520\" height=\"200\" srcset=\"https:\/\/semndecarte.metarsis.ro\/wp-content\/uploads\/2013\/04\/cop.jpg 520w, https:\/\/semndecarte.metarsis.ro\/wp-content\/uploads\/2013\/04\/cop-160x61.jpg 160w, https:\/\/semndecarte.metarsis.ro\/wp-content\/uploads\/2013\/04\/cop-163x62.jpg 163w\" sizes=\"(max-width: 520px) 100vw, 520px\" \/><\/a>Libr\u0103ria \u201eSemn de carte\u201d\u00a0<img src=\"http:\/\/semndecarte.metarsis.ro\/wp-includes\/images\/smilies\/icon_smile.gif\" alt=\":)\" \/>\u00a0\u00a0 nici c\u0103 se putea un punct de pornire mai bun \u00een drumul nostru de a afla mai multe despre lumea c\u0103r\u0163ilor.<\/p>\n<p style=\"text-align: justify;\">\u201e\u00cempreun\u0103 \u00een lumea c\u0103r\u0163ilor\u201d este proiectul pe care l-au demarat copiii de la C.S.E.I. \u201ePrim\u0103vara\u201d Re\u015fi\u0163a \u00een s\u0103pt\u0103m\u00e2na \u201eS\u0103 \u015ftii mai multe, s\u0103 fii mai bun\u201d iar ideea de baz\u0103 a proiectului este aceea de a aduce copiii cu cerin\u0163e educative speciale (C.E.S) mai aproape de carte \u015fi comunitatea local\u0103 mai aproape de copiii cu C.E.S.<\/p>\n<p style=\"text-align: justify;\">A\u015fa c\u0103 iat\u0103-ne \u00eempreun\u0103 to\u0163i: copii, p\u0103rin\u0163i, dasc\u0103li, porni\u0163i \u00een ziua de 1 Aprilie (\u015fi nu e p\u0103c\u0103leal\u0103!), luni dis de diminea\u0163\u0103 (unde mai pui c\u0103 abia se schimbase ora de prim\u0103var\u0103), \u00eenfrigura\u0163i, printr-o ploaie m\u0103runt\u0103 de \u2026. prim\u0103var\u0103 (cic\u0103!), porni\u0163i zic, s\u0103 afl\u0103m ce este cu lumea c\u0103r\u0163ilor.<\/p>\n<p style=\"text-align: justify;\">Ajungem \u00een pragul libr\u0103riei Semn de Carte \u015fi p\u0103\u015fim din strada rece \u015fi umed\u0103, ca-ntr-o poveste, \u00eentr-o cas\u0103 cald\u0103 cu pere\u0163ii c\u0103ptu\u015fi\u0163i de c\u0103r\u0163i noi care miros bine.<\/p>\n<p style=\"text-align: justify;\">Gazdele noastre ne \u00eent\u00e2mpin\u0103 cu c\u0103ldur\u0103 nu doar la propriu ci mai ales la figurat. Pianul, tablourile \u00een ulei, ceainicul bolborosind \u015fi afi\u015fele evenimentelor culturale petrecute aici ne vr\u0103jesc \u015fi pe noi adul\u0163ii \u015fi ne amintesc c\u00e2t de pu\u0163in\u00a0\u00a0\u00a0 ne-ar\u00a0 trebui s\u0103 fim lini\u015fti\u0163i un r\u0103gaz\u2026 \u015fi c\u00e2t de mult \u015fi amarnic alerg\u0103m \u00een van\u2026 dup\u0103 ce? (prea melancolic, este ? scuze, din cauza ploii\u2026)<\/p>\n<p style=\"text-align: justify;\">Copiii au ascultat aproape cumin\u0163i teatrul radiofonic, timp \u00een care au alergat culorile de cear\u0103 pe coliile albe \u00een contururi doar de ei \u00een\u0163elese; \u015fi au ales c\u0103r\u0163i cu dinozauri \u015fi cu ochelari 3 D care au disp\u0103rut rapid din ambalaj. P\u0103rin\u0163ii \u015fi-au amintit de copil\u0103rie juc\u00e2nd \u201eNu te sup\u0103ra frate\u201d \u00een varianta uria\u015f\u0103, iar la final doamna Camelia ne-a oferit tuturor \u201e<em>rontzi-bombontzy<\/em>\u201d adic\u0103 \u2026m m m, bomboane.<\/p>\n<p style=\"text-align: justify;\">Foarte frumoas\u0103 prima zi \u00een lumea c\u0103r\u0163ilor \u015fi \u00eempreun\u0103 cu noi azi au fost Camelia \u015fi Lucian Duca \u2013 c\u0103rora le mul\u0163umesc mult.<\/p>\n<p style=\"text-align: justify;\">M\u00e2ine mergem la tipografie \u2013 s\u0103 vedem de unde vin c\u0103r\u0163ile acestea frumoase de la libr\u0103ria Semn de Carte. (Consilier educativ,\u00a0Profesor pt. \u00eenv. primar,\u00a0Stolojan Sorina Marilena)<\/p>\n<p style=\"text-align: justify;\"><strong>PRIETENIE PE PLAIURI B\u0102N\u0102\u0162ENE<\/strong><\/p>\n<p style=\"text-align: justify;\"><img loading=\"lazy\" class=\"size-full wp-image-7756\" title=\"Muzeul locomotivelor cu abur\" src=\"http:\/\/semndecarte.metarsis.ro\/wp-content\/uploads\/2013\/04\/Muzeul-locomotivelor-cu-abur1.jpg\" alt=\"\" width=\"520\" height=\"200\" srcset=\"https:\/\/semndecarte.metarsis.ro\/wp-content\/uploads\/2013\/04\/Muzeul-locomotivelor-cu-abur1.jpg 520w, https:\/\/semndecarte.metarsis.ro\/wp-content\/uploads\/2013\/04\/Muzeul-locomotivelor-cu-abur1-160x61.jpg 160w, https:\/\/semndecarte.metarsis.ro\/wp-content\/uploads\/2013\/04\/Muzeul-locomotivelor-cu-abur1-163x62.jpg 163w\" sizes=\"(max-width: 520px) 100vw, 520px\" \/><\/p>\n<p style=\"text-align: justify;\">Luni, 1 aprilie 2013, un grup de 45 de elevi din clasele de la \u015ecoala Gimnazial\u0103 Nr. 18 Timi\u015foara au fost, luni, 1 aprilie 2013, oaspe\u0163ii elevilor din clasa I de la \u015ecoala Gimnazial\u0103 Nr. 7 Re\u015fi\u0163a. Activitatea, numit\u0103 \u00a0<strong><em>RE\u015eI\u0162A SE PREZINT\u0102, a\u00a0<\/em><\/strong>\u00a0f\u0103cut parte din proiectul educa\u0163ional\u00a0<strong><em>PRIETENIE PE PLAIURI B\u0102N\u0102\u0162ENE,\u00a0<\/em><\/strong>derulat \u00een parteneriat \u00eentre \u015ecoala Gimnazial\u0103 Nr. 18 Timi\u015foara \u015fi \u015ecoala Gimnazial\u0103 Nr. 7 Re\u015fi\u0163a pe parcursul acestui an \u015fcolar.\u00a0Deschiderea ac\u0163iunii a avut loc \u00een amfiteatrul \u015fcolii gazd\u0103, unde s-a prezentat un material despre Re\u015fi\u0163a \u015fi despre \u015ecoala 7, \u00a0precum \u015fi despre activit\u0103\u0163ile extra\u015fcolare \u00een care elevii de clasa I au fost implica\u0163i \u00een perioada care a trecut de la \u00eenceperea \u015fcolii. \u00a0Cei peste 70 de elevi re\u015fi\u0163eni \u015fi timi\u015foreni au vizitat \u00a0dou\u0103 dintre cele mai importante fabrici re\u015fi\u0163ene, \u00a0PANGRAM \u015fi\u00a0 VELOCITY, unde s-au bucurat de primiri deosebite din partea gazdelor. Activitatea s-a \u00eencheiat \u00a0la Muzeul de Locomotive, unde jurnalistul WALTER FLECK\u00a0 \u201ca predat\u201d copiilor o scurt\u0103 lec\u0163ie de istorie a \u00a0Re\u015fi\u0163ei. To\u0163i elevii participan\u0163i la ac\u0163iune au primit diplome din partea organizatorilor, \u015ecoala Gimnazial\u0103 Nr. 7 Re\u015fi\u0163a \u015fi Societatea pentru Cultur\u0103 \u201eMetarsis\u201d. Proiectul\u00a0<strong><em>PRIETENIE PE PLAIURI B\u0102N\u0102\u0162ENE\u00a0<\/em><\/strong>va continua p\u00e2n\u0103 la sf\u00e2r\u015fitul anului \u015fcolar, fiind \u00eenscris \u00een Calendarul Activit\u0103\u0163ilor Regionale \u015fi Interjude\u0163ene 2013, avizat de MEN. (prof. Cristina Ardeleanu)<\/p>\n<p>&nbsp;<\/p>\n<p><strong>Ma\u021bi, 2 aprilie<\/strong><\/p>\n<p style=\"text-align: justify;\"><strong>O CARTE ESTE UN DAR, PE CARE \u00ceL PO<\/strong><strong>\u021aI DESCHIDE IAR <\/strong><strong>\u0218I IAR<\/strong><\/p>\n<p style=\"text-align: justify;\"><a href=\"http:\/\/semndecarte.metarsis.ro\/wp-content\/uploads\/2013\/04\/IMG_5639.jpg\" rel=\"lightbox[7768]\"><img loading=\"lazy\" class=\"alignleft size-full wp-image-7769\" title=\"IMG_5639\" src=\"http:\/\/semndecarte.metarsis.ro\/wp-content\/uploads\/2013\/04\/IMG_5639.jpg\" alt=\"\" width=\"520\" height=\"200\" srcset=\"https:\/\/semndecarte.metarsis.ro\/wp-content\/uploads\/2013\/04\/IMG_5639.jpg 520w, https:\/\/semndecarte.metarsis.ro\/wp-content\/uploads\/2013\/04\/IMG_5639-160x61.jpg 160w, https:\/\/semndecarte.metarsis.ro\/wp-content\/uploads\/2013\/04\/IMG_5639-163x62.jpg 163w\" sizes=\"(max-width: 520px) 100vw, 520px\" \/><\/a>Ast\u0103zi, 02.04.2013, elevii clasei a VI-a C de la \u0218coala Gimnazial\u0103 Nr. 2 Re\u0219i\u021ba, au participat \u00een cadrul s\u0103pt\u0103m\u00e2nii <strong>S\u0103 <\/strong><strong>\u0219tii mai multe, s\u0103 fii mai bun<\/strong>, la proiectul intitulat <strong>Cartea-i un dar, pe care \u00eel po<\/strong><strong>\u021bi deschide iar <\/strong><strong>\u0219i iar<\/strong>.\u00a0<span style=\"font-size: 13px; line-height: 1.3;\">Evenimentul s-a desf\u0103\u0219urat \u00een spa\u021biul propice al Libr\u0103riei Semn de carte.<\/span><\/p>\n<p style=\"text-align: justify;\">Copiii, \u00eendruma\u021bi de doamna director Camelia Duca \u0219i profesoara de limba rom\u00e2n\u0103 Marinela Manole, diriginta clasei au achizi\u021bionat un dar special, \u0219i anume o carte menit\u0103 s\u0103 fie oferit\u0103 drept cadou de Sfintele S\u0103rb\u0103tori. Astfel, copiii au \u00eenv\u0103\u021bat c\u00e2teva lucruri despre colegii lor menite s\u0103-i ajute \u00een alegerea unei c\u0103r\u021bi pentru fiecare, dar totodat\u0103 s\u0103-i fac\u0103 s\u0103 se cunoasc\u0103 mai bine \u00eentre ei. De asemenea, au \u00een\u021beles c\u0103 o dedica\u021bie pe o carte este o alternativ\u0103 de comunicare \u00een scris, \u00een opozi\u021bie cu varianta mai facil\u0103 oferit\u0103 de e-mail sau chat.<\/p>\n<p style=\"text-align: justify;\">Activitatea s-a bucurat de un mare interes din partea elevilor. (prof Marinela Manole)<\/p>\n<p><strong>\u015ei nou\u0103 ne plac c\u0103r\u0163ile&#8230;<\/strong><\/p>\n<p style=\"text-align: justify;\"><a href=\"http:\/\/semndecarte.metarsis.ro\/wp-content\/uploads\/2013\/04\/IMG_5642.jpg\" rel=\"lightbox[7768]\"><img loading=\"lazy\" class=\"alignleft size-full wp-image-7770\" title=\"IMG_5642\" src=\"http:\/\/semndecarte.metarsis.ro\/wp-content\/uploads\/2013\/04\/IMG_5642.jpg\" alt=\"\" width=\"520\" height=\"200\" srcset=\"https:\/\/semndecarte.metarsis.ro\/wp-content\/uploads\/2013\/04\/IMG_5642.jpg 520w, https:\/\/semndecarte.metarsis.ro\/wp-content\/uploads\/2013\/04\/IMG_5642-160x61.jpg 160w, https:\/\/semndecarte.metarsis.ro\/wp-content\/uploads\/2013\/04\/IMG_5642-163x62.jpg 163w\" sizes=\"(max-width: 520px) 100vw, 520px\" \/><\/a>Mar\u0163i, 2 aprilie 2013, cei mai mici vizitatori ai libr\u0103riei Semn de Carte, \u00een s\u0103pt\u0103mana &#8222;\u015ecolii altfel&#8221;, au fost prichindeii grupei &#8222;Stelu\u0163ele&#8221; de la Gr\u0103dini\u0163a cu program prelungit &#8222;Dumbrava minunat\u0103&#8221; din Re\u015fi\u0163a, \u00eenso\u0163i\u0163i de p\u0103rin\u0163i \u015fi de educatoarea lor\u00a0 Fanelica Weiss. Timp de mai bine de o or\u0103 micu\u0163ii au r\u0103sfoit c\u0103r\u0163i, s-au jucat &#8222;Nu te sup\u0103ra frate&#8221; cu popice aproape c\u00e2t ei,\u00a0 au ascultat pove\u015fti citite de Camelia \u015fi c\u00e2ntecele pentru ei interpretate de copii mai doar pu\u0163in mai mari ca ei. Au f\u0103cut \u015fi ei cuno\u015ftint\u0103 cu ARIcel ISTE\u0162 \u015fi+au promis ca, data viitoare, \u00eei vor aduce mere \u015fi salat\u0103 dac\u0103 \u00eei va mai conduce \u00een lumea minunat\u0103 a pove\u015ftilor.<\/p>\n<p><strong>\u201eCartea-izvor de cunoa\u015ftere\u201d<\/strong><\/p>\n<p style=\"text-align: justify;\"><a href=\"http:\/\/semndecarte.metarsis.ro\/wp-content\/uploads\/2013\/04\/IMG_5684.jpg\" rel=\"lightbox[7768]\"><img loading=\"lazy\" class=\"alignleft size-full wp-image-7771\" title=\"IMG_5684\" src=\"http:\/\/semndecarte.metarsis.ro\/wp-content\/uploads\/2013\/04\/IMG_5684.jpg\" alt=\"\" width=\"520\" height=\"200\" srcset=\"https:\/\/semndecarte.metarsis.ro\/wp-content\/uploads\/2013\/04\/IMG_5684.jpg 520w, https:\/\/semndecarte.metarsis.ro\/wp-content\/uploads\/2013\/04\/IMG_5684-160x61.jpg 160w, https:\/\/semndecarte.metarsis.ro\/wp-content\/uploads\/2013\/04\/IMG_5684-163x62.jpg 163w\" sizes=\"(max-width: 520px) 100vw, 520px\" \/><\/a>Mar\u0163i, 2 aprilie 2013, un grup de elevi din clasa a\u00a0 VII-a de la Colegiul Na\u0163ional \u201eTraian Lalescu\u201d\u00a0 Re\u015fi\u0163a a p\u0103\u015fit pentru prima oar\u0103 pragul\u00a0\u00a0 libr\u0103riei \u201eSemn de carte\u201d pentru a descoperi\u00a0 universul fascinant al lumii c\u0103r\u0163ilor. Vizita \u00eentreprins\u0103 la libr\u0103rie \u2013 spa\u0163iu de cultur\u0103 \u015fi recreere- \u00a0a contribuit \u00a0la redescoperirea lecturii ca o pl\u0103cere, o relaxare, un izvor de cunoa\u015ftere \u015fi de visare f\u0103r\u0103 egal. Vizita s-a derulat \u00een cadrul proiectului \u201eCartea-izvor de cunoa\u015ftere\u201d care \u00a0promoveaz\u0103 conduita pozitiv\u0103 a elevilor fa\u0163\u0103 de literatur\u0103, fa\u0163\u0103 de muzica de calitate. Prof. Manuela Pavan- Colegiul National Traian Lalescu Re\u015fi\u0163a<\/p>\n<p style=\"text-align: justify;\"><strong>Miercuri, 3 aprilie<\/strong><\/p>\n<p style=\"text-align: justify;\"><strong> \u201cLumea pove\u015ftilor\u201d <\/strong><\/p>\n<p style=\"text-align: justify;\"><a href=\"http:\/\/semndecarte.metarsis.ro\/wp-content\/uploads\/2013\/04\/IMG_9518.jpg\" rel=\"lightbox[7768]\"><img loading=\"lazy\" class=\"alignleft size-full wp-image-7772\" title=\"IMG_9518\" src=\"http:\/\/semndecarte.metarsis.ro\/wp-content\/uploads\/2013\/04\/IMG_9518.jpg\" alt=\"\" width=\"520\" height=\"200\" srcset=\"https:\/\/semndecarte.metarsis.ro\/wp-content\/uploads\/2013\/04\/IMG_9518.jpg 520w, https:\/\/semndecarte.metarsis.ro\/wp-content\/uploads\/2013\/04\/IMG_9518-160x61.jpg 160w, https:\/\/semndecarte.metarsis.ro\/wp-content\/uploads\/2013\/04\/IMG_9518-163x62.jpg 163w\" sizes=\"(max-width: 520px) 100vw, 520px\" \/><\/a>Miercuri, 3 aprilie 2013 piticii clasei preg\u0103titoare- \u00eenv. Maria Ciontu \u015fi elevii clasei a II-a A- \u00eenv. M\u0103rioara Rusu de la \u015ecoala Gimnazial\u0103 nr. 1 dinRe\u015fi\u0163aau p\u0103truns \u00een lumea pove\u015ftilor \u00een spa\u0163iul primitor al libr\u0103riei Semn de Carte. Au ascultat povestea \u201cJocul meu preferat\u201d din cartea \u201cDeschide\u0163i inima \u015fi mintea\u201d- pove\u015fti terapeutice- citit\u0103 de Camelia \u015fi au \u00eenteles c\u00e2t este de important sa se joace mai mult \u00een aer liber \u015fi s\u0103 se uite mai pu\u0163in la televizor. Au desenat ce \u015fi-au imaginat, i-au l\u0103sat desenele lui ARIcel ISTE\u0162 \u2013 ariciul iubitor de c\u0103r\u0163i \u015fi de copii iste\u0163i, au primit bomboane \u015fi au promis s\u0103 revin\u0103 \u00een lumea minunata a car\u0163ilor de la libraria cu nume bine ales- Semn de Carte. Inv. Maria Ciontu<\/p>\n<p style=\"text-align: justify;\"><strong>Prima carte<\/strong><\/p>\n<p style=\"text-align: justify;\"><a href=\"http:\/\/semndecarte.metarsis.ro\/wp-content\/uploads\/2013\/04\/IMG_9532.jpg\" rel=\"lightbox[7768]\"><img loading=\"lazy\" class=\"alignleft size-full wp-image-7773\" title=\"IMG_9532\" src=\"http:\/\/semndecarte.metarsis.ro\/wp-content\/uploads\/2013\/04\/IMG_9532.jpg\" alt=\"\" width=\"520\" height=\"200\" srcset=\"https:\/\/semndecarte.metarsis.ro\/wp-content\/uploads\/2013\/04\/IMG_9532.jpg 520w, https:\/\/semndecarte.metarsis.ro\/wp-content\/uploads\/2013\/04\/IMG_9532-160x61.jpg 160w, https:\/\/semndecarte.metarsis.ro\/wp-content\/uploads\/2013\/04\/IMG_9532-163x62.jpg 163w\" sizes=\"(max-width: 520px) 100vw, 520px\" \/><\/a>Elevii clasei I B de la \u015ecoala Gimnazial\u0103 nr.2 Re\u015fi\u0163a au fost \u00een vizit\u0103 la libr\u0103ria Semn de Carte miercuri, 3 aprilie 2013, cu scopul de a intra \u00een impara\u0163ia c\u0103r\u0163ilor \u015fi de a-l cunoa\u015fte pe ARIcel ISTE\u0162.<\/p>\n<p style=\"text-align: justify;\">Activitatea desf\u0103\u015furat\u0103 s-a \u00eencadrat \u00een proiectul derulat \u00een anul \u015fcolar 2012\/2013-\u00a0 \u201dFamilia mea\u201d cu tem\u0103 \u201cBugetul familiei\u201d, elevii manifest\u00e2ndu-\u015fi dorin\u0163a ca, din banii avu\u0163i la dispozi\u0163ie, s\u0103 achizi\u0163ioneze o carte cu pove\u015fti- PRIMA pe care au cump\u0103rat-o singuri. \u00cen \u00eencheiere elevii s-au delectat cu un ceai delicios \u015fi \u015fi-au exprimat dorin\u0163a de a reveni printre c\u0103r\u0163i. ( Prof. \u00eenv. primar Mihaela Mregea)<\/p>\n<p><strong>\u00cen vizit\u0103<\/strong><\/p>\n<p style=\"text-align: justify;\"><a href=\"http:\/\/semndecarte.metarsis.ro\/wp-content\/uploads\/2013\/04\/IMG_9551.jpg\" rel=\"lightbox[7768]\"><img loading=\"lazy\" class=\"alignleft size-full wp-image-7774\" title=\"IMG_9551\" src=\"http:\/\/semndecarte.metarsis.ro\/wp-content\/uploads\/2013\/04\/IMG_9551.jpg\" alt=\"\" width=\"520\" height=\"200\" srcset=\"https:\/\/semndecarte.metarsis.ro\/wp-content\/uploads\/2013\/04\/IMG_9551.jpg 520w, https:\/\/semndecarte.metarsis.ro\/wp-content\/uploads\/2013\/04\/IMG_9551-160x61.jpg 160w, https:\/\/semndecarte.metarsis.ro\/wp-content\/uploads\/2013\/04\/IMG_9551-163x62.jpg 163w\" sizes=\"(max-width: 520px) 100vw, 520px\" \/><\/a>Exist\u0103 atatea feluri \u00een care po\u021bi s\u0103 vorbe\u0219ti despre c\u0103r\u021bi. Parafrazandu-l pe Tudor Arghezi, a\u0219 spune c\u0103 o carte e o bucurie, o f\u0103g\u0103duin\u021b\u0103,o c\u0103l\u0103torie printre suflete, g\u00e2nduri \u0219i frumuse\u021bi. Iat\u0103 de ce ne-am aflat ast\u0103zi, 3 aprilie, la libr\u0103ria &#8216;SEMN DE CARTE&#8217;, \u00eentr-un loc special, \u00een compania muzicii, \u00a0al\u0103turi de oameni minuna\u021bi care cred \u00een miracolul \u0219i taina c\u0103r\u021bii, \u00een puterea cuvintelor \u00eemp\u0103rt\u0103\u0219ite \u0219i \u00een rostul actului de cultur\u0103 \u00een formarea noastr\u0103 ca oameni. Elevii clasei a IX-a A de la Liceul Teoretic Traian Vuia v\u0103 mul\u021bumesc pentru g\u0103zduire. Ne vom \u00eentoarce. Prof. dirig. Dana Mihailovici.<\/p>\n<p style=\"text-align: justify;\"><strong>Joi, 4 aprilie<\/strong><\/p>\n<p style=\"text-align: justify;\"><strong>&#8222;S\u0103 \u015ftii mai multe! S\u0103 fii mai bun!&#8221;\u00a0<\/strong><\/p>\n<p style=\"text-align: justify;\"><a href=\"http:\/\/semndecarte.metarsis.ro\/wp-content\/uploads\/2013\/04\/IMG_9569.jpg\" rel=\"lightbox[7768]\"><img loading=\"lazy\" class=\"alignleft size-full wp-image-7775\" title=\"IMG_9569\" src=\"http:\/\/semndecarte.metarsis.ro\/wp-content\/uploads\/2013\/04\/IMG_9569.jpg\" alt=\"\" width=\"520\" height=\"200\" srcset=\"https:\/\/semndecarte.metarsis.ro\/wp-content\/uploads\/2013\/04\/IMG_9569.jpg 520w, https:\/\/semndecarte.metarsis.ro\/wp-content\/uploads\/2013\/04\/IMG_9569-160x61.jpg 160w, https:\/\/semndecarte.metarsis.ro\/wp-content\/uploads\/2013\/04\/IMG_9569-163x62.jpg 163w\" sizes=\"(max-width: 520px) 100vw, 520px\" \/><\/a>Joi 04,04,2013, in cadrul s\u0103p\u0103m\u00e2nii \u015fcolii altfel &#8222;S\u0103 \u015ftii mai multe! S\u0103 fii mai bun!&#8221; libr\u0103ria Semn de Carte a primit vizita elevilor clasei a V-a de la Colegiul National &#8222;Traian Lalescu&#8221; din Re\u015fi\u0163a inso\u0163i\u0163i de prof. Otilia Bejan. Copiii au facut cuno\u015ftin\u0163a cu lumea fascinant\u0103 a c\u0103r\u0163ii tiparite oprind, pentru o or\u0103, telefoanele mobile \u015fi tabletele.<\/p>\n<p><strong>Dezbatere<\/strong><\/p>\n<p style=\"text-align: justify;\"><a href=\"http:\/\/semndecarte.metarsis.ro\/wp-content\/uploads\/2013\/04\/IMG_9577.jpg\" rel=\"lightbox[7768]\"><img loading=\"lazy\" class=\"alignleft size-full wp-image-7776\" title=\"IMG_9577\" src=\"http:\/\/semndecarte.metarsis.ro\/wp-content\/uploads\/2013\/04\/IMG_9577.jpg\" alt=\"\" width=\"520\" height=\"200\" srcset=\"https:\/\/semndecarte.metarsis.ro\/wp-content\/uploads\/2013\/04\/IMG_9577.jpg 520w, https:\/\/semndecarte.metarsis.ro\/wp-content\/uploads\/2013\/04\/IMG_9577-160x61.jpg 160w, https:\/\/semndecarte.metarsis.ro\/wp-content\/uploads\/2013\/04\/IMG_9577-163x62.jpg 163w\" sizes=\"(max-width: 520px) 100vw, 520px\" \/><\/a>Joi, 04.04.2013, elevii claselor a X-a A \u015fi a X-a E de la Colegiul Economic al Banatului Montan, \u00eenso\u0163i\u0163i e prof. Roxana \u0162unea \u015fi prof. Adriana Boru, au participat la activitatea &#8222;Spune NU violen\u0163ei \u00een familie&#8221; desf\u0103\u015furat\u0103 \u00een cadrul S\u0103pt\u0103m\u00e2nii Altfel &#8222;S\u0103 \u015ftii mai multe! S\u0103 fii mai bun!&#8221;.\u00a0 Activitatea s-a derulat sub forma unei dezbateri \u00een cadrul c\u0103reia elevii au avurt ocazia s\u0103-\u015fi exprime opiniile privind aspectele negative ale brutalit\u0103\u0163ii domestice. De asemenea elevii au constatat c\u0103 cel mai important lucru \u00eentr-o familie este o atmosfer\u0103 cald\u0103, armonioas\u0103, indiferent de problemele pe care le \u00eentampin\u0103m. Prof. Roxana Tunea<\/p>\n<p style=\"text-align: justify;\"><strong>Vineri, 5 aprilie<\/strong><\/p>\n<p><strong>Micu\u0163ii de la Lupac \u015fi ARIcel ISTE\u0162<\/strong><\/p>\n<p style=\"text-align: justify;\"><a href=\"http:\/\/semndecarte.metarsis.ro\/wp-content\/uploads\/2013\/04\/IMG_9684.jpg\" rel=\"lightbox[7768]\"><img loading=\"lazy\" class=\"alignleft size-full wp-image-7777\" title=\"IMG_9684\" src=\"http:\/\/semndecarte.metarsis.ro\/wp-content\/uploads\/2013\/04\/IMG_9684.jpg\" alt=\"\" width=\"520\" height=\"200\" srcset=\"https:\/\/semndecarte.metarsis.ro\/wp-content\/uploads\/2013\/04\/IMG_9684.jpg 520w, https:\/\/semndecarte.metarsis.ro\/wp-content\/uploads\/2013\/04\/IMG_9684-160x61.jpg 160w, https:\/\/semndecarte.metarsis.ro\/wp-content\/uploads\/2013\/04\/IMG_9684-163x62.jpg 163w\" sizes=\"(max-width: 520px) 100vw, 520px\" \/><\/a>&#8222;Suntem cadre didactice de la \u015ecoala Gimnazial\u0103 Lupac \u015fi ne-am propus s\u0103 trezim interesul copiilor pentru lectur\u0103, respectul fa\u0163\u0103 de c\u0103r\u0163i. Cei mai mul\u0163i dintre ei sunt vorbitori de limb\u0103 croat\u0103 \u015fi lectura este un mod pl\u0103cut de a-\u015fi \u00eembog\u0103\u0163i vocabularul. Am optat pentru libr\u0103ria Semn de Carte pentru climatul deosebit, primirea c\u0103lduroas\u0103 \u015fi interesant\u0103&#8221; au afirmat \u00eenv. Meda Maria Ephartd \u015fi \u00eeinv. Muselin Maria, \u00eenso\u0163itoarele micu\u0163ilor \u015fcolari de clase I-III din Lupac.Copiii au ascultat pove\u015fti scurte citite de Camelia \u015fi au f\u0103cut cuno\u015ftin\u0163\u0103 cu ARIcel ISTE\u0162 care, bucuros de interesul acordat c\u0103r\u0163ilor, i-a recompensat cu bomboane.<\/p>\n","protected":false},"excerpt":{"rendered":"<p>Pe tot parcursul s\u0103pt\u0103m\u00e2nii trecute at\u00e2t libr\u0103ria Semn de Carte c\u00e2t \u0219i Societatea pentru Cultur\u0103 METARSIS au fost implicate \u00een numeroase proiecte \u00een cadrul programului \u0218coala altfel.<\/p>\n","protected":false},"author":1,"featured_media":0,"comment_status":"open","ping_status":"open","sticky":false,"template":"","format":"standard","meta":[],"categories":[1],"tags":[],"_links":{"self":[{"href":"https:\/\/semndecarte.metarsis.ro\/index.php?rest_route=\/wp\/v2\/posts\/7768"}],"collection":[{"href":"https:\/\/semndecarte.metarsis.ro\/index.php?rest_route=\/wp\/v2\/posts"}],"about":[{"href":"https:\/\/semndecarte.metarsis.ro\/index.php?rest_route=\/wp\/v2\/types\/post"}],"author":[{"embeddable":true,"href":"https:\/\/semndecarte.metarsis.ro\/index.php?rest_route=\/wp\/v2\/users\/1"}],"replies":[{"embeddable":true,"href":"https:\/\/semndecarte.metarsis.ro\/index.php?rest_route=%2Fwp%2Fv2%2Fcomments&post=7768"}],"version-history":[{"count":0,"href":"https:\/\/semndecarte.metarsis.ro\/index.php?rest_route=\/wp\/v2\/posts\/7768\/revisions"}],"wp:attachment":[{"href":"https:\/\/semndecarte.metarsis.ro\/index.php?rest_route=%2Fwp%2Fv2%2Fmedia&parent=7768"}],"wp:term":[{"taxonomy":"category","embeddable":true,"href":"https:\/\/semndecarte.metarsis.ro\/index.php?rest_route=%2Fwp%2Fv2%2Fcategories&post=7768"},{"taxonomy":"post_tag","embeddable":true,"href":"https:\/\/semndecarte.metarsis.ro\/index.php?rest_route=%2Fwp%2Fv2%2Ftags&post=7768"}],"curies":[{"name":"wp","href":"https:\/\/api.w.org\/{rel}","templated":true}]}}