{"id":7722,"date":"2013-03-25T17:04:10","date_gmt":"2013-03-25T15:04:10","guid":{"rendered":"http:\/\/semndecarte.metarsis.ro\/?p=7722"},"modified":"2013-03-30T11:19:23","modified_gmt":"2013-03-30T09:19:23","slug":"ora-pamantului-la-resita","status":"publish","type":"post","link":"https:\/\/semndecarte.metarsis.ro\/?p=7722","title":{"rendered":"Ora p\u0103m\u00e2ntului\/Earth hour"},"content":{"rendered":"<p><strong>Re\u0219i\u021ba a fost prezent\u0103!<\/strong><\/p>\n<p><span style=\"font-size: 13px; line-height: 1.3;\">A fost Ora P\u0103m\u00e2ntului\/ Earth Hour. Au fost stisne luminile s\u00e2mb\u0103t\u0103, 23 martie 2013 \u00eentre orele 20:30-21:30, \u00eentr-un gest de solidaritete mondial\u0103 \u00een peste 150 de \u021b\u0103ri, ca semnal de alarm\u0103 asupra \u00eenc\u0103lzirii globale. \u00cen Rom\u00e2nia lumina s-a stins- simbolic \u00een 43 de ora\u0219e- a\u0219a anun\u021ba Mediafax. \u00censeamn\u0103 c\u0103 Re\u0219i\u021ba este al 44 ora\u0219, Pentru c\u0103 \u0219i aici s-au stins luminile. Ora P\u0103m\u00e2ntului a fost marcat\u0103 \u0219i \u00een re\u0219edin\u021ba Banatului Montan prin muzic\u0103 \u0219i lecturi la lumina lum\u00e2n\u0103rii. InfoCs ne informeaz\u0103:<\/span><\/p>\n<p style=\"text-align: justify;\"><strong>,,Fiecare dintre noi are puterea de a schimba lumea \u00een care tr\u0103im\u201d!<\/strong><\/p>\n<p><a href=\"http:\/\/semndecarte.metarsis.ro\/wp-content\/uploads\/2013\/03\/ora-pamantului.jpg\" rel=\"lightbox[7722]\"><img loading=\"lazy\" class=\"alignleft size-full wp-image-7720\" title=\"ora-pamantului\" src=\"http:\/\/semndecarte.metarsis.ro\/wp-content\/uploads\/2013\/03\/ora-pamantului.jpg\" alt=\"\" width=\"520\" height=\"200\" srcset=\"https:\/\/semndecarte.metarsis.ro\/wp-content\/uploads\/2013\/03\/ora-pamantului.jpg 520w, https:\/\/semndecarte.metarsis.ro\/wp-content\/uploads\/2013\/03\/ora-pamantului-160x61.jpg 160w, https:\/\/semndecarte.metarsis.ro\/wp-content\/uploads\/2013\/03\/ora-pamantului-163x62.jpg 163w\" sizes=\"(max-width: 520px) 100vw, 520px\" \/><\/a><\/p>\n<p style=\"text-align: justify;\">Acesta a fost anul acesta mesajul cu care re\u0219i\u0163enii i-au provocat pe to\u021bi prietenii naturii s\u0103 fac\u0103 mai mult dec\u00e2t s\u0103 sting\u0103 luminile pentru o ora. Ei i-au \u00eendemnat pe cei peste 200 de tineri prezen\u0163i \u00een fa\u0163a Palatului Cultural s\u0103-\u0219i ia angajamentul de a-\u0219i schimba stilul de via\u021b\u0103, reduc\u00e2nd impactul negativ asupra mediului.\u00a0\u00cencep\u00e2nd cu ora 20:30, pentru 60 de minute, toate luminile din Centrul Civic au fost stinse. Prim\u0103ria Re\u0219i\u021ba a sprijinit ac\u021biunea organizatorilor \u015fi a oprit pentru o or\u0103 iluminatul public \u00een centrul ora\u015fului. Astfel, Municipiul Re\u0219i\u021ba se reg\u0103se\u0219te printre ora\u0219ele active \u00een campanie.<!--more-->\u00a0Peste 200 de persoane, tineri \u015fi adul\u0163i, au venit asear\u0103 \u00een Centrul Civic cu o lum\u00e2nare sau candel\u0103 din care s-a format cifra 60. Cei prezen\u0163i au avut parte de momente artistice deosebite \u00eencep\u00e2nd cu muzica folk, apoi un intermezzo coral, dar \u015fi muzic\u0103 de pian \u015fi lectur\u0103 la lumina lum\u00e2narii \u00een atmosfera de poveste a Libr\u0103riei Semn de Carte unde cultura este la ea acas\u0103. Juniorul Patrick Paulescu a interpretat piese celebre la pian iar aplauzele furtunoase au fost pe m\u0103sura interpret\u0103rii \u015fi a talentului s\u0103u.\u00a0S-au al\u0103turat demersului mai multe organiza\u021bii neguvernamntale, \u015fcoli, studen\u0163i, dar \u015fi institu\u021bii precum: prim\u0103ria, licee, teatrul de stat \u015fi biblioteca sau o libr\u0103rie, mai exact, Rock Cafe, Liceul Mircea Eliade, Asocia\u021bia Cultural\u0103 Re\u0219i\u021ba Rom\u00e2n\u0103, Berlin Cafe, Colegiul Tehnic Re\u0219i\u021ba, Parallel Jam, Casa de Cultur\u0103 a Sindicatelor \u201eCorneliu Diaconovici\u201d, SC Gradimex SRL, Asocia\u021bia Cogito, Pizzeria Florio, Colegiul Economic al Banatului Montan, Libr\u0103ria Semn de Carte, Asocia\u021bia Prietenii Mun\u021bilor, Colegiul Na\u021bional Traian Lalescu \u015fi mul\u0163i al\u0163ii.\u00a0Cu to\u0163ii au ar\u0103tat c\u0103 le pas\u0103! S\u00e2mb\u0103t\u0103, 23 martie de la ora 20:30, Banatul Montan a stins lumina fiindc\u0103 mai mult de o Or\u0103 acordat\u0103 Terrei, \u00eenseamn\u0103 o \u015fans\u0103 \u00een plus acordat\u0103 viitorului nostru!<br \/>\nCa de fiecare dat\u0103 c\u00e2nd este vorba de activit\u0103\u0163i voluntare \u015fi apolitice, InfoCs a fost prezent la eveniment \u015fi v\u0103 prezint\u0103 \u00een exclusivitate un amplu reportaj cu cele mai importante momente, cu imagi<span style=\"font-size: 13px; line-height: 1.3;\">ni \u015fi p\u0103reri de la fa\u0163a locului. (InfoCs)<\/span><\/p>\n<p><a style=\"font-size: 13px; line-height: 1.3; text-align: justify;\" href=\"http:\/\/semndecarte.metarsis.ro\/wp-content\/uploads\/2013\/03\/Ora-pamantului004.jpg\" rel=\"lightbox[7722]\"><img loading=\"lazy\" class=\"alignleft size-thumbnail wp-image-7724\" title=\"Ora pamantului\" src=\"http:\/\/semndecarte.metarsis.ro\/wp-content\/uploads\/2013\/03\/Ora-pamantului004-95x95.jpg\" alt=\"\" width=\"95\" height=\"95\" \/><\/a><\/p>\n<p style=\"text-align: justify;\"><a href=\"http:\/\/semndecarte.metarsis.ro\/wp-content\/uploads\/2013\/03\/Ora-pamantului008.jpg\" rel=\"lightbox[7722]\"><img loading=\"lazy\" class=\"alignleft size-thumbnail wp-image-7728\" title=\"Ora pamantului\" src=\"http:\/\/semndecarte.metarsis.ro\/wp-content\/uploads\/2013\/03\/Ora-pamantului008-95x95.jpg\" alt=\"\" width=\"95\" height=\"95\" \/><\/a><a href=\"http:\/\/semndecarte.metarsis.ro\/wp-content\/uploads\/2013\/03\/Ora-pamantului003.jpg\" rel=\"lightbox[7722]\"><img loading=\"lazy\" class=\"alignleft size-thumbnail wp-image-7723\" style=\"font-size: 13px;\" title=\"Ora pamantului\" src=\"http:\/\/semndecarte.metarsis.ro\/wp-content\/uploads\/2013\/03\/Ora-pamantului003-95x95.jpg\" alt=\"\" width=\"95\" height=\"95\" \/><\/a><a href=\"http:\/\/semndecarte.metarsis.ro\/wp-content\/uploads\/2013\/03\/Ora-pamantului010.jpg\" rel=\"lightbox[7722]\"><img loading=\"lazy\" class=\"alignleft size-thumbnail wp-image-7729\" title=\"Ora pamantului\" src=\"http:\/\/semndecarte.metarsis.ro\/wp-content\/uploads\/2013\/03\/Ora-pamantului010-95x95.jpg\" alt=\"\" width=\"95\" height=\"95\" \/><\/a><a href=\"http:\/\/semndecarte.metarsis.ro\/wp-content\/uploads\/2013\/03\/Ora-pamantului005.jpg\" rel=\"lightbox[7722]\"><img loading=\"lazy\" class=\"alignleft size-thumbnail wp-image-7725\" title=\"Ora pamantului\" src=\"http:\/\/semndecarte.metarsis.ro\/wp-content\/uploads\/2013\/03\/Ora-pamantului005-95x95.jpg\" alt=\"\" width=\"95\" height=\"95\" \/><\/a><a href=\"http:\/\/semndecarte.metarsis.ro\/wp-content\/uploads\/2013\/03\/Ora-pamantului012.jpg\" rel=\"lightbox[7722]\"><img loading=\"lazy\" class=\"alignleft size-thumbnail wp-image-7731\" title=\"Ora pamantului\" src=\"http:\/\/semndecarte.metarsis.ro\/wp-content\/uploads\/2013\/03\/Ora-pamantului012-95x95.jpg\" alt=\"\" width=\"95\" height=\"95\" \/><\/a><a href=\"http:\/\/semndecarte.metarsis.ro\/wp-content\/uploads\/2013\/03\/Ora-pamantului006.jpg\" rel=\"lightbox[7722]\"><img loading=\"lazy\" class=\"alignleft size-thumbnail wp-image-7726\" title=\"Ora pamantului\" src=\"http:\/\/semndecarte.metarsis.ro\/wp-content\/uploads\/2013\/03\/Ora-pamantului006-95x95.jpg\" alt=\"\" width=\"95\" height=\"95\" \/><\/a><a href=\"http:\/\/semndecarte.metarsis.ro\/wp-content\/uploads\/2013\/03\/Ora-pamantului011.jpg\" rel=\"lightbox[7722]\"><img loading=\"lazy\" class=\"alignleft size-thumbnail wp-image-7730\" title=\"Ora pamantului\" src=\"http:\/\/semndecarte.metarsis.ro\/wp-content\/uploads\/2013\/03\/Ora-pamantului011-95x95.jpg\" alt=\"\" width=\"95\" height=\"95\" \/><\/a><a href=\"http:\/\/semndecarte.metarsis.ro\/wp-content\/uploads\/2013\/03\/Ora-pamantului013.jpg\" rel=\"lightbox[7722]\"><img loading=\"lazy\" class=\"alignleft size-thumbnail wp-image-7732\" title=\"Ora pamantului\" src=\"http:\/\/semndecarte.metarsis.ro\/wp-content\/uploads\/2013\/03\/Ora-pamantului013-95x95.jpg\" alt=\"\" width=\"95\" height=\"95\" \/><\/a><a href=\"http:\/\/semndecarte.metarsis.ro\/wp-content\/uploads\/2013\/03\/Ora-pamantului007.jpg\" rel=\"lightbox[7722]\"><img loading=\"lazy\" class=\"alignleft size-thumbnail wp-image-7727\" title=\"Ora pamantului\" src=\"http:\/\/semndecarte.metarsis.ro\/wp-content\/uploads\/2013\/03\/Ora-pamantului007-95x95.jpg\" alt=\"\" width=\"95\" height=\"95\" \/><\/a><\/p>\n","protected":false},"excerpt":{"rendered":"<p>Re\u0219i\u021ba a fost prezent\u0103! A fost Ora P\u0103m\u00e2ntului\/ Earth Hour. Au fost stisne luminile s\u00e2mb\u0103t\u0103, 23 martie 2013 \u00eentre orele 20:30-21:30, \u00eentr-un gest de solidaritete mondial\u0103 \u00een peste 150 de \u021b\u0103ri, ca semnal de alarm\u0103 asupra \u00eenc\u0103lzirii globale. \u00cen Rom\u00e2nia lumina s-a stins- simbolic \u00een 43 de ora\u0219e- a\u0219a anun\u021ba Mediafax. \u00censeamn\u0103 c\u0103 Re\u0219i\u021ba este [&hellip;]<\/p>\n","protected":false},"author":1,"featured_media":0,"comment_status":"open","ping_status":"open","sticky":false,"template":"","format":"standard","meta":[],"categories":[7],"tags":[381],"_links":{"self":[{"href":"https:\/\/semndecarte.metarsis.ro\/index.php?rest_route=\/wp\/v2\/posts\/7722"}],"collection":[{"href":"https:\/\/semndecarte.metarsis.ro\/index.php?rest_route=\/wp\/v2\/posts"}],"about":[{"href":"https:\/\/semndecarte.metarsis.ro\/index.php?rest_route=\/wp\/v2\/types\/post"}],"author":[{"embeddable":true,"href":"https:\/\/semndecarte.metarsis.ro\/index.php?rest_route=\/wp\/v2\/users\/1"}],"replies":[{"embeddable":true,"href":"https:\/\/semndecarte.metarsis.ro\/index.php?rest_route=%2Fwp%2Fv2%2Fcomments&post=7722"}],"version-history":[{"count":0,"href":"https:\/\/semndecarte.metarsis.ro\/index.php?rest_route=\/wp\/v2\/posts\/7722\/revisions"}],"wp:attachment":[{"href":"https:\/\/semndecarte.metarsis.ro\/index.php?rest_route=%2Fwp%2Fv2%2Fmedia&parent=7722"}],"wp:term":[{"taxonomy":"category","embeddable":true,"href":"https:\/\/semndecarte.metarsis.ro\/index.php?rest_route=%2Fwp%2Fv2%2Fcategories&post=7722"},{"taxonomy":"post_tag","embeddable":true,"href":"https:\/\/semndecarte.metarsis.ro\/index.php?rest_route=%2Fwp%2Fv2%2Ftags&post=7722"}],"curies":[{"name":"wp","href":"https:\/\/api.w.org\/{rel}","templated":true}]}}