{"id":7606,"date":"2013-03-01T23:48:53","date_gmt":"2013-03-01T21:48:53","guid":{"rendered":"http:\/\/semndecarte.metarsis.ro\/?p=7606"},"modified":"2013-03-04T17:40:44","modified_gmt":"2013-03-04T15:40:44","slug":"drumeti-in-2012","status":"publish","type":"post","link":"https:\/\/semndecarte.metarsis.ro\/?p=7606","title":{"rendered":"Drume\u021bi \u00een 2012"},"content":{"rendered":"<p><strong><span style=\"font-size: 13px; line-height: 1.3;\">Iancsi Mato jr. prezint\u0103<\/span><\/strong><\/p>\n<p style=\"text-align: justify;\"><span style=\"font-size: 13px; line-height: 1.3;\"><a href=\"http:\/\/semndecarte.metarsis.ro\/wp-content\/uploads\/2013\/03\/Drumeti.jpg\" rel=\"lightbox[7606]\"><img loading=\"lazy\" class=\"alignleft size-full wp-image-7608\" title=\"Drumeti\" src=\"http:\/\/semndecarte.metarsis.ro\/wp-content\/uploads\/2013\/03\/Drumeti.jpg\" alt=\"\" width=\"520\" height=\"215\" srcset=\"https:\/\/semndecarte.metarsis.ro\/wp-content\/uploads\/2013\/03\/Drumeti.jpg 520w, https:\/\/semndecarte.metarsis.ro\/wp-content\/uploads\/2013\/03\/Drumeti-160x66.jpg 160w, https:\/\/semndecarte.metarsis.ro\/wp-content\/uploads\/2013\/03\/Drumeti-163x67.jpg 163w\" sizes=\"(max-width: 520px) 100vw, 520px\" \/><\/a>La ultima \u00eent\u00e2lnire din luna februarie Ioan Mato jr., cel c\u0103ruia prietenii \u00eei spun Iancsi, ne-a purtat prin imaginile prezentate la libr\u0103ria Semn de Carte \u00een frumoase drume\u021bii de-a lungul \u0219i de-a latul Banatului Montan.\u00a0<!--more-->Dincolo de rucsacul mult prea \u00eenc\u0103rcat pe care Iancsi Mato- jr. l-a purtat, chinuitor, \u00een spate, \u015fi pe care \u00a0l-a tot umplut, preventiv,\u00a0cu \u201cde toate\u201d- poate-\u2018or trebui- cu bucuria unui copil care pleaca pentru prima oara \u00een excursia mult visat\u0103, r\u0103m\u00e2n pozele superbe, imagini din \u00eentregul Banat de munte surprinse de \u201cochiul fotografului\u201d- parte talent mo\u015ftenit- parte \u015fcoala tat\u0103lui- renumitul fotograf \u00a0Ioan Mato-sr. Imagini \u00a0pe care Iancsi, cu acea\u015fi bucurie candida le-a d\u0103ruit celor prezen\u0163i, nu pu\u0163ini la num\u0103r.<\/span><\/p>\n<p style=\"text-align: justify;\"><iframe src=\"http:\/\/www.youtube.com\/embed\/rsdaq0KEmvM\" frameborder=\"0\" align=\"left\" width=\"520\" height=\"428\"><\/iframe><\/p>\n","protected":false},"excerpt":{"rendered":"<p>La ultima \u00eent\u00e2lnire din luna februarie Ioan Mato jr., cel c\u0103ruia prietenii \u00eei spun Iancsi, ne-a purtat prin imaginile prezentate la libr\u0103ria Semn de Carte \u00een frumoase drume\u021bii de-a lungul \u0219i de-a latul Banatului Montan.<\/p>\n","protected":false},"author":1,"featured_media":0,"comment_status":"open","ping_status":"open","sticky":false,"template":"","format":"standard","meta":[],"categories":[7],"tags":[],"_links":{"self":[{"href":"https:\/\/semndecarte.metarsis.ro\/index.php?rest_route=\/wp\/v2\/posts\/7606"}],"collection":[{"href":"https:\/\/semndecarte.metarsis.ro\/index.php?rest_route=\/wp\/v2\/posts"}],"about":[{"href":"https:\/\/semndecarte.metarsis.ro\/index.php?rest_route=\/wp\/v2\/types\/post"}],"author":[{"embeddable":true,"href":"https:\/\/semndecarte.metarsis.ro\/index.php?rest_route=\/wp\/v2\/users\/1"}],"replies":[{"embeddable":true,"href":"https:\/\/semndecarte.metarsis.ro\/index.php?rest_route=%2Fwp%2Fv2%2Fcomments&post=7606"}],"version-history":[{"count":0,"href":"https:\/\/semndecarte.metarsis.ro\/index.php?rest_route=\/wp\/v2\/posts\/7606\/revisions"}],"wp:attachment":[{"href":"https:\/\/semndecarte.metarsis.ro\/index.php?rest_route=%2Fwp%2Fv2%2Fmedia&parent=7606"}],"wp:term":[{"taxonomy":"category","embeddable":true,"href":"https:\/\/semndecarte.metarsis.ro\/index.php?rest_route=%2Fwp%2Fv2%2Fcategories&post=7606"},{"taxonomy":"post_tag","embeddable":true,"href":"https:\/\/semndecarte.metarsis.ro\/index.php?rest_route=%2Fwp%2Fv2%2Ftags&post=7606"}],"curies":[{"name":"wp","href":"https:\/\/api.w.org\/{rel}","templated":true}]}}