{"id":7569,"date":"2013-02-08T23:44:13","date_gmt":"2013-02-08T21:44:13","guid":{"rendered":"http:\/\/semndecarte.metarsis.ro\/?p=7569"},"modified":"2013-02-08T23:44:13","modified_gmt":"2013-02-08T21:44:13","slug":"sabin-pauta-la-aniversari","status":"publish","type":"post","link":"https:\/\/semndecarte.metarsis.ro\/?p=7569","title":{"rendered":"Sabin P\u0103u\u0163a, la anivers\u0103ri"},"content":{"rendered":"<p style=\"text-align: justify;\"><strong>\u201cN-am \u00eent\u00e2lnit un popor mai talentat dec\u00e2t rom\u00e2nii!\u201d<\/strong><\/p>\n<p style=\"text-align: justify;\"><a href=\"http:\/\/semndecarte.metarsis.ro\/wp-content\/uploads\/2013\/02\/Aniversare-Sabin-Pauta_018.jpg\" rel=\"lightbox[7569]\"><img loading=\"lazy\" class=\"alignleft  wp-image-7570\" title=\"Aniversare-Sabin-Pauta_018\" src=\"http:\/\/semndecarte.metarsis.ro\/wp-content\/uploads\/2013\/02\/Aniversare-Sabin-Pauta_018.jpg\" alt=\"\" width=\"240\" height=\"360\" srcset=\"https:\/\/semndecarte.metarsis.ro\/wp-content\/uploads\/2013\/02\/Aniversare-Sabin-Pauta_018.jpg 400w, https:\/\/semndecarte.metarsis.ro\/wp-content\/uploads\/2013\/02\/Aniversare-Sabin-Pauta_018-106x160.jpg 106w, https:\/\/semndecarte.metarsis.ro\/wp-content\/uploads\/2013\/02\/Aniversare-Sabin-Pauta_018-108x163.jpg 108w\" sizes=\"(max-width: 240px) 100vw, 240px\" \/><\/a>Ur\u0103\u015fte violen\u0163a \u015fi ne\u00een\u0163elegerile \u00eentre oameni. \u00cel iube\u015fte pe Paul Newman (dar cine nu l-ar iubi?) \u015fi pe Dustin Hoffman. Filmul preferat este\u201d Papillon\u201d \u00a0(regia: Franklin J. Schaffner). Autorul preferat: Cehov. Cartea pe care o recite\u015fte o dat\u0103 la 5 ani: \u201cDe veghe \u00een lanul de secar\u0103\u201d\u00a0 a lui J.D. Salinger. Compozitorul favorit: J.S.Bach (Missa \u00een si minor). Destina\u0163ia de vis: un loc unde s\u0103 fie pace. Se autodefine\u015fte, cu ironia fin\u0103 a intelectualului de marc\u0103: \u201cDac\u0103 n-a\u015f fi fost muzician, a\u015f fi fost t\u00e2mplar. Sunt cel mai bun t\u00e2mplar dintre muzicieni! \u201c Cele doua fete ale sale, Andreea \u015fi Sabina,\u00a0 \u00eel contreaz\u0103, must\u0103cind pozna\u015f: \u201d Este cel mai mare compozitor dintre t\u0103mplari\u201d\u2026Muzicianul- t\u0103mplar\u00a0 declar\u0103 f\u0103r\u0103 emfaz\u0103: \u201d Am ref\u0103cut 4 case: 3 \u00een America \u015fi una \u00een Rom\u00e2nia\u201d. Cea din Rom\u00eenia este la Re\u015fi\u0163a (Moniom) \u015fi-l g\u0103zduie\u015fte, dup\u0103 o carier\u0103 impresionant\u0103. Dezvoltat\u0103 \u00een lume. Este produs al Banatului de Munte a c\u0103rui cultur\u0103 o poart\u0103\u00a0 cu fal\u0103. <!--more-->A \u00eemp\u0103cat tradi\u0163ia muzical\u0103 cu inova\u0163ia \u015fi experimentul muzical, a pus numele Re\u015fi\u0163ei \u015fi al Banatului Montan pe harta muzical\u0103 a lumii Este b\u0103n\u0103\u0163ean f\u0103los. O fal\u0103 sinonim\u0103 cu m\u00e2ndria. Acea m\u00e2ndrie sinonim\u0103, la r\u00e2ndul s\u0103u, cu frumuse\u0163ea, cu in\u0163elepciunea, cu str\u0103lucirea \u015fi onoarea, f\u0103r\u0103 \u00eencredere exacerbat\u0103, f\u0103r\u0103 orgoliu \u015fi, mai ales, f\u0103r\u0103 \u00a0trufie. Putea fi fudul pentru c\u0103 apare, alaturi de Mircea Eliade, \u00een cartea \u201c10.000 de americani notabili\u201d. Sau pentru c\u0103 a c\u00e2\u015ftigat premiul \u201eMartin Luther King Jr.\u201d, care este un fel de Oscar pentru compozitori,\u00a0 \u015fi pentru c\u0103, \u00een fiecare an, pe data de 24 ianuarie, muzica pe care acesta a compus-o pentru concurs r\u0103sun\u0103 \u2013 <em>for ever<\/em> cum ar spune americanii- pentru 24 de ore, \u00een mausoleul Luther King din Washington. Sau pentru c\u0103, atunci c\u00e2nd a luat decizia s\u0103 revin\u0103 \u00een \u0163ar\u0103, a primit postul de \u201edirijor onorific\u201d al Filarmonicii din New Jeresy \u015fi de dou\u0103 ori pe an se re\u00eentoarce s\u0103 sus\u0163in\u0103 concerte \u00een SUA. Modest din fire, emana acea energie \u015fi distinc\u0163ie pe care doar spiritele superioare o au. \u015ei cei ale\u015fi. \u015ei cei \u00eenzestra\u0163i cu har. Ast\u0103zi, 8 februarie 2013,\u00a0 profesorul, compozitorul, dirijorul \u015fi interpretul, artistul complet <strong>Sabin P\u0103u\u0163a<\/strong>,\u00a0 \u00eempline\u015fte <strong><em>7o de ani<\/em><\/strong> de via\u0163\u0103. Anul acesta maestrul <strong>Sabin Pau\u0163a<\/strong>\u00a0 \u00eempline\u015fte <strong><em>5o de ani<\/em><\/strong> de carier\u0103. \u00cei dorim s\u0103n\u0103tate. Ii dorim s\u0103 se bucure de tot ce-l face fericit \u015fi s\u0103-i fie bine!\u00a0 \u00cei transmitem g\u00e2ndurile noastre bune \u015fi-i mul\u0163umim pentru tot. Pentru muzic\u0103, pentru \u201cfala bun\u0103 b\u0103n\u0103\u0163ean\u0103\u201d purtata \u00eentre Re\u015fi\u0163a, Bucure\u015fti, Ia\u015fi, New Jersey \u015fi retur. Pentru convingeri. Pentru c\u0103 s-a \u00eentors <em>acas\u0103<\/em>. Pentru c\u0103 ne-a acceptat ca prieteni \u015fi ne-a onorat ca Pre\u015fedinte al Societ\u0103\u0163ii pentru Cultura \u201cMetarsis\u201d, st\u00e2ndu-ne al\u0103turi. Pentru c\u0103 ne-a \u00eennobilat timpul \u015fi spa\u0163iul. Pentru datoria in\u0163eleas\u0103 \u015fi asumat\u0103: \u201c Sunt dator fa\u0163\u0103 de rom\u00e2nii mei. Trebuie s\u0103 salv\u0103m corabia s\u0103 nu se scufunde\u2026\u015ei dac\u0103 se scufund\u0103, vreau s\u0103 fiu aici!\u201d.<\/p>\n<p style=\"text-align: justify;\"><strong>\u00a0LA MUL\u0162I \u015eI BINECUV\u00c2NTA\u0162I ANI, SABIN P\u0102U\u0162A!<\/strong><\/p>\n","protected":false},"excerpt":{"rendered":"<p>Ast\u0103zi, 8 februarie 2013,  profesorul, compozitorul, dirijorul \u015fi interpretul, artistul complet Sabin P\u0103u\u0163a,  \u00eempline\u015fte 7o de ani de via\u0163\u0103. Anul acesta maestrul Sabin Pau\u0163a  \u00eempline\u015fte 5o de ani de carier\u0103. \u00cei dorim s\u0103n\u0103tate. Ii dorim s\u0103 se bucure de tot ce-l face fericit \u015fi s\u0103-i fie bine!  \u00cei transmitem g\u00e2ndurile noastre bune \u015fi-i mul\u0163umim pentru tot.<\/p>\n","protected":false},"author":1,"featured_media":0,"comment_status":"open","ping_status":"open","sticky":false,"template":"","format":"standard","meta":[],"categories":[1],"tags":[377],"_links":{"self":[{"href":"https:\/\/semndecarte.metarsis.ro\/index.php?rest_route=\/wp\/v2\/posts\/7569"}],"collection":[{"href":"https:\/\/semndecarte.metarsis.ro\/index.php?rest_route=\/wp\/v2\/posts"}],"about":[{"href":"https:\/\/semndecarte.metarsis.ro\/index.php?rest_route=\/wp\/v2\/types\/post"}],"author":[{"embeddable":true,"href":"https:\/\/semndecarte.metarsis.ro\/index.php?rest_route=\/wp\/v2\/users\/1"}],"replies":[{"embeddable":true,"href":"https:\/\/semndecarte.metarsis.ro\/index.php?rest_route=%2Fwp%2Fv2%2Fcomments&post=7569"}],"version-history":[{"count":0,"href":"https:\/\/semndecarte.metarsis.ro\/index.php?rest_route=\/wp\/v2\/posts\/7569\/revisions"}],"wp:attachment":[{"href":"https:\/\/semndecarte.metarsis.ro\/index.php?rest_route=%2Fwp%2Fv2%2Fmedia&parent=7569"}],"wp:term":[{"taxonomy":"category","embeddable":true,"href":"https:\/\/semndecarte.metarsis.ro\/index.php?rest_route=%2Fwp%2Fv2%2Fcategories&post=7569"},{"taxonomy":"post_tag","embeddable":true,"href":"https:\/\/semndecarte.metarsis.ro\/index.php?rest_route=%2Fwp%2Fv2%2Ftags&post=7569"}],"curies":[{"name":"wp","href":"https:\/\/api.w.org\/{rel}","templated":true}]}}