{"id":7511,"date":"2013-01-29T14:34:19","date_gmt":"2013-01-29T12:34:19","guid":{"rendered":"http:\/\/semndecarte.metarsis.ro\/?p=7511"},"modified":"2013-01-29T14:34:19","modified_gmt":"2013-01-29T12:34:19","slug":"lumea-noastra-2","status":"publish","type":"post","link":"https:\/\/semndecarte.metarsis.ro\/?p=7511","title":{"rendered":"&#8222;Lumea noastr\u0103&#8221;"},"content":{"rendered":"<p style=\"text-align: justify;\"><a href=\"http:\/\/semndecarte.metarsis.ro\/wp-content\/uploads\/2013\/01\/Lansare1.jpg\" rel=\"lightbox[7511]\"><img loading=\"lazy\" class=\"alignleft size-full wp-image-7513\" title=\"Lansare\" src=\"http:\/\/semndecarte.metarsis.ro\/wp-content\/uploads\/2013\/01\/Lansare1.jpg\" alt=\"\" width=\"520\" height=\"200\" srcset=\"https:\/\/semndecarte.metarsis.ro\/wp-content\/uploads\/2013\/01\/Lansare1.jpg 520w, https:\/\/semndecarte.metarsis.ro\/wp-content\/uploads\/2013\/01\/Lansare1-160x61.jpg 160w, https:\/\/semndecarte.metarsis.ro\/wp-content\/uploads\/2013\/01\/Lansare1-163x62.jpg 163w\" sizes=\"(max-width: 520px) 100vw, 520px\" \/><\/a>Luni, 28 ianuarie 2013, la Libr\u0103ria \u201eSemn de carte\u201d Re\u015fi\u0163a a avut loc lansarea nr. 24 al revistei \u015ecolii 7 Re\u015fi\u0163a, \u201eLumea noastr\u0103\u201d.\u00a0 Realizat\u0103 de un grup de elevi din clasa a VII-a B ai \u015fcolii, revista cuprinde reportaje \u015fi \u015ftiri de la activit\u0103\u0163ile derulate \u00een ultimele dou\u0103 luni, inclusiv \u00een timpul vacan\u0163ei de iarn\u0103. <!--more-->\u00cen acest sens, men\u0163ion\u0103m excursia \u00een str\u0103in\u0103tate desf\u0103\u015furat\u0103 \u00een luna decembrie, tab\u0103ra de schi de pe Muntele Mic, ac\u0163iunile organizate cu ocazia s\u0103rb\u0103torilor de iarn\u0103. \u201eIncursiunea \u00een Banatul Montan\u201d cuprinde un reportaj amplu referitor la Clubul Montan Caransebe\u015f, iar \u201ePortretul de dasc\u0103l\u201d \u00eel surprinde, \u00een acest num\u0103r, pe profesorul Ilie B\u0103descu. Ca nout\u0103\u0163i ale revistei amintim dou\u0103 rubrici, \u015fi anume \u201eDe-ale Anei\u201d \u015fi \u201eIT NEWS\u201d, cuprinz\u00e2nd preferin\u0163e muzicale, filme sau ultimele apari\u0163ii \u00een domeniul IT. Dup\u0103 \u201eCum se face&#8230;\u201d <em>alpinismul, muzica <\/em>ori<em> medicina, <\/em>a venit r\u00e2ndul <em>presei scrise<\/em>, printr-un interviu \u00een care redactorul-\u015fef al cotidianului \u201eJurnal de Cara\u015f-Severin\u201d, Nina Curi\u0163\u0103, dezv\u0103luie c\u00e2teva din secretele muncii de jurnalist.<\/p>\n<p style=\"text-align: justify;\">La lansare a participat o delega\u0163ie numeroas\u0103 de la Clubul Montan Caransebe\u015f, \u00eentre \u015ecoala 7 Re\u015fi\u0163a \u015fi aceast\u0103 organiza\u0163ie exist\u00e2nd o colaborare deosebit\u0103, concretizat\u0103 \u00een participarea elevilor \u015fcolii la tabere de iarn\u0103 \u015fi de var\u0103\u00a0 de pe Muntele Mic, precum \u015fi \u00een implicarea Clubului Montan \u00een diverse ac\u0163iuni ale \u015fcolii. Elevii prezen\u0163i la lansare s-au bucurat s\u0103-l re\u00eent\u00e2lneasc\u0103 pe alpinistul Cornel Galescu, pre\u015fedintele onorific al Clubului Montan Caransebe\u015f, care a realizat o succint\u0103 prezentare a acestuia, dar a vorbit \u015fi despre importan\u0163a taberelor \u00een dezvoltarea personal\u0103 a copiilor.<\/p>\n<p style=\"text-align: justify;\">Prezent la lansare, Tudor Deaconu, directorul Casei Corpului Didactic Cara\u015f-Severin, a \u00eenm\u00e2nat echipei redac\u0163ionale diploma ob\u0163inut\u0103 la Concursul Na\u0163ional de Creativitate Didactic\u0103 \u00een domeniul materialelor auxiliare, revista primind premiul al III-lea al Institutului Rom\u00e2n pentru Drepturile Omului.<\/p>\n<p style=\"text-align: justify;\">Au participat la lansare copiii prezen\u0163i \u00een tab\u0103ra de schi de pe Muntele Mic \u00een perioada 2-7 ianuarie 2013, care \u015fi-au exprimat impresiile despre lec\u0163iile de schi primite de la membrii CMC, prezen\u0163i la lansare. Pe l\u00e2ng\u0103 cei aminti\u0163i, au fost al\u0103turi de copii Iancsi Mato, din partea Organiza\u0163iei \u201ePrietenii Mun\u0163ilor\u201d \u2013 sec\u0163ia Drume\u0163ii, prof. Ionu\u0163 G\u00e2rtoi \u015fi Cristiana Schmaler \u2013 directorul \u015ecolii 7 Re\u015fi\u0163a, p\u0103rin\u0163i \u015fi prieteni ai acestora. Darius Firea, elev al Colegiului Economic al Banatului Montan, cunoscut ca DMC, a interpretat una din ultimele piese muzicale ale sale.<\/p>\n<p style=\"text-align: justify;\">Echipa redac\u0163ional\u0103 a revistei\u00a0 este\u00a0 compus\u0103\u00a0 din\u00a0 Oana Gogo\u015feanu, Ami Glogovicean, Ana Ro\u015fca, Maria Sorca, Karina Dimcea, Larisa B\u0103r\u0103scu, Raul Sivulca \u015fi Vlad Ionete.\u00a0 Lansarea revistei a fost organizat\u0103 de Camelia \u015fi Lucian Duca \u015fi de coordonatorul revistei, prof. Cristina Ardeleanu. (<span style=\"font-size: 13px; line-height: 1.3;\">cons. educativ, prof. Cristina Ardeleanu)<\/span><\/p>\n<p style=\"text-align: justify;\">Cite\u0219te aici revistea \u015ecolii 7 Re\u015fi\u0163a,\u00a0<a style=\"font-size: 13px; line-height: 1.3;\" href=\"http:\/\/semndecarte.metarsis.ro\/wp-content\/uploads\/2013\/01\/LUMEA-NOASTRA-nr.-24.pdf\">LUMEA NOASTRA nr. 24<\/a><\/p>\n<p style=\"text-align: justify;\"><a href=\"http:\/\/semndecarte.metarsis.ro\/wp-content\/uploads\/2013\/01\/041.jpg\" rel=\"lightbox[7511]\"><img loading=\"lazy\" class=\"alignleft size-thumbnail wp-image-7517\" title=\"Lansarea nr. 24 al revistei \u015ecolii 7 Re\u015fi\u0163a, \u201eLumea noastr\u0103\u201d\" src=\"http:\/\/semndecarte.metarsis.ro\/wp-content\/uploads\/2013\/01\/041-95x95.jpg\" alt=\"\" width=\"95\" height=\"95\" \/><\/a><a href=\"http:\/\/semndecarte.metarsis.ro\/wp-content\/uploads\/2013\/01\/081.jpg\" rel=\"lightbox[7511]\"><img loading=\"lazy\" class=\"alignleft size-thumbnail wp-image-7521\" title=\"Lansarea nr. 24 al revistei \u015ecolii 7 Re\u015fi\u0163a, \u201eLumea noastr\u0103\u201d\" src=\"http:\/\/semndecarte.metarsis.ro\/wp-content\/uploads\/2013\/01\/081-95x95.jpg\" alt=\"\" width=\"95\" height=\"95\" \/><\/a><a href=\"http:\/\/semndecarte.metarsis.ro\/wp-content\/uploads\/2013\/01\/061.jpg\" rel=\"lightbox[7511]\"><img loading=\"lazy\" class=\"alignleft size-thumbnail wp-image-7519\" title=\"Lansarea nr. 24 al revistei \u015ecolii 7 Re\u015fi\u0163a, \u201eLumea noastr\u0103\u201d\" src=\"http:\/\/semndecarte.metarsis.ro\/wp-content\/uploads\/2013\/01\/061-95x95.jpg\" alt=\"\" width=\"95\" height=\"95\" \/><\/a><a href=\"http:\/\/semndecarte.metarsis.ro\/wp-content\/uploads\/2013\/01\/052.jpg\" rel=\"lightbox[7511]\"><img loading=\"lazy\" class=\"alignleft size-thumbnail wp-image-7518\" title=\"Lansarea nr. 24 al revistei \u015ecolii 7 Re\u015fi\u0163a, \u201eLumea noastr\u0103\u201d\" src=\"http:\/\/semndecarte.metarsis.ro\/wp-content\/uploads\/2013\/01\/052-95x95.jpg\" alt=\"\" width=\"95\" height=\"95\" \/><\/a><a href=\"http:\/\/semndecarte.metarsis.ro\/wp-content\/uploads\/2013\/01\/03.jpg\" rel=\"lightbox[7511]\"><img loading=\"lazy\" class=\"alignleft size-thumbnail wp-image-7516\" title=\"Lansarea nr. 24 al revistei \u015ecolii 7 Re\u015fi\u0163a, \u201eLumea noastr\u0103\u201d\" src=\"http:\/\/semndecarte.metarsis.ro\/wp-content\/uploads\/2013\/01\/03-95x95.jpg\" alt=\"\" width=\"95\" height=\"95\" \/><\/a><a href=\"http:\/\/semndecarte.metarsis.ro\/wp-content\/uploads\/2013\/01\/071.jpg\" rel=\"lightbox[7511]\"><img loading=\"lazy\" class=\"alignleft size-thumbnail wp-image-7520\" title=\"Lansarea nr. 24 al revistei \u015ecolii 7 Re\u015fi\u0163a, \u201eLumea noastr\u0103\u201d\" src=\"http:\/\/semndecarte.metarsis.ro\/wp-content\/uploads\/2013\/01\/071-95x95.jpg\" alt=\"\" width=\"95\" height=\"95\" \/><\/a><a href=\"http:\/\/semndecarte.metarsis.ro\/wp-content\/uploads\/2013\/01\/142.jpg\" rel=\"lightbox[7511]\"><img loading=\"lazy\" class=\"alignleft size-thumbnail wp-image-7527\" title=\"Lansarea nr. 24 al revistei \u015ecolii 7 Re\u015fi\u0163a, \u201eLumea noastr\u0103\u201d\" src=\"http:\/\/semndecarte.metarsis.ro\/wp-content\/uploads\/2013\/01\/142-95x95.jpg\" alt=\"\" width=\"95\" height=\"95\" \/><\/a><a href=\"http:\/\/semndecarte.metarsis.ro\/wp-content\/uploads\/2013\/01\/152.jpg\" rel=\"lightbox[7511]\"><img loading=\"lazy\" class=\"alignleft size-thumbnail wp-image-7528\" title=\"Lansarea nr. 24 al revistei \u015ecolii 7 Re\u015fi\u0163a, \u201eLumea noastr\u0103\u201d\" src=\"http:\/\/semndecarte.metarsis.ro\/wp-content\/uploads\/2013\/01\/152-95x95.jpg\" alt=\"\" width=\"95\" height=\"95\" \/><\/a><a href=\"http:\/\/semndecarte.metarsis.ro\/wp-content\/uploads\/2013\/01\/132.jpg\" rel=\"lightbox[7511]\"><img loading=\"lazy\" class=\"alignleft size-thumbnail wp-image-7526\" title=\"Lansarea nr. 24 al revistei \u015ecolii 7 Re\u015fi\u0163a, \u201eLumea noastr\u0103\u201d\" src=\"http:\/\/semndecarte.metarsis.ro\/wp-content\/uploads\/2013\/01\/132-95x95.jpg\" alt=\"\" width=\"95\" height=\"95\" \/><\/a><a href=\"http:\/\/semndecarte.metarsis.ro\/wp-content\/uploads\/2013\/01\/123.jpg\" rel=\"lightbox[7511]\"><img loading=\"lazy\" class=\"alignleft size-thumbnail wp-image-7525\" title=\"Lansarea nr. 24 al revistei \u015ecolii 7 Re\u015fi\u0163a, \u201eLumea noastr\u0103\u201d\" src=\"http:\/\/semndecarte.metarsis.ro\/wp-content\/uploads\/2013\/01\/123-95x95.jpg\" alt=\"\" width=\"95\" height=\"95\" \/><\/a><a href=\"http:\/\/semndecarte.metarsis.ro\/wp-content\/uploads\/2013\/01\/021.jpg\" rel=\"lightbox[7511]\"><img loading=\"lazy\" class=\"alignleft size-thumbnail wp-image-7515\" title=\"Lansarea nr. 24 al revistei \u015ecolii 7 Re\u015fi\u0163a, \u201eLumea noastr\u0103\u201d\" src=\"http:\/\/semndecarte.metarsis.ro\/wp-content\/uploads\/2013\/01\/021-95x95.jpg\" alt=\"\" width=\"95\" height=\"95\" \/><\/a><a href=\"http:\/\/semndecarte.metarsis.ro\/wp-content\/uploads\/2013\/01\/114.jpg\" rel=\"lightbox[7511]\"><img loading=\"lazy\" class=\"alignleft size-thumbnail wp-image-7524\" title=\"Lansarea nr. 24 al revistei \u015ecolii 7 Re\u015fi\u0163a, \u201eLumea noastr\u0103\u201d\" src=\"http:\/\/semndecarte.metarsis.ro\/wp-content\/uploads\/2013\/01\/114-95x95.jpg\" alt=\"\" width=\"95\" height=\"95\" \/><\/a><a href=\"http:\/\/semndecarte.metarsis.ro\/wp-content\/uploads\/2013\/01\/104.jpg\" rel=\"lightbox[7511]\"><br \/>\n<img loading=\"lazy\" class=\"alignleft size-thumbnail wp-image-7523\" title=\"Lansarea nr. 24 al revistei \u015ecolii 7 Re\u015fi\u0163a, \u201eLumea noastr\u0103\u201d\" src=\"http:\/\/semndecarte.metarsis.ro\/wp-content\/uploads\/2013\/01\/104-95x95.jpg\" alt=\"\" width=\"95\" height=\"95\" \/><\/a><a href=\"http:\/\/semndecarte.metarsis.ro\/wp-content\/uploads\/2013\/01\/091.jpg\" rel=\"lightbox[7511]\"><img loading=\"lazy\" class=\"alignleft size-thumbnail wp-image-7522\" title=\"Lansarea nr. 24 al revistei \u015ecolii 7 Re\u015fi\u0163a, \u201eLumea noastr\u0103\u201d\" src=\"http:\/\/semndecarte.metarsis.ro\/wp-content\/uploads\/2013\/01\/091-95x95.jpg\" alt=\"\" width=\"95\" height=\"95\" \/><\/a><a href=\"http:\/\/semndecarte.metarsis.ro\/wp-content\/uploads\/2013\/01\/011.jpg\" rel=\"lightbox[7511]\"><img loading=\"lazy\" class=\"alignleft size-thumbnail wp-image-7514\" title=\"Lansarea nr. 24 al revistei \u015ecolii 7 Re\u015fi\u0163a, \u201eLumea noastr\u0103\u201d\" src=\"http:\/\/semndecarte.metarsis.ro\/wp-content\/uploads\/2013\/01\/011-95x95.jpg\" alt=\"\" width=\"95\" height=\"95\" \/><\/a><\/p>\n","protected":false},"excerpt":{"rendered":"<p>Luni, 28 ianuarie 2013, la Libr\u0103ria \u201eSemn de carte\u201d Re\u015fi\u0163a a avut loc lansarea numarului 24 al revistei \u015ecolii 7 Re\u015fi\u0163a, \u201eLumea noastr\u0103\u201d.<\/p>\n","protected":false},"author":1,"featured_media":0,"comment_status":"open","ping_status":"open","sticky":false,"template":"","format":"standard","meta":[],"categories":[7],"tags":[347],"_links":{"self":[{"href":"https:\/\/semndecarte.metarsis.ro\/index.php?rest_route=\/wp\/v2\/posts\/7511"}],"collection":[{"href":"https:\/\/semndecarte.metarsis.ro\/index.php?rest_route=\/wp\/v2\/posts"}],"about":[{"href":"https:\/\/semndecarte.metarsis.ro\/index.php?rest_route=\/wp\/v2\/types\/post"}],"author":[{"embeddable":true,"href":"https:\/\/semndecarte.metarsis.ro\/index.php?rest_route=\/wp\/v2\/users\/1"}],"replies":[{"embeddable":true,"href":"https:\/\/semndecarte.metarsis.ro\/index.php?rest_route=%2Fwp%2Fv2%2Fcomments&post=7511"}],"version-history":[{"count":0,"href":"https:\/\/semndecarte.metarsis.ro\/index.php?rest_route=\/wp\/v2\/posts\/7511\/revisions"}],"wp:attachment":[{"href":"https:\/\/semndecarte.metarsis.ro\/index.php?rest_route=%2Fwp%2Fv2%2Fmedia&parent=7511"}],"wp:term":[{"taxonomy":"category","embeddable":true,"href":"https:\/\/semndecarte.metarsis.ro\/index.php?rest_route=%2Fwp%2Fv2%2Fcategories&post=7511"},{"taxonomy":"post_tag","embeddable":true,"href":"https:\/\/semndecarte.metarsis.ro\/index.php?rest_route=%2Fwp%2Fv2%2Ftags&post=7511"}],"curies":[{"name":"wp","href":"https:\/\/api.w.org\/{rel}","templated":true}]}}