{"id":7481,"date":"2013-01-27T17:08:09","date_gmt":"2013-01-27T15:08:09","guid":{"rendered":"http:\/\/semndecarte.metarsis.ro\/?p=7481"},"modified":"2013-01-27T17:16:27","modified_gmt":"2013-01-27T15:16:27","slug":"mos-ion-roata-si-cuza","status":"publish","type":"post","link":"https:\/\/semndecarte.metarsis.ro\/?p=7481","title":{"rendered":"Mo\u0219 Ion Roat\u0103 \u0219i Cuza"},"content":{"rendered":"<p align=\"left\"><a href=\"http:\/\/semndecarte.metarsis.ro\/wp-content\/uploads\/2013\/01\/Unirea-lui-Cuza.jpg\" rel=\"lightbox[7481]\"><img loading=\"lazy\" class=\"alignleft size-full wp-image-7483\" title=\"Unirea-lui-Cuza\" src=\"http:\/\/semndecarte.metarsis.ro\/wp-content\/uploads\/2013\/01\/Unirea-lui-Cuza.jpg\" alt=\"\" width=\"520\" height=\"279\" srcset=\"https:\/\/semndecarte.metarsis.ro\/wp-content\/uploads\/2013\/01\/Unirea-lui-Cuza.jpg 520w, https:\/\/semndecarte.metarsis.ro\/wp-content\/uploads\/2013\/01\/Unirea-lui-Cuza-160x85.jpg 160w, https:\/\/semndecarte.metarsis.ro\/wp-content\/uploads\/2013\/01\/Unirea-lui-Cuza-163x87.jpg 163w\" sizes=\"(max-width: 520px) 100vw, 520px\" \/><\/a>Joi, 24 ianuarie 2013, elevii clasei a II-a B de la \u0218coala Gimnazial\u0103 Nr. 2 Re\u0219i\u021ba, al\u0103turi de \u00eenv\u0103\u021b\u0103toarea lor, OZANA DR\u0102GIL\u0102, au pus \u201dsemn de carte\u201d la Povestirile lui Ion Creang\u0103, citind despre p\u0103\u021bania lui Mo\u0219 Ion Roat\u0103 (\u201dMo\u0219 Ion Roat\u0103 \u0219i Cuza \u2013 Vod\u0103\u201d).<!--more--> \u00centr-o atmosfer\u0103 de basm, \u00eenconjura\u021bi de c\u0103r\u021bi de fel de fel, elevii \u0219i-au l\u0103rgit orizontul cunoa\u0219terii prin vizionarea materialului \u201dA\u0219a a fost la unire\u201d, au avut schimburi de opinii cu privire la momentul unirii \u0219i au reprezentat unirea cea mic\u0103 prin desenele expuse \u00eentr-o expozi\u021bie intitulat\u0103 \u201dUnirea \u00een ochi de copil\u201d.<\/p>\n<p align=\"left\">Pe tot parcursul activit\u0103\u021bii intitulate \u201dG\u00e2nduri la s\u0103rb\u0103toarea unirii\u201d \u2013 activitate derulat\u0103 \u00een cadrul proiectului\u00a0 \u201dC\u0103l\u0103tori prin istorie\u201d, derulat\u00a0 \u00een parteneriat cu \u0218coala Gimnazial\u0103 Dognecea \u2013 elevii implica\u021bi \u00een proiect au fost receptivi la schimb\u0103rile petrecute \u00een urma acestui eveniment \u0219i au manifestat interes pentru toate activit\u0103\u021bile propuse.<\/p>\n<p align=\"left\"><a href=\"http:\/\/semndecarte.metarsis.ro\/wp-content\/uploads\/2013\/01\/24.jpg\" rel=\"lightbox[7481]\"><img loading=\"lazy\" class=\"alignleft size-thumbnail wp-image-7485\" title=\"Elevii clasei a II-a B de la \u0218coala Gimnazial\u0103 Nr. 2 Re\u0219i\u021ba, al\u0103turi de \u00eenv\u0103\u021b\u0103toarea lor, OZANA DR\u0102GIL\u0102, au pus \u201dsemn de carte\u201d la Povestirile lui Ion Creang\u0103, citind despre p\u0103\u021bania lui Mo\u0219 Ion Roat\u0103 (\u201dMo\u0219 Ion Roat\u0103 \u0219i Cuza \u2013 Vod\u0103\u201d)\" src=\"http:\/\/semndecarte.metarsis.ro\/wp-content\/uploads\/2013\/01\/24-95x95.jpg\" alt=\"\" width=\"95\" height=\"95\" \/><\/a><a href=\"http:\/\/semndecarte.metarsis.ro\/wp-content\/uploads\/2013\/01\/43.jpg\" rel=\"lightbox[7481]\"><img loading=\"lazy\" class=\"alignleft size-thumbnail wp-image-7487\" title=\"Elevii clasei a II-a B de la \u0218coala Gimnazial\u0103 Nr. 2 Re\u0219i\u021ba, al\u0103turi de \u00eenv\u0103\u021b\u0103toarea lor, OZANA DR\u0102GIL\u0102, au pus \u201dsemn de carte\u201d la Povestirile lui Ion Creang\u0103, citind despre p\u0103\u021bania lui Mo\u0219 Ion Roat\u0103 (\u201dMo\u0219 Ion Roat\u0103 \u0219i Cuza \u2013 Vod\u0103\u201d)\" src=\"http:\/\/semndecarte.metarsis.ro\/wp-content\/uploads\/2013\/01\/43-95x95.jpg\" alt=\"\" width=\"95\" height=\"95\" \/><\/a><a href=\"http:\/\/semndecarte.metarsis.ro\/wp-content\/uploads\/2013\/01\/34.jpg\" rel=\"lightbox[7481]\"><img loading=\"lazy\" class=\"alignleft size-thumbnail wp-image-7486\" title=\"Elevii clasei a II-a B de la \u0218coala Gimnazial\u0103 Nr. 2 Re\u0219i\u021ba, al\u0103turi de \u00eenv\u0103\u021b\u0103toarea lor, OZANA DR\u0102GIL\u0102, au pus \u201dsemn de carte\u201d la Povestirile lui Ion Creang\u0103, citind despre p\u0103\u021bania lui Mo\u0219 Ion Roat\u0103 (\u201dMo\u0219 Ion Roat\u0103 \u0219i Cuza \u2013 Vod\u0103\u201d)\" src=\"http:\/\/semndecarte.metarsis.ro\/wp-content\/uploads\/2013\/01\/34-95x95.jpg\" alt=\"\" width=\"95\" height=\"95\" \/><\/a><a href=\"http:\/\/semndecarte.metarsis.ro\/wp-content\/uploads\/2013\/01\/19.jpg\" rel=\"lightbox[7481]\"><img loading=\"lazy\" class=\"alignleft size-thumbnail wp-image-7484\" title=\"Hora Unirii\" src=\"http:\/\/semndecarte.metarsis.ro\/wp-content\/uploads\/2013\/01\/19-95x95.jpg\" alt=\"\" width=\"95\" height=\"95\" \/><\/a><a href=\"http:\/\/semndecarte.metarsis.ro\/wp-content\/uploads\/2013\/01\/54.jpg\" rel=\"lightbox[7481]\"><img loading=\"lazy\" class=\"alignleft size-thumbnail wp-image-7488\" title=\"Elevii clasei a II-a B de la \u0218coala Gimnazial\u0103 Nr. 2 Re\u0219i\u021ba, al\u0103turi de \u00eenv\u0103\u021b\u0103toarea lor, Ozana Dr\u0103gil\u0103 \u0219i prof. Adriana Ponoran\" src=\"http:\/\/semndecarte.metarsis.ro\/wp-content\/uploads\/2013\/01\/54-95x95.jpg\" alt=\"\" width=\"95\" height=\"95\" \/><\/a><\/p>\n","protected":false},"excerpt":{"rendered":"<p>Joi, 24 ianuarie 2013, elevii clasei a II-a B de la \u0218coala Gimnazial\u0103 Nr. 2 Re\u0219i\u021ba, al\u0103turi de \u00eenv\u0103\u021b\u0103toarea lor, OZANA DR\u0102GIL\u0102, au pus \u201dsemn de carte\u201d la Povestirile lui Ion Creang\u0103, citind despre p\u0103\u021bania lui Mo\u0219 Ion Roat\u0103 (\u201dMo\u0219 Ion Roat\u0103 \u0219i Cuza \u2013 Vod\u0103\u201d).<\/p>\n","protected":false},"author":1,"featured_media":0,"comment_status":"open","ping_status":"open","sticky":false,"template":"","format":"standard","meta":[],"categories":[7],"tags":[375],"_links":{"self":[{"href":"https:\/\/semndecarte.metarsis.ro\/index.php?rest_route=\/wp\/v2\/posts\/7481"}],"collection":[{"href":"https:\/\/semndecarte.metarsis.ro\/index.php?rest_route=\/wp\/v2\/posts"}],"about":[{"href":"https:\/\/semndecarte.metarsis.ro\/index.php?rest_route=\/wp\/v2\/types\/post"}],"author":[{"embeddable":true,"href":"https:\/\/semndecarte.metarsis.ro\/index.php?rest_route=\/wp\/v2\/users\/1"}],"replies":[{"embeddable":true,"href":"https:\/\/semndecarte.metarsis.ro\/index.php?rest_route=%2Fwp%2Fv2%2Fcomments&post=7481"}],"version-history":[{"count":0,"href":"https:\/\/semndecarte.metarsis.ro\/index.php?rest_route=\/wp\/v2\/posts\/7481\/revisions"}],"wp:attachment":[{"href":"https:\/\/semndecarte.metarsis.ro\/index.php?rest_route=%2Fwp%2Fv2%2Fmedia&parent=7481"}],"wp:term":[{"taxonomy":"category","embeddable":true,"href":"https:\/\/semndecarte.metarsis.ro\/index.php?rest_route=%2Fwp%2Fv2%2Fcategories&post=7481"},{"taxonomy":"post_tag","embeddable":true,"href":"https:\/\/semndecarte.metarsis.ro\/index.php?rest_route=%2Fwp%2Fv2%2Ftags&post=7481"}],"curies":[{"name":"wp","href":"https:\/\/api.w.org\/{rel}","templated":true}]}}